{"id":15268,"date":"2024-02-11T11:37:38","date_gmt":"2024-02-11T14:37:38","guid":{"rendered":"https:\/\/grandepremio.com\/es\/2024\/02\/11\/haas-primera-prueba-silverstone-vf24-temporada-2024-formula-1\/"},"modified":"2024-02-11T11:47:58","modified_gmt":"2024-02-11T14:47:58","slug":"haas-primera-prueba-silverstone-vf24-temporada-2024-formula-1","status":"publish","type":"post","link":"https:\/\/grandepremio.com\/es\/f1\/haas-primera-prueba-silverstone-vf24-temporada-2024-formula-1\/","title":{"rendered":"Haas sale a la pista de Silverstone con H\u00fclkenberg en el shakedown del VF-24"},"content":{"rendered":"\n<p class=\"wp-block-paragraph\"><strong>Haas <\/strong>public\u00f3 el domingo el primer v\u00eddeo del <strong>VF-24<\/strong> saliendo a pista durante la semana, en un shakedown que el equipo hizo en el circuito de <strong>Silverstone<\/strong>, en Inglaterra. Calzando neum\u00e1ticos azules aptos para lluvia intensa, el coche de la escuder\u00eda americana dio sus primeras vueltas en manos del alem\u00e1n <strong>Nico H\u00fclkenberg.<\/strong><\/p>\n\n\n\n<p class=\"wp-block-paragraph\">El shakedown forma parte de una serie de pruebas que los equipos de <strong>F\u00f3rmula 1<\/strong> realizan antes de la pretemporada de la categor\u00eda, prevista entre el 21 y el 23 de febrero en <strong>Bahr\u00e9in<\/strong>.<\/p>\n\n\n\n<p class=\"wp-block-paragraph\">\ud83d\udfe5&nbsp;<strong><em>\u00a1Todas las novedades te esperan en el canal de&nbsp;<a href=\"https:\/\/www.youtube.com\/@GrandePremioES\" target=\"_blank\" rel=\"noreferrer noopener\">YouTube<\/a>&nbsp;de Grande Pr\u00eamio en Espa\u00f1ol!<\/em><\/strong>&nbsp;\ud83d\udfe8<\/p>\n\n\n\n<p class=\"wp-block-paragraph\">En 2024, Haas volver\u00e1 a contar con H\u00fclkenberg y<strong> Kevin Magnussen<\/strong> como pareja titular, al igual que el a\u00f1o pasado. El objetivo del equipo es sacar al VF-24 de la parte baja de la tabla, despu\u00e9s de todo, la escuder\u00eda estadounidense termin\u00f3 \u00faltima en el Campeonato del Mundo de Constructores de 2023.<\/p>\n\n\n\n<p class=\"wp-block-paragraph\">Para ello, <a href=\"https:\/\/grandepremio.com\/es\/f1\/haas-cambia-de-rumbo-y-desvincula-a-steiner-como-jefe-tras-ocho-temporadas-en-f1\/\">el equipo de Gene Haas incluso despidi\u00f3 a su jefe Guenther Steiner despu\u00e9s de ocho temporadas<\/a>, iniciando un nuevo cap\u00edtulo con <strong>Ayao Komatsu<\/strong> al frente. H\u00fclkenberg sum\u00f3 nueve puntos en 2023, lo que le dej\u00f3 en 16\u00aa posici\u00f3n. Magnussen, por su parte, fue 19\u00ba con tres puntos.<\/p>\n\n\n\n<p class=\"wp-block-paragraph\">\u23e9\u00a0<strong><em>\u00a1Seguinos en redes por\u00a0<a href=\"https:\/\/twitter.com\/grandepremioES\" target=\"_blank\" rel=\"noreferrer noopener\">Twitter\u00a0<\/a>e\u00a0<a href=\"https:\/\/www.instagram.com\/grandepremioes\/\" target=\"_blank\" rel=\"noreferrer noopener\">Instagram!<\/a><\/em><\/strong><br><strong>\u23e9<\/strong>\u00a0<strong><em>Adem\u00e1s, tenemos nuestro\u00a0<a href=\"https:\/\/whatsapp.com\/channel\/0029VaDZ5zb0gcfDxuwxBM05\" target=\"_blank\" rel=\"noreferrer noopener\">canal de Whatsapp<\/a>\u00a0con toda la informaci\u00f3n al instante<\/em><\/strong>\u00a0\ud83c\udfc1<\/p>\n\n\n\n<figure class=\"wp-block-video\"><video class=\"video-js vjs-big-play-centered\" data-gp-vjs=\"1\" controls src=\"https:\/\/grandepremio.com\/es\/wp-content\/uploads\/2024\/02\/haas-shakedown-f1-2024-1.mp4\"><\/video><figcaption class=\"wp-element-caption\">Haas puso en pista por primera vez al VF-24 en Silverstone (Video: Haas F1 Team)<\/figcaption><\/figure>\n\n\n\n<p class=\"wp-block-paragraph\">La<strong> F\u00f3rmula 1<\/strong> vuelve a la pista entre el 21 y el 23 de febrero con las pruebas colectivas de pretemporada en <strong>Bahr\u00e9in<\/strong>, en el circuito de <strong>Sakhir<\/strong>. El campeonato arranca el 2 de marzo en el <strong>Gran Premio de Bahr\u00e9in<\/strong>.<\/p>\n","protected":false},"excerpt":{"rendered":"<p>Haas realiz\u00f3 los primeros ensayos del VF-24 en Silverstone durante la semana, con Nico H\u00fclkenberg al volante y calzando neum\u00e1ticos de lluvia extrema<\/p>\n","protected":false},"author":0,"featured_media":1010230940,"comment_status":"closed","ping_status":"closed","sticky":false,"template":"","format":"standard","meta":{"42wp_featured_image_caption":"","42wp_featured_image_credits":"","42wp_featured_video":"","42wp_featured_image_hidden":false,"42wp_authors_list":[],"footnotes":""},"categories":[5],"tags":[181,2249,179,2259,1488,414,430,8588],"42wp_author":[14239],"class_list":["post-15268","post","type-post","status-publish","format-standard","has-post-thumbnail","hentry","category-f1","tag-f1","tag-f1-2024","tag-formula-1","tag-formula-1-2024","tag-grande-premio","tag-haas","tag-kevin-magnussen","tag-nico-hlkenberg","42wp_author-jp-otrosky"],"_links":{"self":[{"href":"https:\/\/grandepremio.com\/es\/wp-json\/wp\/v2\/posts\/15268","targetHints":{"allow":["GET"]}}],"collection":[{"href":"https:\/\/grandepremio.com\/es\/wp-json\/wp\/v2\/posts"}],"about":[{"href":"https:\/\/grandepremio.com\/es\/wp-json\/wp\/v2\/types\/post"}],"replies":[{"embeddable":true,"href":"https:\/\/grandepremio.com\/es\/wp-json\/wp\/v2\/comments?post=15268"}],"version-history":[{"count":0,"href":"https:\/\/grandepremio.com\/es\/wp-json\/wp\/v2\/posts\/15268\/revisions"}],"wp:featuredmedia":[{"embeddable":true,"href":"https:\/\/grandepremio.com\/es\/wp-json\/wp\/v2\/media\/1010230940"}],"wp:attachment":[{"href":"https:\/\/grandepremio.com\/es\/wp-json\/wp\/v2\/media?parent=15268"}],"wp:term":[{"taxonomy":"category","embeddable":true,"href":"https:\/\/grandepremio.com\/es\/wp-json\/wp\/v2\/categories?post=15268"},{"taxonomy":"post_tag","embeddable":true,"href":"https:\/\/grandepremio.com\/es\/wp-json\/wp\/v2\/tags?post=15268"},{"taxonomy":"42wp_author","embeddable":true,"href":"https:\/\/grandepremio.com\/es\/wp-json\/wp\/v2\/42wp_author?post=15268"}],"curies":[{"name":"wp","href":"https:\/\/api.w.org\/{rel}","templated":true}]}}