{"id":15276,"date":"2024-02-10T12:13:34","date_gmt":"2024-02-10T15:13:34","guid":{"rendered":"https:\/\/grandepremio.com\/es\/2024\/02\/10\/francesco-bagnaia-expectativa-comienzo-temporada-2024-motogp\/"},"modified":"2024-02-10T12:14:26","modified_gmt":"2024-02-10T15:14:26","slug":"francesco-bagnaia-expectativa-comienzo-temporada-2024-motogp","status":"publish","type":"post","link":"https:\/\/grandepremio.com\/es\/motogp\/francesco-bagnaia-expectativa-comienzo-temporada-2024-motogp\/","title":{"rendered":"Bagnaia espera &#8220;un inicio de MotoGP m\u00e1s competitivo que en los \u00faltimos a\u00f1os&#8221;"},"content":{"rendered":"\n<p class=\"wp-block-paragraph\"><strong>Francesco Bagnaia<\/strong> ya ha elaborado una lista de rivales para la temporada 2024 de <strong>MotoGP<\/strong>. Aunque entiende que es pronto para dar nombres de favoritos, el n\u00famero 1 ha elogiado la competitividad de <strong>Enea Bastianini, Jorge Mart\u00edn<\/strong> y <strong>\u00c1lex M\u00e1rquez<\/strong>, pero tambi\u00e9n ha advertido del rendimiento de <strong>KTM <\/strong>y <strong>Aprilia<\/strong>.<\/p>\n\n\n\n<p class=\"wp-block-paragraph\">Bagnaia cerr\u00f3 el test de MotoGP en Malasia en cabeza con un quad <strong>Ducati<\/strong>. El italiano de Torino marc\u00f3 un registro de 1min56s682 y aventaj\u00f3 en 0s172 a Mart\u00edn. A 0s061, Bastianini ha sido tercero, con <strong>\u00c1lex M\u00e1rquez <\/strong>completando un top-4 cubierto por 0s256.<\/p>\n\n\n\n<p class=\"wp-block-paragraph\">&#8220;Es dif\u00edcil juzgar durante los entrenamientos, pero en general creo que Bastianini, Jorge y M\u00e1rquez han sido muy competitivos&#8221;, ha dicho Bagnaia. &#8220;<strong>KTM <\/strong>y <strong>Aprilia <\/strong>tampoco estuvieron mal&#8221;, a\u00f1adi\u00f3.<\/p>\n\n\n\n<p class=\"wp-block-paragraph\">\ud83d\udfe5&nbsp;<strong><em>\u00a1Todas las novedades te esperan en el canal de&nbsp;<a href=\"https:\/\/www.youtube.com\/@GrandePremioES\" target=\"_blank\" rel=\"noreferrer noopener\">YouTube<\/a>&nbsp;de Grande Pr\u00eamio en Espa\u00f1ol!<\/em><\/strong>&nbsp;\ud83d\udfe8<\/p>\n\n\n\n<p class=\"wp-block-paragraph\">&#8220;Creo que el inicio del campeonato ser\u00e1 m\u00e1s competitivo que en los \u00faltimos a\u00f1os&#8221;, pronostic\u00f3.<\/p>\n\n\n\n<p class=\"wp-block-paragraph\">Pecco tambi\u00e9n ha destacado la actuaci\u00f3n de <strong>Marc M\u00e1rquez<\/strong>. El espa\u00f1ol termin\u00f3 el test de Sepang con el sexto mejor tiempo, a 0s588 del #1.<\/p>\n\n\n\n<p class=\"wp-block-paragraph\">&#8220;Marc tambi\u00e9n ha mejorado mucho en estos tres d\u00edas. Antes s\u00f3lo era r\u00e1pido, hoy ha demostrado que es competitivo. Tiene ocho t\u00edtulos a sus espaldas y sabe adaptarse&#8221;, dijo.<\/p>\n\n\n\n<p class=\"wp-block-paragraph\">El piloto de Ducati tambi\u00e9n destac\u00f3 el debut de <strong>Pedro Acosta<\/strong>, que marc\u00f3 el noveno mejor tiempo, 0s683 m\u00e1s lento que el l\u00edder.<\/p>\n\n\n\n<p class=\"wp-block-paragraph\">\u23e9&nbsp;<strong><em>\u00a1Seguinos en redes por&nbsp;<a href=\"https:\/\/twitter.com\/grandepremioES\" target=\"_blank\" rel=\"noreferrer noopener\">Twitter&nbsp;<\/a>e&nbsp;<a href=\"https:\/\/www.instagram.com\/grandepremioes\/\" target=\"_blank\" rel=\"noreferrer noopener\">Instagram!<\/a><\/em><\/strong><br><strong>\u23e9<\/strong>&nbsp;<strong><em>Adem\u00e1s, tenemos nuestro&nbsp;<a href=\"https:\/\/whatsapp.com\/channel\/0029VaDZ5zb0gcfDxuwxBM05\" target=\"_blank\" rel=\"noreferrer noopener\">canal de Whatsapp<\/a>&nbsp;con toda la informaci\u00f3n al instante<\/em><\/strong>&nbsp;\ud83c\udfc1<\/p>\n\n\n\n<figure class=\"wp-block-image size-full\"><img decoding=\"async\" src=\"https:\/\/grandepremio.com\/es\/wp-content\/uploads\/2024\/02\/MotoGP-2024-Malasia-Sepang-Teste-Ducati-Francesco-Bagnaia-1024x682-1.jpg\" alt=\"\" class=\"wp-image-230910\"\/><figcaption class=\"wp-element-caption\">Francesco Bagnaia nombr\u00f3 a sus rivales m\u00e1s fuertes en el test de Sepang (Foto: Ducati)<\/figcaption><\/figure>\n\n\n\n<p class=\"wp-block-paragraph\">&#8220;\u00bfAcosta? Est\u00e1 progresando muy bien y su equipo tambi\u00e9n. Est\u00e1 entre los seis o siete primeros&#8221;, pronostic\u00f3.<\/p>\n\n\n\n<p class=\"wp-block-paragraph\">Por \u00faltimo, Francesco dej\u00f3 claro que no le preocupa la presi\u00f3n de defender una vez m\u00e1s el t\u00edtulo de MotoGP.<\/p>\n\n\n\n<p class=\"wp-block-paragraph\">&#8220;El objetivo es siempre el mismo: ganar el Mundial y prepararnos de la mejor manera posible para conseguirlo. La presi\u00f3n no me preocupa. De hecho, es un est\u00edmulo&#8221;, concluy\u00f3.<\/p>\n\n\n\n<p class=\"wp-block-paragraph\">El MotoGP reanudar\u00e1 sus actividades los d\u00edas 19 y 20 de febrero en&nbsp;<strong>Lusail (Qatar)<\/strong>&nbsp;para concluir la pretemporada. GRANDE PR\u00caMIO har\u00e1 una cobertura completa del evento.<\/p>\n","protected":false},"excerpt":{"rendered":"<p>Francesco Bagnaia ha destacado la competitividad de Enea Bastianini, Jorge Mart\u00edn y \u00c1lex M\u00e1rquez en los test de pretemporada, pero tambi\u00e9n ha se\u00f1alado la fortaleza de KTM y Aprilia. El vigente campe\u00f3n tambi\u00e9n espera ver a un Marc M\u00e1rquez fuerte y elogi\u00f3 a Pedro Acosta<\/p>\n","protected":false},"author":0,"featured_media":1010228329,"comment_status":"closed","ping_status":"closed","sticky":false,"template":"","format":"standard","meta":{"42wp_featured_image_caption":"","42wp_featured_image_credits":"","42wp_featured_video":"","42wp_featured_image_hidden":false,"42wp_authors_list":[],"footnotes":""},"categories":[8],"tags":[1340,1376,1488,1293,2254,9685],"42wp_author":[14239],"class_list":["post-15276","post","type-post","status-publish","format-standard","has-post-thumbnail","hentry","category-motogp","tag-ducati","tag-francesco-bagnaia","tag-grande-premio","tag-motogp","tag-motogp-2024","tag-temporada-2024-motogp","42wp_author-jp-otrosky"],"_links":{"self":[{"href":"https:\/\/grandepremio.com\/es\/wp-json\/wp\/v2\/posts\/15276","targetHints":{"allow":["GET"]}}],"collection":[{"href":"https:\/\/grandepremio.com\/es\/wp-json\/wp\/v2\/posts"}],"about":[{"href":"https:\/\/grandepremio.com\/es\/wp-json\/wp\/v2\/types\/post"}],"replies":[{"embeddable":true,"href":"https:\/\/grandepremio.com\/es\/wp-json\/wp\/v2\/comments?post=15276"}],"version-history":[{"count":0,"href":"https:\/\/grandepremio.com\/es\/wp-json\/wp\/v2\/posts\/15276\/revisions"}],"wp:featuredmedia":[{"embeddable":true,"href":"https:\/\/grandepremio.com\/es\/wp-json\/wp\/v2\/media\/1010228329"}],"wp:attachment":[{"href":"https:\/\/grandepremio.com\/es\/wp-json\/wp\/v2\/media?parent=15276"}],"wp:term":[{"taxonomy":"category","embeddable":true,"href":"https:\/\/grandepremio.com\/es\/wp-json\/wp\/v2\/categories?post=15276"},{"taxonomy":"post_tag","embeddable":true,"href":"https:\/\/grandepremio.com\/es\/wp-json\/wp\/v2\/tags?post=15276"},{"taxonomy":"42wp_author","embeddable":true,"href":"https:\/\/grandepremio.com\/es\/wp-json\/wp\/v2\/42wp_author?post=15276"}],"curies":[{"name":"wp","href":"https:\/\/api.w.org\/{rel}","templated":true}]}}