{"id":15286,"date":"2024-02-09T09:20:46","date_gmt":"2024-02-09T12:20:46","guid":{"rendered":"https:\/\/grandepremio.com\/es\/2024\/02\/09\/marco-bezzecchi-ducati-vr46-test-pretemporada-motogp-2024\/"},"modified":"2024-02-09T09:20:53","modified_gmt":"2024-02-09T12:20:53","slug":"marco-bezzecchi-ducati-vr46-test-pretemporada-motogp-2024","status":"publish","type":"post","link":"https:\/\/grandepremio.com\/es\/motogp\/marco-bezzecchi-ducati-vr46-test-pretemporada-motogp-2024\/","title":{"rendered":"Bezzecchi se queja de la anticuada moto de Ducati tras el primer test: &#8220;He sufrido un poco&#8221;"},"content":{"rendered":"\n<p class=\"wp-block-paragraph\"><strong>MotoGP<\/strong> ha completado los tres primeros d\u00edas de pretemporada en <strong>Sepang, Malasia<\/strong>, y ahora se dirige a dos actividades m\u00e1s en <strong>Qatar<\/strong>. Para <strong>Marco Bezzecchi<\/strong>, la <strong>VR46 <\/strong>necesitar\u00e1 importantes mejoras a lo largo del campeonato si quiere luchar por buenos resultados tras acabar en 17\u00aa posici\u00f3n.<\/p>\n\n\n\n<p class=\"wp-block-paragraph\">En 2023, con una moto desfasada, Bezzecchi gan\u00f3 en tres ocasiones (<strong>Argentina, Francia<\/strong> e <strong>India<\/strong>), adem\u00e1s de hacerse con la victoria en el sprint de <strong>Pa\u00edses Bajos.<\/strong> Ahora, el italiano pilota una <strong>Ducati <\/strong>desactualizada, pero la misma con la que gan\u00f3 el campeonato con solvencia el a\u00f1o pasado. A pesar de ello, no estaba contento con su rendimiento inicial en los tests.<\/p>\n\n\n\n<p class=\"wp-block-paragraph\">\ud83d\udfe5\u00a0<strong><em>\u00a1Todas las novedades te esperan en el canal de\u00a0<a href=\"https:\/\/www.youtube.com\/@GrandePremioES\" target=\"_blank\" rel=\"noreferrer noopener\">YouTube<\/a>\u00a0de Grande Pr\u00eamio en Espa\u00f1ol!<\/em><\/strong>\u00a0\ud83d\udfe8<\/p>\n\n\n\n<p class=\"wp-block-paragraph\">&#8220;De momento no estoy satisfecho. Al principio me sent\u00ed bien, pero luego sufr\u00ed un poco y me perd\u00ed en muchas cosas. Decidimos volver a cero, pero sigo sin sentirme bien. La moto tiene un motor diferente y una forma distinta de frenar. He sufrido un poco en comparaci\u00f3n con el equipo anterior&#8221;, dijo el italiano.<\/p>\n\n\n\n<p class=\"wp-block-paragraph\">&#8220;El motor funciona de una manera diferente y estoy sufriendo al entrar y salir de las curvas, as\u00ed que necesitamos una manera de evolucionar. Pero s\u00f3lo es el primer test&#8221;, a\u00f1adi\u00f3.<\/p>\n\n\n\n<p class=\"wp-block-paragraph\">\u23e9\u00a0<strong><em>\u00a1Seguinos en redes por\u00a0<a href=\"https:\/\/twitter.com\/grandepremioES\" target=\"_blank\" rel=\"noreferrer noopener\">Twitter\u00a0<\/a>e\u00a0<a href=\"https:\/\/www.instagram.com\/grandepremioes\/\" target=\"_blank\" rel=\"noreferrer noopener\">Instagram!<\/a><\/em><\/strong><br><strong>\u23e9<\/strong>\u00a0<strong><em>Adem\u00e1s, tenemos nuestro\u00a0<a href=\"https:\/\/whatsapp.com\/channel\/0029VaDZ5zb0gcfDxuwxBM05\" target=\"_blank\" rel=\"noreferrer noopener\">canal de Whatsapp<\/a>\u00a0con toda la informaci\u00f3n al instante<\/em><\/strong>\u00a0\ud83c\udfc1<\/p>\n\n\n\n<figure class=\"wp-block-image size-full\"><img decoding=\"async\" src=\"https:\/\/grandepremio.com\/es\/wp-content\/uploads\/2024\/02\/53513447767_c13bd20f4b_k-1024x682-1.jpg\" alt=\"\" class=\"wp-image-230867\"\/><figcaption class=\"wp-element-caption\">Marco Bezzecchi durante los primeros test de 2024 en Malasia (Foto: VR46)<\/figcaption><\/figure>\n\n\n\n<p class=\"wp-block-paragraph\">En 2024, Marco Bezzecchi continuar\u00e1 una temporada m\u00e1s con VR46, el equipo sat\u00e9lite de <strong>Ducati<\/strong>, donde corri\u00f3 el a\u00f1o pasado y termin\u00f3 tercero en el campeonato. Este a\u00f1o, sin embargo, le acompa\u00f1ar\u00e1 por primera vez <strong>Fabio Di Giannantonio.<\/strong><\/p>\n\n\n\n<p class=\"wp-block-paragraph\">MotoGP reanuda sus actividades los d\u00edas 19 y 20 de febrero en <strong>Lusail (Qatar)<\/strong>, para completar la pretemporada. GRANDE PR\u00caMIO har\u00e1 la cobertura completa del evento. <\/p>\n","protected":false},"excerpt":{"rendered":"<p>Marco Bezzecchi correr\u00e1 este a\u00f1o con una moto Ducati 2023, pero no qued\u00f3 contento con su rendimiento durante los entrenamientos en Malasia, en los que qued\u00f3 lejos de las primeras posiciones<\/p>\n","protected":false},"author":0,"featured_media":1010230869,"comment_status":"closed","ping_status":"closed","sticky":false,"template":"","format":"standard","meta":{"42wp_featured_image_caption":"","42wp_featured_image_credits":"","42wp_featured_video":"","42wp_featured_image_hidden":false,"42wp_authors_list":[],"footnotes":""},"categories":[8],"tags":[1340,1488,1615,1293,2254,9685,1296],"42wp_author":[14239],"class_list":["post-15286","post","type-post","status-publish","format-standard","has-post-thumbnail","hentry","category-motogp","tag-ducati","tag-grande-premio","tag-marco-bezzecchi","tag-motogp","tag-motogp-2024","tag-temporada-2024-motogp","tag-vr46","42wp_author-jp-otrosky"],"_links":{"self":[{"href":"https:\/\/grandepremio.com\/es\/wp-json\/wp\/v2\/posts\/15286","targetHints":{"allow":["GET"]}}],"collection":[{"href":"https:\/\/grandepremio.com\/es\/wp-json\/wp\/v2\/posts"}],"about":[{"href":"https:\/\/grandepremio.com\/es\/wp-json\/wp\/v2\/types\/post"}],"replies":[{"embeddable":true,"href":"https:\/\/grandepremio.com\/es\/wp-json\/wp\/v2\/comments?post=15286"}],"version-history":[{"count":0,"href":"https:\/\/grandepremio.com\/es\/wp-json\/wp\/v2\/posts\/15286\/revisions"}],"wp:featuredmedia":[{"embeddable":true,"href":"https:\/\/grandepremio.com\/es\/wp-json\/wp\/v2\/media\/1010230869"}],"wp:attachment":[{"href":"https:\/\/grandepremio.com\/es\/wp-json\/wp\/v2\/media?parent=15286"}],"wp:term":[{"taxonomy":"category","embeddable":true,"href":"https:\/\/grandepremio.com\/es\/wp-json\/wp\/v2\/categories?post=15286"},{"taxonomy":"post_tag","embeddable":true,"href":"https:\/\/grandepremio.com\/es\/wp-json\/wp\/v2\/tags?post=15286"},{"taxonomy":"42wp_author","embeddable":true,"href":"https:\/\/grandepremio.com\/es\/wp-json\/wp\/v2\/42wp_author?post=15286"}],"curies":[{"name":"wp","href":"https:\/\/api.w.org\/{rel}","templated":true}]}}