{"id":15370,"date":"2024-01-31T13:27:32","date_gmt":"2024-01-31T16:27:32","guid":{"rendered":"https:\/\/grandepremio.com\/es\/2024\/01\/31\/formula-1-rechaza-el-ingreso-de-andretti-a-la-categoria-para-2026\/"},"modified":"2024-01-31T13:27:42","modified_gmt":"2024-01-31T16:27:42","slug":"formula-1-rechaza-el-ingreso-de-andretti-a-la-categoria-para-2026","status":"publish","type":"post","link":"https:\/\/grandepremio.com\/es\/f1\/formula-1-rechaza-el-ingreso-de-andretti-a-la-categoria-para-2026\/","title":{"rendered":"F\u00f3rmula  1 rechaza el ingreso de Andretti a la categor\u00eda para 2026"},"content":{"rendered":"\n<p class=\"wp-block-paragraph\"><strong>Andretti <\/strong>no formar\u00e1 parte de la <strong>F\u00f3rmula 1<\/strong> en las temporadas 2025, 2026 o 2027. La definici\u00f3n del proceso de evaluaci\u00f3n realizado por <strong>Liberty Media<\/strong>, titular de los derechos comerciales de la categor\u00eda, fue divulgado en la tarde del mi\u00e9rcoles. El resultado es una puerta cerrada frente a la empresa <strong>Michael Andretti<\/strong> al menos hasta 2028.<\/p>\n\n\n\n<p class=\"wp-block-paragraph\"><strong><em>\u00a1Seguinos en redes por&nbsp;<a href=\"https:\/\/twitter.com\/grandepremioES\" target=\"_blank\" rel=\"noreferrer noopener\">Twitter&nbsp;<\/a>e&nbsp;<a href=\"https:\/\/www.instagram.com\/grandepremioes\/\" target=\"_blank\" rel=\"noreferrer noopener\">Instagram!<\/a><\/em><\/strong><br><strong><em>Adem\u00e1s, tenemos nuestro&nbsp;<a href=\"https:\/\/whatsapp.com\/channel\/0029VaDZ5zb0gcfDxuwxBM05\" target=\"_blank\" rel=\"noreferrer noopener\">canal de Whatsapp<\/a>&nbsp;con toda la informaci\u00f3n al instante<\/em><\/strong><\/p>\n\n\n\n<p class=\"wp-block-paragraph\">Sin m\u00e1s advertencia de que el anuncio era inminente, la F\u00f3rmula 1 lanz\u00f3 la explicaci\u00f3n con pros y contras y las razones para rechazar a <strong>Andretti<\/strong>. Pero lo principal est\u00e1 en la evaluaci\u00f3n de que el equipo no aportar\u00e1 m\u00e1s valor a la categor\u00eda hasta 2027. A partir de 2028, si es que <strong>GM<\/strong>, por medio de <strong>Cadillac<\/strong>, da cumplimiento a la promesa de fabricar un motor propio, la situaci\u00f3n cambia. Hace meses, Cadillac dijo que ser\u00e1 un fabricante de motores a partir de 2028, pero s\u00f3lo para trabajar junto a Andretti.<\/p>\n\n\n\n<p class=\"wp-block-paragraph\">\u201cNo creemos que la propuesta haya demostrado que agregar\u00eda valor al campeonato\u201d, afirm\u00f3 <strong>Liberty Media<\/strong>.<\/p>\n\n\n\n<p class=\"wp-block-paragraph\">&#8220;Mirar\u00edamos de manera diferente un intento de entrar al Mundial en 2028, con una unidad de potencia de <strong>GM<\/strong>, ya sea como un equipo de f\u00e1brica o cliente&#8221;, sentenci\u00f3 el comunicado.<\/p>\n\n\n\n<figure class=\"wp-block-image size-full is-resized\"><img decoding=\"async\" src=\"https:\/\/grandepremio.com\/es\/wp-content\/uploads\/2024\/01\/image-231.png\" alt=\"\" class=\"wp-image-230422\" style=\"aspect-ratio:1.8486997635933806;width:836px;height:auto\"\/><figcaption class=\"wp-element-caption\">Andretti se asoci\u00f3 con Cadillac, pero ahora dependen de la asociaci\u00f3n (Foto: Divulgaci\u00f3n)<\/figcaption><\/figure>\n\n\n\n<p class=\"wp-block-paragraph\">En respuesta, <strong>Andretti<\/strong> se asoci\u00f3 con<strong> General Motors <\/strong>para crear un nuevo equipo en la <strong>F\u00f3rmula 1<\/strong> con la marca Cadillac. Adem\u00e1s de la operaci\u00f3n comandada por el estadounidense Michael Andretti, Hitech y Carlin, ambos de F\u00f3rmula 2, tambi\u00e9n presentaron sus nombres. <\/p>\n\n\n\n<p class=\"wp-block-paragraph\">La compa\u00f1\u00eda asi\u00e1tica <strong>LKY SUNZ<\/strong>, que ha asegurado estar dispuesta a desembolsar US$ 600 millones para la vacante, tambi\u00e9n ha sido desechada. Los estadounidenses fueron los \u00fanicos aprobados.<\/p>\n\n\n\n<p class=\"wp-block-paragraph\"><strong><em>\u00a1Todas las novedades te esperan en el canal de&nbsp;<a href=\"https:\/\/www.youtube.com\/@GrandePremioES\" target=\"_blank\" rel=\"noreferrer noopener\">YouTube<\/a>&nbsp;de Grande Pr\u00eamio en Espa\u00f1ol!<\/em><\/strong><\/p>\n\n\n\n<p class=\"wp-block-paragraph\">El equipo recibir\u00eda motores de otro fabricante, pero tanto Andretti como Cadillac ofrecer\u00edan todo el soporte t\u00e9cnico. El equipo operar\u00eda en la nueva sede de <strong>Andretti Global<\/strong>, que est\u00e1 en construcci\u00f3n en la ciudad de <strong>Fishers<\/strong>, <strong>Indiana<\/strong>, en los Estados Unidos, y se espera que comience a operar en 2025. Otra sede en Europa tambi\u00e9n servir\u00eda para operaciones.<\/p>\n\n\n\n<p class=\"wp-block-paragraph\">La asociaci\u00f3n con<strong> General Motors<\/strong> represent\u00f3 la mejor oportunidad de Andretti para unirse a la F\u00f3rmula 1. El equipo, ya conocido por sus operaciones en <strong>IndyCar<\/strong>, <strong>F\u00f3rmula E<\/strong>, <strong>IMSA<\/strong> y <strong>Extreme E<\/strong>, expres\u00f3 el deseo de estar en la Copa del Mundo desde 2021. El conglomerado incluso lleg\u00f3 a un acuerdo para comprar <strong>Sauber<\/strong>, pero eso se derrumb\u00f3 en el \u00faltimo minuto.<\/p>\n\n\n\n<p class=\"wp-block-paragraph\">Sin embargo, el proceso para ingresar a la asociaci\u00f3n<strong> Andretti Cadillac<\/strong> necesitaba el apoyo de la F1 y los otros equipos de la grilla, adem\u00e1s de una tarifa de entrada de US $ 200 millones como un fondo que se dividir\u00eda entre la distribuci\u00f3n actual para compensar la divisi\u00f3n del dinero que sucede con la entrada de un nuevo equipo.<\/p>\n\n\n\n<p class=\"wp-block-paragraph\">En octubre del a\u00f1o pasado, <strong>FIA<\/strong> divulg\u00f3 una nota confirmando que aprob\u00f3 la inscripci\u00f3n de la entrada del equipo <strong>Andretti Global<\/strong> en la grilla de la <strong>F\u00f3rmula 1<\/strong> a partir de 2025. Sin embargo, el conglomerado estadounidense a\u00fan necesitaba discutir cuestiones comerciales y la aprobaci\u00f3n de la <strong>Formula One Management<\/strong> (FOM) para oficializar la entrada.<strong> Mohammed Ben Sulayem<\/strong>, presidente del \u00f3rgano regulador, era un gran defensor de la presencia de Andretti, inclusive.<\/p>\n","protected":false},"excerpt":{"rendered":"<p>La F\u00f3rmula 1 finalmente ha hablado sobre el ingreso de Andretti en la m\u00e1xima. Y fue una conclusi\u00f3n negativa para el constructor.<\/p>\n","protected":false},"author":0,"featured_media":1000773428,"comment_status":"closed","ping_status":"closed","sticky":false,"template":"","format":"standard","meta":{"42wp_featured_image_caption":"","42wp_featured_image_credits":"","42wp_featured_video":"","42wp_featured_image_hidden":false,"42wp_authors_list":[],"footnotes":""},"categories":[5],"tags":[597,181,1680,179,1488,1882],"42wp_author":[14235],"class_list":["post-15370","post","type-post","status-publish","format-standard","has-post-thumbnail","hentry","category-f1","tag-andretti","tag-f1","tag-f1-2026","tag-formula-1","tag-grande-premio","tag-formula-1-4","42wp_author-barbara-mincioni"],"_links":{"self":[{"href":"https:\/\/grandepremio.com\/es\/wp-json\/wp\/v2\/posts\/15370","targetHints":{"allow":["GET"]}}],"collection":[{"href":"https:\/\/grandepremio.com\/es\/wp-json\/wp\/v2\/posts"}],"about":[{"href":"https:\/\/grandepremio.com\/es\/wp-json\/wp\/v2\/types\/post"}],"replies":[{"embeddable":true,"href":"https:\/\/grandepremio.com\/es\/wp-json\/wp\/v2\/comments?post=15370"}],"version-history":[{"count":0,"href":"https:\/\/grandepremio.com\/es\/wp-json\/wp\/v2\/posts\/15370\/revisions"}],"wp:featuredmedia":[{"embeddable":true,"href":"https:\/\/grandepremio.com\/es\/wp-json\/wp\/v2\/media\/1000773428"}],"wp:attachment":[{"href":"https:\/\/grandepremio.com\/es\/wp-json\/wp\/v2\/media?parent=15370"}],"wp:term":[{"taxonomy":"category","embeddable":true,"href":"https:\/\/grandepremio.com\/es\/wp-json\/wp\/v2\/categories?post=15370"},{"taxonomy":"post_tag","embeddable":true,"href":"https:\/\/grandepremio.com\/es\/wp-json\/wp\/v2\/tags?post=15370"},{"taxonomy":"42wp_author","embeddable":true,"href":"https:\/\/grandepremio.com\/es\/wp-json\/wp\/v2\/42wp_author?post=15370"}],"curies":[{"name":"wp","href":"https:\/\/api.w.org\/{rel}","templated":true}]}}