{"id":15401,"date":"2024-01-28T13:44:07","date_gmt":"2024-01-28T16:44:07","guid":{"rendered":"https:\/\/grandepremio.com\/es\/2024\/01\/28\/ferrari-tests-pirelli-barcelona-formula-1\/"},"modified":"2024-01-28T14:19:11","modified_gmt":"2024-01-28T17:19:11","slug":"ferrari-tests-pirelli-barcelona-formula-1","status":"publish","type":"post","link":"https:\/\/grandepremio.com\/es\/f1\/ferrari-tests-pirelli-barcelona-formula-1\/","title":{"rendered":"Ferrari vuelve a pista para llevar a cabo tests de neum\u00e1ticos de Pirelli en Barcelona"},"content":{"rendered":"\n<p class=\"wp-block-paragraph\">Todav\u00eda faltan unas semanas para que comiencen los entrenamientos de pretemporada de <strong>F\u00f3rmula 1<\/strong> en <strong>Bahr\u00e9in,<\/strong> pero <strong>Ferrari <\/strong>ya puso manos a la obra. Y es porque este lunes la escuder\u00eda italiana viajar\u00e1 a <strong>Barcelona<\/strong>, al circuito de Catalunya, para realizar tres d\u00edas de pruebas con <strong>Pirelli.<\/strong><\/p>\n\n\n\n<p class=\"wp-block-paragraph\">Durante las sesiones, el equipo de<strong> Maranello <\/strong>contar\u00e1 con su d\u00fao titular formado por<strong> Charles Leclerc<\/strong> y <strong>Carlos Sainz<\/strong>, as\u00ed como con los reservas <strong>Oliver Bearman<\/strong> y <strong>Arthur Leclerc<\/strong>. Tambi\u00e9n se utilizar\u00e1n la <strong>F1-75<\/strong>, el monoplaza de 2022, y la <strong>SF-23<\/strong>, del a\u00f1o pasado.<\/p>\n\n\n\n<p class=\"wp-block-paragraph\">El lunes 29, Arthur debutar\u00e1 en un F\u00f3rmula 1 y conducir\u00e1 la F1-75, un modelo que, por tener m\u00e1s de dos a\u00f1os, tiene mayor flexibilidad en las pruebas y puede correr con menos restricciones. La actividad es una oportunidad para que el hermano peque\u00f1o de Charles acumule kil\u00f3metros y encuentre herramientas \u00fatiles que optimicen su trabajo en el simulador. Ese mismo d\u00eda, Charles y Carlos saldr\u00e1n a la pista con la  SF-23 para ayudar a Pirelli en su programa de desarrollo de neum\u00e1ticos.<\/p>\n\n\n\n<p class=\"wp-block-paragraph\"><strong>\u00a1Conoce el canal de Grande Pr\u00eamio en Espa\u00f1ol en\u00a0<\/strong><a href=\"https:\/\/www.youtube.com\/channel\/UCDxWojGVUi9gWYhrY0pGbIQ\" target=\"_blank\" rel=\"noreferrer noopener\"><strong>YouTube<\/strong><\/a><strong>!<\/strong><br><strong>\u00a1Sigue a Grande Pr\u00eamio en Espa\u00f1ol en\u00a0<\/strong><a href=\"https:\/\/twitter.com\/grandepremioES\" target=\"_blank\" rel=\"noreferrer noopener\"><strong>Twitter\u00a0<\/strong><\/a><strong>y en\u00a0<\/strong><a href=\"https:\/\/www.instagram.com\/grandepremioes\/\" target=\"_blank\" rel=\"noreferrer noopener\"><strong>Instagram<\/strong><\/a><strong>!<\/strong><\/p>\n\n\n\n<figure class=\"wp-block-image size-large\"><img decoding=\"async\" src=\"https:\/\/grandepremio.com\/cdn-cgi\/image\/width=893,height=558,fit=contain,gravity=0.5x0.5,quality=75,format=webp\/es\/wp-content\/uploads\/2024\/01\/GE11g9dXwAAf3e4-1024x576.jpg\" alt=\"\" class=\"wp-image-230220\"\/><figcaption class=\"wp-element-caption\">Ollie Bearman, flamante piloto reserva de Ferrari. (Foto: Ferrari)<\/figcaption><\/figure>\n\n\n\n<p class=\"wp-block-paragraph\">Al d\u00eda siguiente, Leclerc y Sainz volver\u00e1n a subirse a la SF-23, pero tambi\u00e9n estar\u00e1n a bordo de la F1-75. El mi\u00e9rcoles, \u00faltimo d\u00eda de actividades, Bearman estar\u00e1 solo en la pista conduciendo el modelo 2022.<\/p>\n\n\n\n<p class=\"wp-block-paragraph\">Este ser\u00e1 el primer trabajo de Bearman y Leclerc con Ferrari en la F\u00f3rmula 1. <a href=\"https:\/\/grandepremio.com\/es\/f1\/ferrari-asciende-a-bearman-como-reserva-junto-a-giovinazzi-y-shwartzman-para-2024\/\">Los j\u00f3venes fueron confirmados el pasado s\u00e1bado como pilotos reserva y de desarrollo, respectivamente.<\/a><\/p>\n\n\n\n<p class=\"wp-block-paragraph\">La <strong>F\u00f3rmula 1 <\/strong>volver\u00e1 a tener actividad en la pista entre el 21 y el 23 de febrero, con los tests comunitarios de pretemporada en <strong>Bahr\u00e9in<\/strong>, en el circuito de<strong> Sakhir.<\/strong><\/p>\n","protected":false},"excerpt":{"rendered":"<p>Ferrari saldr\u00e1 a la pista este lunes con  Charles Leclerc, Carlos Sainz y con dos pilotos reservas para realizar un test de neum\u00e1ticos de Pirelli. <\/p>\n","protected":false},"author":0,"featured_media":1010229338,"comment_status":"closed","ping_status":"closed","sticky":false,"template":"","format":"standard","meta":{"42wp_featured_image_caption":"","42wp_featured_image_credits":"","42wp_featured_video":"","42wp_featured_image_hidden":false,"42wp_authors_list":[],"footnotes":""},"categories":[5],"tags":[895,302,247,181,2249,179,2259,2361],"42wp_author":[14223],"class_list":["post-15401","post","type-post","status-publish","format-standard","has-post-thumbnail","hentry","category-f1","tag-arthur-leclerc","tag-carlos-sainz","tag-charles-leclerc","tag-f1","tag-f1-2024","tag-formula-1","tag-formula-1-2024","tag-ollie-bearman","42wp_author-esteban-nieto"],"_links":{"self":[{"href":"https:\/\/grandepremio.com\/es\/wp-json\/wp\/v2\/posts\/15401","targetHints":{"allow":["GET"]}}],"collection":[{"href":"https:\/\/grandepremio.com\/es\/wp-json\/wp\/v2\/posts"}],"about":[{"href":"https:\/\/grandepremio.com\/es\/wp-json\/wp\/v2\/types\/post"}],"replies":[{"embeddable":true,"href":"https:\/\/grandepremio.com\/es\/wp-json\/wp\/v2\/comments?post=15401"}],"version-history":[{"count":0,"href":"https:\/\/grandepremio.com\/es\/wp-json\/wp\/v2\/posts\/15401\/revisions"}],"wp:featuredmedia":[{"embeddable":true,"href":"https:\/\/grandepremio.com\/es\/wp-json\/wp\/v2\/media\/1010229338"}],"wp:attachment":[{"href":"https:\/\/grandepremio.com\/es\/wp-json\/wp\/v2\/media?parent=15401"}],"wp:term":[{"taxonomy":"category","embeddable":true,"href":"https:\/\/grandepremio.com\/es\/wp-json\/wp\/v2\/categories?post=15401"},{"taxonomy":"post_tag","embeddable":true,"href":"https:\/\/grandepremio.com\/es\/wp-json\/wp\/v2\/tags?post=15401"},{"taxonomy":"42wp_author","embeddable":true,"href":"https:\/\/grandepremio.com\/es\/wp-json\/wp\/v2\/42wp_author?post=15401"}],"curies":[{"name":"wp","href":"https:\/\/api.w.org\/{rel}","templated":true}]}}