{"id":15402,"date":"2024-01-28T12:45:28","date_gmt":"2024-01-28T15:45:28","guid":{"rendered":"https:\/\/grandepremio.com\/es\/2024\/01\/28\/fenestraz-analiza-carrera-de-formula-e-en-diriyah-listos-para-el-resto-del-ano\/"},"modified":"2024-01-28T13:28:54","modified_gmt":"2024-01-28T16:28:54","slug":"fenestraz-analiza-carrera-de-formula-e-en-diriyah-listos-para-el-resto-del-ano","status":"publish","type":"post","link":"https:\/\/grandepremio.com\/es\/formula-e\/fenestraz-analiza-carrera-de-formula-e-en-diriyah-listos-para-el-resto-del-ano\/","title":{"rendered":"Fenestraz lamenta error en clasificaci\u00f3n, pero destaca &#8220;resultado s\u00f3lido&#8221; en Diriyah 2"},"content":{"rendered":"\n<p class=\"wp-block-paragraph\">El piloto <strong>Sacha Fenestraz<\/strong> vivi\u00f3 un fin de semana de altibajos en el <a href=\"https:\/\/grandepremio.com\/es\/formula-e\/nick-cassidy-sacha-fenestraz-diriyah-2-formula-e\/\"><strong>eP de Diriyah 2<\/strong> de <strong>F\u00f3rmula E<\/strong><\/a>. A pesar de las frustraciones iniciales y el abandono en la primera carrera, el equipo <strong>Nissan<\/strong> y el piloto francoargentino demostraron su capacidad para superar obst\u00e1culos y mejorar el rendimiento a lo largo del evento.<\/p>\n\n\n\n<p class=\"wp-block-paragraph\"><strong>\u00a1Conoce el canal de Grande Pr\u00eamio en Espa\u00f1ol en&nbsp;<\/strong><a href=\"https:\/\/www.youtube.com\/channel\/UCDxWojGVUi9gWYhrY0pGbIQ\" target=\"_blank\" rel=\"noreferrer noopener\"><strong>YouTube<\/strong><\/a><strong>!<\/strong><br><strong>\u00a1Sigue a Grande Pr\u00eamio en Espa\u00f1ol en&nbsp;<\/strong><a href=\"https:\/\/twitter.com\/grandepremioES\" target=\"_blank\" rel=\"noreferrer noopener\"><strong>Twitter&nbsp;<\/strong><\/a><strong>y en&nbsp;<\/strong><a href=\"https:\/\/www.instagram.com\/grandepremioes\/\" target=\"_blank\" rel=\"noreferrer noopener\"><strong>Instagram<\/strong><\/a><strong>!<\/strong><\/p>\n\n\n\n<p class=\"wp-block-paragraph\">En declaraciones tras la carrera, <strong>Fenestraz destac\u00f3 la importancia de haber encontrado una buena configuraci\u00f3n<\/strong> que se reflej\u00f3 claramente en su desempe\u00f1o durante la segunda clasificaci\u00f3n del fin de semana. Reconoci\u00f3 el impresionante ritmo de su compa\u00f1ero de equipo,<strong> Oliver Rowland<\/strong>, que logr\u00f3 la pole position. Sin embargo, Fenestraz lament\u00f3 un error en los cuartos de final.<\/p>\n\n\n\n<p class=\"wp-block-paragraph\">&#8220;Fue un fin de semana con altibajos, ayer fue frustrante en cuanto a los resultados, pero logramos resolver algunas cosas y cambiar nuestro rendimiento. Encontramos una buena configuraci\u00f3n, lo que fue evidente en la clasificaci\u00f3n. Oli tuvo un ritmo incre\u00edble y merec\u00eda totalmente la pole, sin mi error en los cuartos de final creo que podr\u00eda haberme unido a \u00e9l en la parte delantera&#8221;, declar\u00f3 <strong>Fenestraz<\/strong>.<\/p>\n\n\n\n<figure class=\"wp-block-image size-large\"><img decoding=\"async\" src=\"https:\/\/grandepremio.com\/cdn-cgi\/image\/width=893,height=558,fit=contain,gravity=0.5x0.5,quality=75,format=webp\/es\/wp-content\/uploads\/2024\/01\/GE177gVWgAAImgv-1024x576.jpg\" alt=\"\" class=\"wp-image-230218\"\/><figcaption class=\"wp-element-caption\">Fenestraz termin\u00f3 sexto en el eP de Diriyah 2 de F\u00f3rmula E (Foto: Nissan)<\/figcaption><\/figure>\n\n\n\n<p class=\"wp-block-paragraph\">En la carrera, Sacha experiment\u00f3 una mejora en su conexi\u00f3n con el coche y logr\u00f3 obtener un resultado s\u00f3lido en puntos, contribuyendo al \u00e9xito general del equipo <strong>Nissan<\/strong>. &#8220;En la carrera me sent\u00ed bien con el coche y es positivo salir con un resultado s\u00f3lido en puntos y que el equipo se lleve un trofeo. Nos sentimos listos para abordar el resto de la temporada&#8221;.<\/p>\n\n\n\n<p class=\"wp-block-paragraph\">Con la mente puesta en el futuro de la temporada, <strong>Fenestraz<\/strong> expres\u00f3 su confianza y determinaci\u00f3n para abordar los desaf\u00edos que se presenten. El piloto francoargentino destac\u00f3 la necesidad de mantener una mentalidad positiva y llevar el impulso ganado en <strong>Diriyah<\/strong> hacia las pr\u00f3ximas carreras. <\/p>\n\n\n\n<p class=\"wp-block-paragraph\">&#8220;Necesitamos llevar esto hacia adelante y ser positivos para las pr\u00f3ximas carreras. Analizaremos este fin de semana con mentes frescas en el descanso antes de<strong> S\u00e3o Paulo <\/strong>y buscaremos hacerlo a\u00fan mejor all\u00ed&#8221;, cerr\u00f3 <strong>Fenestraz<\/strong>.<\/p>\n","protected":false},"excerpt":{"rendered":"<p>Tras quedar sexto en el eP de Diriyah 2, Sacha Fenestraz evalu\u00f3 su desempe\u00f1o y destac\u00f3 el podio conseguido por su compa\u00f1ero Oliver Rowland.<\/p>\n","protected":false},"author":0,"featured_media":1010230213,"comment_status":"closed","ping_status":"closed","sticky":false,"template":"","format":"standard","meta":{"42wp_featured_image_caption":"","42wp_featured_image_credits":"","42wp_featured_video":"","42wp_featured_image_hidden":false,"42wp_authors_list":[],"footnotes":""},"categories":[18],"tags":[2962,2145,5344,528,2142,9834,462,756,3007],"42wp_author":[14235],"class_list":["post-15402","post","type-post","status-publish","format-standard","has-post-thumbnail","hentry","category-formula-e","tag-calendario-de-formula-e","tag-diriyah","tag-ep-de-diriyah-2","tag-eprix","tag-eprix-de-diriyah","tag-eprix-de-diriyah-2","tag-formula-e","tag-nissan","tag-sacha-fenestraz","42wp_author-barbara-mincioni"],"_links":{"self":[{"href":"https:\/\/grandepremio.com\/es\/wp-json\/wp\/v2\/posts\/15402","targetHints":{"allow":["GET"]}}],"collection":[{"href":"https:\/\/grandepremio.com\/es\/wp-json\/wp\/v2\/posts"}],"about":[{"href":"https:\/\/grandepremio.com\/es\/wp-json\/wp\/v2\/types\/post"}],"replies":[{"embeddable":true,"href":"https:\/\/grandepremio.com\/es\/wp-json\/wp\/v2\/comments?post=15402"}],"version-history":[{"count":0,"href":"https:\/\/grandepremio.com\/es\/wp-json\/wp\/v2\/posts\/15402\/revisions"}],"wp:featuredmedia":[{"embeddable":true,"href":"https:\/\/grandepremio.com\/es\/wp-json\/wp\/v2\/media\/1010230213"}],"wp:attachment":[{"href":"https:\/\/grandepremio.com\/es\/wp-json\/wp\/v2\/media?parent=15402"}],"wp:term":[{"taxonomy":"category","embeddable":true,"href":"https:\/\/grandepremio.com\/es\/wp-json\/wp\/v2\/categories?post=15402"},{"taxonomy":"post_tag","embeddable":true,"href":"https:\/\/grandepremio.com\/es\/wp-json\/wp\/v2\/tags?post=15402"},{"taxonomy":"42wp_author","embeddable":true,"href":"https:\/\/grandepremio.com\/es\/wp-json\/wp\/v2\/42wp_author?post=15402"}],"curies":[{"name":"wp","href":"https:\/\/api.w.org\/{rel}","templated":true}]}}