{"id":15423,"date":"2024-01-26T11:05:38","date_gmt":"2024-01-26T14:05:38","guid":{"rendered":"https:\/\/grandepremio.com\/es\/2024\/01\/26\/fernando-alonso-victoria-madrid-2026-formula-1\/"},"modified":"2024-01-26T11:05:47","modified_gmt":"2024-01-26T14:05:47","slug":"fernando-alonso-victoria-madrid-2026-formula-1","status":"publish","type":"post","link":"https:\/\/grandepremio.com\/es\/f1\/fernando-alonso-victoria-madrid-2026-formula-1\/","title":{"rendered":"Domenicali ve etapa en Madrid como &#8220;desaf\u00edo&#8221; para que Alonso siga en F1 hasta 2026"},"content":{"rendered":"\n<p class=\"wp-block-paragraph\"><a href=\"https:\/\/grandepremio.com\/es\/f1\/f1-anuncia-gp-madrid-espana\/\"><strong>Madrid<\/strong> entrar\u00e1 en el <strong>calendario en 2026<\/strong> y permanecer\u00e1 en la<strong> F\u00f3rmula 1<\/strong> hasta 2035.<\/a> M\u00e1s de 40 a\u00f1os despu\u00e9s de acoger por \u00faltima vez una ronda de la m\u00e1xima categor\u00eda, en el circuito de<strong> Jarama,<\/strong> la capital espa\u00f1ola se prepara para celebrar una carrera en las calles aleda\u00f1as al <strong>Centro de Convenciones IFEMA <\/strong>y Valdebebas, un desarrollo urban\u00edstico situado cerca del aeropuerto de Barajas, que tambi\u00e9n alberga el centro de entrenamiento del Real Madrid.<\/p>\n\n\n\n<p class=\"wp-block-paragraph\"><strong>\u00a1Conoce el canal de Grande Pr\u00eamio en Espa\u00f1ol en\u00a0<\/strong><a href=\"https:\/\/www.youtube.com\/channel\/UCDxWojGVUi9gWYhrY0pGbIQ\" target=\"_blank\" rel=\"noreferrer noopener\"><strong>YouTube<\/strong><\/a><strong>!<\/strong><br><strong>\u00a1Sigue a Grande Pr\u00eamio en Espa\u00f1ol en\u00a0<\/strong><a href=\"https:\/\/twitter.com\/grandepremioES\" target=\"_blank\" rel=\"noreferrer noopener\"><strong>Twitter\u00a0<\/strong><\/a><strong>y en\u00a0<\/strong><a href=\"https:\/\/www.instagram.com\/grandepremioes\/\" target=\"_blank\" rel=\"noreferrer noopener\"><strong>Instagram<\/strong><\/a><strong>!<\/strong><\/p>\n\n\n\n<p class=\"wp-block-paragraph\">Con los espa\u00f1oles <strong>Fernando Alonso<\/strong> y <strong>Carlos Sainz <\/strong>en la parrilla actual, la afici\u00f3n local cuenta con un vasto inter\u00e9s en la categor\u00eda. Sin embargo, el <strong>CEO de la F1<\/strong>,<strong> Stefano Domenicali,<\/strong> opin\u00f3 que ser\u00e1 un reto para el bicampe\u00f3n, e incluso pens\u00f3 en un hipot\u00e9tico escenario en el que logra una victoria.<\/p>\n\n\n\n<p class=\"wp-block-paragraph\">&#8220;Ser\u00e1 un desaf\u00edo para Fernando. \u00bfTe lo imaginas ganando en Madrid? S\u00f3lo puedo pensar que podr\u00eda ocurrir aqu\u00ed en Madrid&#8221;, expres\u00f3 en una entrevista al diario AS.<\/p>\n\n\n\n<p class=\"wp-block-paragraph\">Alonso tendr\u00e1 45 a\u00f1os cuando Madrid llegue a la F1. Y en caso de que su 33\u00aa victoria ocurra en el GP de Madrid, su sequ\u00eda habr\u00e1 durado cerca de 13 a\u00f1os. La \u00faltima vez que el asturiano subi\u00f3 a lo m\u00e1s alto de un podio fue justamente frente a su p\u00fablico, en la edici\u00f3n 2013 del <strong>Gran Premio de Espa\u00f1a en Barcelona.<\/strong><\/p>\n\n\n\n<figure class=\"wp-block-image size-large\"><img decoding=\"async\" src=\"https:\/\/grandepremio.com\/es\/wp-content\/uploads\/2024\/01\/1540518399070-1024x683.jpg\" alt=\"\" class=\"wp-image-229820\"\/><figcaption class=\"wp-element-caption\">IFEMA ser\u00e1 parte del trazado urbano que recorrer\u00e1 la F1 en Madrid (Foto: Reproducci\u00f3n)<\/figcaption><\/figure>\n\n\n\n<p class=\"wp-block-paragraph\">Por otro lado, si bien sigue siendo la casa de la F1 en el pa\u00eds ib\u00e9rico, Barcelona conf\u00eda en renovar su v\u00ednculo con la categor\u00eda, que expira justamente en 2026.<\/p>\n\n\n\n<p class=\"wp-block-paragraph\">El presidente del Circuit de Catalunya, Roger Torrent, asegur\u00f3 que sigue trabajando en una ampliaci\u00f3n del contrato con la categor\u00eda y garantiz\u00f3 que la entrada de la capital espa\u00f1ola no cambiar\u00eda en nada las conversaciones.<\/p>\n\n\n\n<p class=\"wp-block-paragraph\">&#8220;Estar\u00e9 encantado de correr en Barcelona, estar\u00e9 encantado de correr en Madrid\u2026 si estoy aqu\u00ed [en la F1] en 2026. Si no estoy aqu\u00ed, ver\u00e9 la retransmisi\u00f3n por televisi\u00f3n y eso no cambia mucho&#8221;, manifest\u00f3 Alonso, sobre la posibilidad de correr en ambos circuitos.<\/p>\n\n\n\n<p class=\"wp-block-paragraph\">La <strong>F\u00f3rmula 1<\/strong> volver\u00e1 a la pista entre el 21 al 23 de febrero, con los tests de pretemporada en Bahr\u00e9in, en el circuito de Sakhir.<\/p>\n\n\n\n<figure class=\"wp-block-embed is-type-video is-provider-youtube wp-block-embed-youtube wp-embed-aspect-16-9 wp-has-aspect-ratio\"><div class=\"wp-block-embed__wrapper\">\n<iframe loading=\"lazy\" title=\"MADRID PRESENTA SU CIRCUITO URBANO Y PREPARA SU REGRESO A LA F1 EN 2026\" width=\"500\" height=\"281\" src=\"https:\/\/www.youtube.com\/embed\/WUwcpGKqDBw?feature=oembed\" frameborder=\"0\" allow=\"accelerometer; autoplay; clipboard-write; encrypted-media; gyroscope; picture-in-picture; web-share\" referrerpolicy=\"strict-origin-when-cross-origin\" allowfullscreen><\/iframe>\n<\/div><\/figure>\n\n\n\n<p class=\"wp-block-paragraph\"><\/p>\n","protected":false},"excerpt":{"rendered":"<p>Stefano Domenicali, CEO de la F\u00f3rmula 1, plante\u00f3 la posibilidad de que Fernando Alonso corra el GP de Madrid a los 45 a\u00f1os, cuando esta competencia se incorpore al calendario en 2026. <\/p>\n","protected":false},"author":0,"featured_media":1010228420,"comment_status":"closed","ping_status":"closed","sticky":false,"template":"","format":"standard","meta":{"42wp_featured_image_caption":"","42wp_featured_image_credits":"","42wp_featured_video":"","42wp_featured_image_hidden":false,"42wp_authors_list":[],"footnotes":""},"categories":[5],"tags":[209,181,2249,184,179,2259,2939,789],"42wp_author":[14223],"class_list":["post-15423","post","type-post","status-publish","format-standard","has-post-thumbnail","hentry","category-f1","tag-aston-martin","tag-f1","tag-f1-2024","tag-fernando-alonso","tag-formula-1","tag-formula-1-2024","tag-gp-de-madrid","tag-stefano-domenicali","42wp_author-esteban-nieto"],"_links":{"self":[{"href":"https:\/\/grandepremio.com\/es\/wp-json\/wp\/v2\/posts\/15423","targetHints":{"allow":["GET"]}}],"collection":[{"href":"https:\/\/grandepremio.com\/es\/wp-json\/wp\/v2\/posts"}],"about":[{"href":"https:\/\/grandepremio.com\/es\/wp-json\/wp\/v2\/types\/post"}],"replies":[{"embeddable":true,"href":"https:\/\/grandepremio.com\/es\/wp-json\/wp\/v2\/comments?post=15423"}],"version-history":[{"count":0,"href":"https:\/\/grandepremio.com\/es\/wp-json\/wp\/v2\/posts\/15423\/revisions"}],"wp:featuredmedia":[{"embeddable":true,"href":"https:\/\/grandepremio.com\/es\/wp-json\/wp\/v2\/media\/1010228420"}],"wp:attachment":[{"href":"https:\/\/grandepremio.com\/es\/wp-json\/wp\/v2\/media?parent=15423"}],"wp:term":[{"taxonomy":"category","embeddable":true,"href":"https:\/\/grandepremio.com\/es\/wp-json\/wp\/v2\/categories?post=15423"},{"taxonomy":"post_tag","embeddable":true,"href":"https:\/\/grandepremio.com\/es\/wp-json\/wp\/v2\/tags?post=15423"},{"taxonomy":"42wp_author","embeddable":true,"href":"https:\/\/grandepremio.com\/es\/wp-json\/wp\/v2\/42wp_author?post=15423"}],"curies":[{"name":"wp","href":"https:\/\/api.w.org\/{rel}","templated":true}]}}