{"id":15450,"date":"2024-01-24T10:08:21","date_gmt":"2024-01-24T13:08:21","guid":{"rendered":"https:\/\/grandepremio.com\/es\/2024\/01\/24\/jordan-cree-que-hamilton-y-alonso-no-estan-a-la-altura-de-verstappen-edad-avanzada\/"},"modified":"2024-01-24T10:08:29","modified_gmt":"2024-01-24T13:08:29","slug":"jordan-cree-que-hamilton-y-alonso-no-estan-a-la-altura-de-verstappen-edad-avanzada","status":"publish","type":"post","link":"https:\/\/grandepremio.com\/es\/indy\/jordan-cree-que-hamilton-y-alonso-no-estan-a-la-altura-de-verstappen-edad-avanzada\/","title":{"rendered":"Jordan cree que Hamilton y Alonso &#8220;no est\u00e1n a la altura&#8221; de Verstappen: &#8220;Edad avanzada&#8221;"},"content":{"rendered":"\n<figure class=\"wp-block-embed is-type-video is-provider-youtube wp-block-embed-youtube wp-embed-aspect-16-9 wp-has-aspect-ratio\"><div class=\"wp-block-embed__wrapper\">\n<iframe loading=\"lazy\" title=\"MADRID PRESENTA SU CIRCUITO URBANO Y PREPARA SU REGRESO A LA F1 EN 2026\" width=\"500\" height=\"281\" src=\"https:\/\/www.youtube.com\/embed\/WUwcpGKqDBw?feature=oembed\" frameborder=\"0\" allow=\"accelerometer; autoplay; clipboard-write; encrypted-media; gyroscope; picture-in-picture; web-share\" referrerpolicy=\"strict-origin-when-cross-origin\" allowfullscreen><\/iframe>\n<\/div><\/figure>\n\n\n\n<p class=\"wp-block-paragraph\"><strong>Red Bull <\/strong>no tuvo rivales en las \u00faltimas dos temporadas de <strong>F\u00f3rmula 1<\/strong> y, gracias a eso, <strong>Max Verstappen<\/strong> no tuvo problemas para ganar su tercer t\u00edtulo consecutivo. Sin embargo,<strong> Fernando Alonso<\/strong> y <strong>Lewis Hamilton<\/strong>, que tuvieron una gran batalla con el neerland\u00e9s son dos nombres que muchos creen que pueden hacerle frente al tricampe\u00f3n. Sin embargo, <strong>Eddie Jordan<\/strong>, exjefe del equipo que llevaba su apellido, no est\u00e1 de acuerdo. La raz\u00f3n es la edad ya considerada avanzada para el deporte.<\/p>\n\n\n\n<p class=\"wp-block-paragraph\"><strong>\u00a1Conoce el canal de Grande Pr\u00eamio en Espa\u00f1ol en&nbsp;<\/strong><a href=\"https:\/\/www.youtube.com\/channel\/UCDxWojGVUi9gWYhrY0pGbIQ\" target=\"_blank\" rel=\"noreferrer noopener\"><strong>YouTube<\/strong><\/a><strong>!<\/strong><br><strong>\u00a1Sigue a Grande Pr\u00eamio en Espa\u00f1ol en&nbsp;<\/strong><a href=\"https:\/\/twitter.com\/grandepremioES\" target=\"_blank\" rel=\"noreferrer noopener\"><strong>Twitter&nbsp;<\/strong><\/a><strong>y en&nbsp;<\/strong><a href=\"https:\/\/www.instagram.com\/grandepremioes\/\" target=\"_blank\" rel=\"noreferrer noopener\"><strong>Instagram<\/strong><\/a><strong>!<\/strong><\/p>\n\n\n\n<p class=\"wp-block-paragraph\"><strong>Alonso<\/strong> y <strong>Hamilton<\/strong> tienen respectivamente, 42 y 39 a\u00f1os, una edad inusual para pilotos de <strong>F1<\/strong>. Sin embargo, ambos contin\u00faan rindiendo a un alto nivel en el deporte. En la \u00faltima temporada, el espa\u00f1ol sum\u00f3 ocho podios y termin\u00f3 cuarto. El heptacampe\u00f3n por su parte, tuvo seis podios, una pole position y termin\u00f3 la campa\u00f1a en tercer lugar.<\/p>\n\n\n\n<p class=\"wp-block-paragraph\">Sin embargo, aunque pertenecen a un mismo grupo, <strong>Verstappen<\/strong> es generaci\u00f3n m\u00e1s joven y tiene 27 a\u00f1os. Por lo tanto, en la opini\u00f3n de <strong>Jordan<\/strong>, <strong>Hamilton y Alonso no son capaces<\/strong> de superar al neerland\u00e9s. Sin embargo, no ve al tricampe\u00f3n como invencible y considera que <strong>Charles Leclerc<\/strong> puede ser un buen rival.<\/p>\n\n\n\n<figure class=\"wp-block-image size-full\"><img decoding=\"async\" src=\"https:\/\/grandepremio.com\/es\/wp-content\/uploads\/2024\/01\/image-191.png\" alt=\"\" class=\"wp-image-229920\"\/><figcaption class=\"wp-element-caption\">Verstappen, Alonso y Hamilton en el podio de Canad\u00e1 (Foto: AFP)<\/figcaption><\/figure>\n\n\n\n<p class=\"wp-block-paragraph\">&#8220;Debido a la edad avanzada, <strong>no creo que Lewis Hamilton y Fernando Alonso, ambos con t\u00edtulos merecidos, puedan estar a la altura de Verstappen<\/strong>. S\u00f3lo veo a uno desafiante [para Verstappen]: Charles Leclerc&#8221;, se\u00f1al\u00f3 el irland\u00e9s.<\/p>\n\n\n\n<p class=\"wp-block-paragraph\">&#8220;Ferrari debe construir un coche al nivel de <strong>Red Bull<\/strong>. De lo contrario, no espero mucha emoci\u00f3n. Si tuviera que construir un equipo l\u00edder y Max no estuviera disponible, solo habr\u00eda una pareja posible, que estar\u00eda formada por <strong>Leclerc<\/strong> y<strong> Lando Norris<\/strong>&#8220;, concluy\u00f3 Jordan.<\/p>\n\n\n\n<p class=\"wp-block-paragraph\">Cuando la aerodin\u00e1mica de efecto suelo entr\u00f3 en vigor en la<strong> F\u00f3rmula 1<\/strong>, <strong>Ferrari<\/strong> present\u00f3 un coche competitivo, <strong>Leclerc<\/strong> desafi\u00f3 a <strong>Verstappen<\/strong> y gan\u00f3 dos de las tres primeras carreras de 2022. Sin embargo, en 2023, el equipo de <strong>Maranello<\/strong> no cumpli\u00f3 con las expectativas.<\/p>\n","protected":false},"excerpt":{"rendered":"<p>Jordan reconoci\u00f3 las habilidades de Hamilton y Alonso, pero enfatiz\u00f3 que la &#8220;edad avanzada&#8221; podr\u00eda ser un factor perjudicial en la lucha por el t\u00edtulo.<\/p>\n","protected":false},"author":0,"featured_media":1010229919,"comment_status":"closed","ping_status":"closed","sticky":false,"template":"","format":"standard","meta":{"42wp_featured_image_caption":"","42wp_featured_image_credits":"","42wp_featured_video":"","42wp_featured_image_hidden":false,"42wp_authors_list":[],"footnotes":""},"categories":[7],"tags":[209,3271,181,184,179,1488,845,4604,199,249,197,206],"42wp_author":[14235],"class_list":["post-15450","post","type-post","status-publish","format-standard","has-post-thumbnail","hentry","category-indy","tag-aston-martin","tag-eddie-jordan","tag-f1","tag-fernando-alonso","tag-formula-1","tag-grande-premio","tag-jordan","tag-jordan-formula-1","tag-lewis-hamilton","tag-max-verstappen","tag-mercedes","tag-red-bull","42wp_author-barbara-mincioni"],"_links":{"self":[{"href":"https:\/\/grandepremio.com\/es\/wp-json\/wp\/v2\/posts\/15450","targetHints":{"allow":["GET"]}}],"collection":[{"href":"https:\/\/grandepremio.com\/es\/wp-json\/wp\/v2\/posts"}],"about":[{"href":"https:\/\/grandepremio.com\/es\/wp-json\/wp\/v2\/types\/post"}],"replies":[{"embeddable":true,"href":"https:\/\/grandepremio.com\/es\/wp-json\/wp\/v2\/comments?post=15450"}],"version-history":[{"count":0,"href":"https:\/\/grandepremio.com\/es\/wp-json\/wp\/v2\/posts\/15450\/revisions"}],"wp:featuredmedia":[{"embeddable":true,"href":"https:\/\/grandepremio.com\/es\/wp-json\/wp\/v2\/media\/1010229919"}],"wp:attachment":[{"href":"https:\/\/grandepremio.com\/es\/wp-json\/wp\/v2\/media?parent=15450"}],"wp:term":[{"taxonomy":"category","embeddable":true,"href":"https:\/\/grandepremio.com\/es\/wp-json\/wp\/v2\/categories?post=15450"},{"taxonomy":"post_tag","embeddable":true,"href":"https:\/\/grandepremio.com\/es\/wp-json\/wp\/v2\/tags?post=15450"},{"taxonomy":"42wp_author","embeddable":true,"href":"https:\/\/grandepremio.com\/es\/wp-json\/wp\/v2\/42wp_author?post=15450"}],"curies":[{"name":"wp","href":"https:\/\/api.w.org\/{rel}","templated":true}]}}