{"id":1551,"date":"2026-04-27T11:07:36","date_gmt":"2026-04-27T14:07:36","guid":{"rendered":"https:\/\/grandepremio.com\/es\/2026\/04\/27\/briatore-celebra-exhibicion-colapinto-buenos-aires\/"},"modified":"2026-04-27T11:09:10","modified_gmt":"2026-04-27T14:09:10","slug":"briatore-celebra-exhibicion-colapinto-buenos-aires","status":"publish","type":"post","link":"https:\/\/grandepremio.com\/es\/f1\/briatore-celebra-exhibicion-colapinto-buenos-aires\/","title":{"rendered":"&#8220;Bravo Argentina&#8221;: Briatore celebra la exhibici\u00f3n de Colapinto en Buenos Aires"},"content":{"rendered":"\n<p class=\"wp-block-paragraph\">La magnitud de la exhibici\u00f3n de <strong>Franco Colapinto<\/strong> con <strong>Alpine<\/strong> en <strong>Argentina<\/strong> este domingo ya repercuti\u00f3 en todo el mundo del automovilismo. Con una <a href=\"https:\/\/grandepremio.com\/es\/f1\/franco-colapinto-road-show-alpine-exhibicion-buenos-aires-f1-2026\/\">concurrencia r\u00e9cord de <strong>600.000 personas<\/strong><\/a>, el piloto argentino hizo rugir el motor <strong>V8<\/strong> del <strong>Lotus E20<\/strong>. <strong>Flavio Briatore<\/strong>, director de la escuder\u00eda de <strong>Enstone<\/strong>, felicit\u00f3 al #43 y al p\u00fablico argentino por el \u00e9xito del evento.<\/p>\n\n\n\n<p class=\"wp-block-paragraph\">Colapinto realiz\u00f3 <a href=\"https:\/\/grandepremio.com\/es\/video\/f1\/franco-colapinto-alpine-primera-salida-exhibicion-buenos-aires-f1-2026\/\">tres salidas a pista<\/a> en un circuito de 2 kil\u00f3metros emplazado en las Avenidas del Libertador y Sarmiento, en el barrio de <strong>Palermo<\/strong>, y antes m\u00e1s de medio mill\u00f3n de personas pilot\u00f3 el <strong>Lotus<\/strong> de la <strong>temporada 2012<\/strong>, adem\u00e1s del <a href=\"https:\/\/grandepremio.com\/es\/video\/f1\/franco-colapinto-alpine-mercedes-w196-juan-manuel-fangio-buenos-aires\/\"><strong>Mercedes W196<\/strong> utilizado por <strong>Juan Manuel Fangio<\/strong><\/a> y que le dio los t\u00edtulos de <strong>F\u00f3rmula 1<\/strong> de <strong>1954<\/strong> y <strong>1955<\/strong>.<\/p>\n\n\n\n<p class=\"wp-block-paragraph\">\ud83d\udfe5&nbsp;<strong><em>\u00a1Todas las novedades te esperan en el canal de&nbsp;<\/em><\/strong><a href=\"https:\/\/www.youtube.com\/@GrandePremioES\"><em>YouTube<\/em><\/a><strong><em>&nbsp;de Grande Pr\u00eamio en Espa\u00f1ol!<\/em><\/strong>&nbsp;\ud83d\udfe8<\/p>\n\n\n\n<figure class=\"wp-block-video\"><video class=\"video-js vjs-big-play-centered\" data-gp-vjs=\"1\" controls src=\"https:\/\/grandepremio.com\/es\/wp-content\/uploads\/2026\/04\/WhatsApp-Video-2026-04-26-at-13.01.23.mp4\"><\/video><figcaption class=\"wp-element-caption\">Franco Colapinto gir\u00f3 en Buenos Aires con el Lotus E20. (Video: Esteban Nieto\/GRANDE PR\u00caMIO en espa\u00f1ol)<\/figcaption><\/figure>\n\n\n\n<p class=\"wp-block-paragraph\">\u23e9&nbsp;<strong><em>\u00a1Seguinos en redes por&nbsp;<\/em><\/strong><a href=\"https:\/\/twitter.com\/grandepremioES\"><em>Twitter&nbsp;<\/em><\/a><strong><em>e&nbsp;<\/em><\/strong><a href=\"https:\/\/www.instagram.com\/grandepremioes\/\"><em>Instagram!<br><\/em><\/a>\u23e9&nbsp;<strong><em>Adem\u00e1s, tenemos nuestro&nbsp;<\/em><\/strong><a href=\"https:\/\/whatsapp.com\/channel\/0029VaDZ5zb0gcfDxuwxBM05\"><em>canal de Whatsapp<\/em><\/a><strong><em>&nbsp;con toda la informaci\u00f3n al instante<\/em><\/strong>&nbsp;\ud83c\udfc1<\/p>\n\n\n\n<p class=\"wp-block-paragraph\">&#8220;Qu\u00e9 d\u00eda para ti, Franco. Bravo Argentina y Buenos Aires, por su entisasta respuesta a tan incre\u00edble evento&#8221;, coment\u00f3 Briatore en un posteo en su cuenta de Instagram con una imagen del pilarense durante la exhibici\u00f3n.<\/p>\n\n\n\n<p class=\"wp-block-paragraph\">&#8220;Nos vemos en <strong>Miami<\/strong>, Franco, as\u00ed podr\u00e1s contarme todo sobre ello&#8221;, finaliz\u00f3 el directivo italiano.<\/p>\n\n\n\n<p class=\"wp-block-paragraph\">La&nbsp;<strong>F\u00f3rmula 1<\/strong>&nbsp;regresa del receso forzado de abril y disputa el&nbsp;<strong>Gran Premio de Miami<\/strong>&nbsp;este fin de semana del 1 al 3 de mayo, la cuarta prueba de la&nbsp;<strong>temporada 2026<\/strong>.<\/p>\n\n\n\n<p class=\"wp-block-paragraph\"><strong><u>F1 minuto a minuto: te compartimos las noticias m\u00e1s importantes del d\u00eda en la F\u00f3rmula 1<\/u><\/strong><\/p>\n\n\n\n<p class=\"wp-block-paragraph\">El equipo editorial de&nbsp;<em>GRANDE PR\u00caMIO en ESPA\u00d1OL<\/em>&nbsp;ha seleccionado las noticias m\u00e1s importantes de las \u00faltimas horas para que est\u00e9s al d\u00eda de todo lo que sucede en la&nbsp;<strong>F1<\/strong>:<\/p>\n\n\n\n<p class=\"wp-block-paragraph\">\u25b6\ufe0f&nbsp;<a href=\"https:\/\/grandepremio.com\/es\/f1\/franco-colapinto-road-show-alpine-exhibicion-buenos-aires-f1-2026\/\">Colapinto realiza exhibici\u00f3n ante m\u00e1s de 600.000 personas en Buenos Aires<\/a><br>\u25b6\ufe0f&nbsp;<a href=\"https:\/\/grandepremio.com\/es\/f1\/franco-colapinto-exhibicion-alpine-buenos-aires-f1-2026\/\">Colapinto agradece a los aficionados y pide por el retorno del GP de Argentina<\/a><br>\u25b6\ufe0f&nbsp;<a href=\"https:\/\/grandepremio.com\/es\/f1\/horner-explica-presencia-motogp-niega-rumores-alpine\/\">Horner explica presencia en MotoGP y niega \u00abrumores\u00bb sobre Alpine: \u00abSigo de vacaciones\u00bb<\/a><br>\u25b6\ufe0f&nbsp;<a href=\"https:\/\/grandepremio.com\/es\/f1\/andrea-stella-mclaren-modificacion-reglamento-tecnico-f1-2026\/\">McLaren propone nuevos cambios en el reglamento de la F1<\/a><br>\u25b6\ufe0f&nbsp;<a href=\"https:\/\/grandepremio.com\/es\/f1\/que-es-aduo-novedades-f1-2026\/\">\u00bfQu\u00e9 es el ADUO, una de las principales novedades de la F1 2026?<\/a><\/p>\n","protected":false},"excerpt":{"rendered":"<p>Flavio Briatore, director de Alpine, destac\u00f3 el evento del equipo franc\u00e9s en la capital argentina y felicit\u00f3 a Franco Colapinto por el \u00e9xito de la exhibici\u00f3n ante m\u00e1s de medio mill\u00f3n de personas.<\/p>\n","protected":false},"author":0,"featured_media":1010399355,"comment_status":"closed","ping_status":"closed","sticky":false,"template":"","format":"standard","meta":{"42wp_featured_image_caption":"","42wp_featured_image_credits":"","42wp_featured_video":"","42wp_featured_image_hidden":false,"42wp_authors_list":[],"footnotes":""},"categories":[5],"tags":[678,1388,1155,1680,2326,179,814],"42wp_author":[14240],"class_list":["post-1551","post","type-post","status-publish","format-standard","has-post-thumbnail","hentry","category-f1","tag-alpine","tag-argentina","tag-buenos-aires","tag-f1-2026","tag-flavio-briatore","tag-formula-1","tag-franco-colapinto","42wp_author-ignacio-bogado"],"_links":{"self":[{"href":"https:\/\/grandepremio.com\/es\/wp-json\/wp\/v2\/posts\/1551","targetHints":{"allow":["GET"]}}],"collection":[{"href":"https:\/\/grandepremio.com\/es\/wp-json\/wp\/v2\/posts"}],"about":[{"href":"https:\/\/grandepremio.com\/es\/wp-json\/wp\/v2\/types\/post"}],"replies":[{"embeddable":true,"href":"https:\/\/grandepremio.com\/es\/wp-json\/wp\/v2\/comments?post=1551"}],"version-history":[{"count":0,"href":"https:\/\/grandepremio.com\/es\/wp-json\/wp\/v2\/posts\/1551\/revisions"}],"wp:featuredmedia":[{"embeddable":true,"href":"https:\/\/grandepremio.com\/es\/wp-json\/wp\/v2\/media\/1010399355"}],"wp:attachment":[{"href":"https:\/\/grandepremio.com\/es\/wp-json\/wp\/v2\/media?parent=1551"}],"wp:term":[{"taxonomy":"category","embeddable":true,"href":"https:\/\/grandepremio.com\/es\/wp-json\/wp\/v2\/categories?post=1551"},{"taxonomy":"post_tag","embeddable":true,"href":"https:\/\/grandepremio.com\/es\/wp-json\/wp\/v2\/tags?post=1551"},{"taxonomy":"42wp_author","embeddable":true,"href":"https:\/\/grandepremio.com\/es\/wp-json\/wp\/v2\/42wp_author?post=1551"}],"curies":[{"name":"wp","href":"https:\/\/api.w.org\/{rel}","templated":true}]}}