{"id":15513,"date":"2024-01-18T10:04:28","date_gmt":"2024-01-18T13:04:28","guid":{"rendered":"https:\/\/grandepremio.com\/es\/2024\/01\/18\/art-confirma-renueva-a-martins-2024-formula-2\/"},"modified":"2024-01-18T10:04:38","modified_gmt":"2024-01-18T13:04:38","slug":"art-confirma-renueva-a-martins-2024-formula-2","status":"publish","type":"post","link":"https:\/\/grandepremio.com\/es\/f2\/art-confirma-renueva-a-martins-2024-formula-2\/","title":{"rendered":"ART confirma expectativas y renueva a Martins para la temporada 2024 de F\u00f3rmula 2"},"content":{"rendered":"\n<p class=\"wp-block-paragraph\">Se esperaba una confirmaci\u00f3n por parte de <strong>ART<\/strong> para que <strong>Victor Martins <\/strong>fuera piloto este a\u00f1o en la <strong>F\u00f3rmula 2<\/strong>, luego de que el franc\u00e9s debutara en 2023 con buenos resultados en su a\u00f1o de<em> \u2018rookie\u2019,<\/em> siendo vigente campe\u00f3n, por entonces, de la <strong>F\u00f3rmula 3<\/strong>.<\/p>\n\n\n\n<p class=\"wp-block-paragraph\">Finalmente, esto ha ocurrido. Martins y <strong>Zak O\u2019Sullivan<\/strong> ser\u00e1n los pilotos de ART en el escal\u00f3n inferior a la F\u00f3rmula 1. El franc\u00e9s tendr\u00e1 m\u00e1s presi\u00f3n al ser su segundo a\u00f1o en la categor\u00eda, y lleva con el equipo desde 2020. Adem\u00e1s, ha ganado el t\u00edtulo de la <strong>F\u00f3rmula Renault Eurocup<\/strong> con ellos. En 2023, sum\u00f3 10 podios y un triunfo en la F2.<\/p>\n\n\n\n<p class=\"wp-block-paragraph\"><strong>&#8220;Tengo una historia junto a ART Grand Prix, con pasi\u00f3n y \u00e9xito. Hemos ganado varios t\u00edtulos y espero sumar uno m\u00e1s en 2024, una temporada decisiva en mi desarrollo&#8221;<\/strong>, dijo Martins.<\/p>\n\n\n\n<p class=\"wp-block-paragraph\"><strong>&#8220;Pero no voy a centrarme s\u00f3lo en la clasificaci\u00f3n. Quiero corregir los errores del a\u00f1o pasado, controlar mejor el campeonato y esforzarme siempre por lograr el mejor resultado posible, independientemente de que las circunstancias sean favorables o no. Hay varios elementos desconocidos en este nuevo coche, pero conf\u00edo en ART. El equipo me ofrece todo lo que necesito, como Alpine, y tengo todo en mis manos para lograr mis objetivos&#8221;<\/strong>, coment\u00f3 el piloto de la academia de Alpine.<\/p>\n\n\n\n<figure class=\"wp-block-image size-full\"><img decoding=\"async\" src=\"https:\/\/grandepremio.com\/es\/wp-content\/uploads\/2024\/01\/image-132.png\" alt=\"\" class=\"wp-image-229383\"\/><figcaption class=\"wp-element-caption\">Victor Martins regresa un a\u00f1o m\u00e1s a la F\u00f3rmula 2 (Foto: Dutch Photo Agency)<\/figcaption><\/figure>\n\n\n\n<p class=\"wp-block-paragraph\">En cambio, O\u2019Sullivan debutar\u00e1 en la categor\u00eda tras un excelente a\u00f1o en la F\u00f3rmula 3, aunque no lo tendr\u00e1 f\u00e1cil. Es que, adem\u00e1s de ser parte del programa de pilotos de <strong>Williams<\/strong>, ocupar\u00e1 la plaza de <strong>Theo Pourchaire, <\/strong>campe\u00f3n el a\u00f1o pasado, que se ha ido a la <strong>S\u00faper F\u00f3rmula.<\/strong><\/p>\n\n\n\n<p class=\"wp-block-paragraph\"><strong>S\u00e9bastien Philippe<\/strong>, jefe de ART, tambi\u00e9n coment\u00f3 la renovaci\u00f3n de Martins: <strong>&#8220;La colaboraci\u00f3n entre las dos partes comenz\u00f3 en 2020 y hemos hecho un gran trabajo desde entonces. Nuestro objetivo com\u00fan es borrar los peque\u00f1os errores de la temporada pasada y ganar el t\u00edtulo&#8221;.<\/strong><\/p>\n\n\n\n<p class=\"wp-block-paragraph\"><strong>\u00a1Conoce el canal de Grande Pr\u00eamio en Espa\u00f1ol en&nbsp;<\/strong><a href=\"https:\/\/www.youtube.com\/channel\/UCDxWojGVUi9gWYhrY0pGbIQ\" target=\"_blank\" rel=\"noreferrer noopener\"><strong>YouTube<\/strong><\/a><strong>!<\/strong><br><strong>\u00a1Sigue a Grande Pr\u00eamio en Espa\u00f1ol en&nbsp;<\/strong><a href=\"https:\/\/twitter.com\/grandepremioES\" target=\"_blank\" rel=\"noreferrer noopener\"><strong>Twitter&nbsp;<\/strong><\/a><strong>y en&nbsp;<\/strong><a href=\"https:\/\/www.instagram.com\/grandepremioes\/\" target=\"_blank\" rel=\"noreferrer noopener\"><strong>Instagram<\/strong><\/a><strong>!<\/strong><\/p>\n\n\n\n<p class=\"wp-block-paragraph\">La F\u00f3rmula 2 celebra sus test colectivos de pretemporada los d\u00edas 11, 12 y 13 de febrero junto a la F\u00f3rmula 3 en Bar\u00e9in, en el circuito de Sakhir.<\/p>\n","protected":false},"excerpt":{"rendered":"<p>V\u00edctor Martins continuar\u00e1 corriendo un a\u00f1o m\u00e1s para el equipo ART de la F\u00f3rmula 2, en donde ir\u00e1 en b\u00fasqueda del t\u00edtulo, tras un gran a\u00f1o de debut en 2022. Zak O\u2019Sullivan ser\u00e1 su compa\u00f1ero de escuder\u00eda. <\/p>\n","protected":false},"author":0,"featured_media":1010229380,"comment_status":"closed","ping_status":"closed","sticky":false,"template":"","format":"standard","meta":{"42wp_featured_image_caption":"","42wp_featured_image_credits":"","42wp_featured_video":"","42wp_featured_image_hidden":false,"42wp_authors_list":[],"footnotes":""},"categories":[3],"tags":[373,211,1128,9014,9468,1324,810,1224,8926],"42wp_author":[14237],"class_list":["post-15513","post","type-post","status-publish","format-standard","has-post-thumbnail","hentry","category-f2","tag-art","tag-formula-2","tag-formula-3","tag-formula-renault-eurocup-2","tag-super-formula-3","tag-theo-pourchaire-2","tag-victor-martins","tag-williams-racing","tag-zak-osullivan-2","42wp_author-gabriel-garcia"],"_links":{"self":[{"href":"https:\/\/grandepremio.com\/es\/wp-json\/wp\/v2\/posts\/15513","targetHints":{"allow":["GET"]}}],"collection":[{"href":"https:\/\/grandepremio.com\/es\/wp-json\/wp\/v2\/posts"}],"about":[{"href":"https:\/\/grandepremio.com\/es\/wp-json\/wp\/v2\/types\/post"}],"replies":[{"embeddable":true,"href":"https:\/\/grandepremio.com\/es\/wp-json\/wp\/v2\/comments?post=15513"}],"version-history":[{"count":0,"href":"https:\/\/grandepremio.com\/es\/wp-json\/wp\/v2\/posts\/15513\/revisions"}],"wp:featuredmedia":[{"embeddable":true,"href":"https:\/\/grandepremio.com\/es\/wp-json\/wp\/v2\/media\/1010229380"}],"wp:attachment":[{"href":"https:\/\/grandepremio.com\/es\/wp-json\/wp\/v2\/media?parent=15513"}],"wp:term":[{"taxonomy":"category","embeddable":true,"href":"https:\/\/grandepremio.com\/es\/wp-json\/wp\/v2\/categories?post=15513"},{"taxonomy":"post_tag","embeddable":true,"href":"https:\/\/grandepremio.com\/es\/wp-json\/wp\/v2\/tags?post=15513"},{"taxonomy":"42wp_author","embeddable":true,"href":"https:\/\/grandepremio.com\/es\/wp-json\/wp\/v2\/42wp_author?post=15513"}],"curies":[{"name":"wp","href":"https:\/\/api.w.org\/{rel}","templated":true}]}}