{"id":15514,"date":"2024-01-18T09:40:26","date_gmt":"2024-01-18T12:40:26","guid":{"rendered":"https:\/\/grandepremio.com\/es\/2024\/01\/18\/mercedes-mantiene-relacion-ocon-alpine\/"},"modified":"2024-01-18T09:40:34","modified_gmt":"2024-01-18T12:40:34","slug":"mercedes-mantiene-relacion-ocon-alpine","status":"publish","type":"post","link":"https:\/\/grandepremio.com\/es\/f1\/mercedes-mantiene-relacion-ocon-alpine\/","title":{"rendered":"Mercedes mantiene relaci\u00f3n con Ocon y &#8220;gestiona su carrera&#8221;, incluso en Alpine"},"content":{"rendered":"\n<p class=\"wp-block-paragraph\">Ya entrado en el a\u00f1o 2024, nos hemos enterado de que el equipo<strong> Mercedes <\/strong>contin\u00faa a cargo de la carrera deportiva de <strong>Esteban Ocon<\/strong>, luego de que fuera miembro de la academia de j\u00f3venes pilotos hasta 2020, cuando pas\u00f3 al equipo Renault, actual <strong>Alpine<\/strong>.<\/p>\n\n\n\n<p class=\"wp-block-paragraph\">Mercedes tutel\u00f3 la carrera del franc\u00e9s desde temprana edad, incluso compiti\u00f3 en 2016 dentro del <strong>DTM<\/strong> con un auto de la marca alemana, antes de arribar ese mismo a\u00f1o a la extinta escuder\u00eda <strong>Manor.<\/strong> Luego, pas\u00f3 a Force India, luego <strong>Racing Point<\/strong>, equipo que se transformar\u00eda en Aston Martin despu\u00e9s de la compra de <strong>Lawrence Stroll<\/strong> del fabricante brit\u00e1nico.<\/p>\n\n\n\n<p class=\"wp-block-paragraph\">Incluso, Ocon no corri\u00f3 en la F1 durante la temporada 2019, y volvi\u00f3 en 2020 a <strong>Renault<\/strong>, que ahora es Alpine. Aunque permanece all\u00ed desde entonces, no son pocos los rumores sobre que estar\u00eda interesado en un nuevo destino. Aqu\u00ed es donde el fabricante alem\u00e1n deber\u00e1 buscarle, eventualmente, otras oportunidades.<\/p>\n\n\n\n<figure class=\"wp-block-image size-full\"><img decoding=\"async\" src=\"https:\/\/grandepremio.com\/es\/wp-content\/uploads\/2024\/01\/image-131.png\" alt=\"\" class=\"wp-image-229373\"\/><figcaption class=\"wp-element-caption\">Esteban Ocon logr\u00f3 un podio con Alpine en el Gran Premio de M\u00f3naco 2023 (Foto: Alpine)<\/figcaption><\/figure>\n\n\n\n<p class=\"wp-block-paragraph\">De hecho, la relaci\u00f3n entre los alemanes y Ocon sigue vigente, como lo ha comentado el responsable del programa junior, <strong>Gwen Lagrue:<\/strong> <strong>&#8220;Sigue muy unido a nosotros. Esteban est\u00e1 comprometido con Alpine, pero seguimos gestionando su carrera. S\u00f3lo hay 20 asientos en la F\u00f3rmula 1 y, de alguna manera, todos estamos colaborando en el mejor inter\u00e9s del deporte&#8221;.<\/strong><\/p>\n\n\n\n<p class=\"wp-block-paragraph\"><strong>&#8220;Tenemos una muy buena relaci\u00f3n con Alpine. Y siempre intentamos encontrar la mejor soluci\u00f3n para trabajar juntos en el mejor inter\u00e9s del equipo y del piloto&#8221;<\/strong>, agreg\u00f3 Lagrue.<\/p>\n\n\n\n<p class=\"wp-block-paragraph\">Por otro lado, el empleado de Mercedes se refiri\u00f3 a la lucha interna entre Ocon y <strong>Fernando Alonso en 2021 y 2022, que acab\u00f3 con el espa\u00f1ol y\u00e9ndose a Aston Martin: &#8220;En los dos \u00faltimos a\u00f1os lo ha hecho muy bien contra Fernando Alonso. No estamos hablando de un piloto que siempre ganaba o estaba en el podio, pero aun as\u00ed hizo un trabajo muy, muy bueno. Compartir equipo con Fernando le llev\u00f3 a un l\u00edmite que ni \u00e9l mismo conoc\u00eda, y desde entonces ha ido mejorando<\/strong>&#8220;.<\/p>\n\n\n\n<p class=\"wp-block-paragraph\"><strong>\u00a1Conoce el canal de Grande Pr\u00eamio en Espa\u00f1ol en&nbsp;<\/strong><a href=\"https:\/\/www.youtube.com\/channel\/UCDxWojGVUi9gWYhrY0pGbIQ\" target=\"_blank\" rel=\"noreferrer noopener\"><strong>YouTube<\/strong><\/a><strong>!<\/strong><br><strong>\u00a1Sigue a Grande Pr\u00eamio en Espa\u00f1ol en&nbsp;<\/strong><a href=\"https:\/\/twitter.com\/grandepremioES\" target=\"_blank\" rel=\"noreferrer noopener\"><strong>Twitter&nbsp;<\/strong><\/a><strong>y en&nbsp;<\/strong><a href=\"https:\/\/www.instagram.com\/grandepremioes\/\" target=\"_blank\" rel=\"noreferrer noopener\"><strong>Instagram<\/strong><\/a><strong>!<\/strong><\/p>\n\n\n\n<p class=\"wp-block-paragraph\">La F\u00f3rmula 1 vuelve a la pista del 21 al 23 de febrero con los entrenamientos de pretemporada en Bahr\u00e9in.<\/p>\n","protected":false},"excerpt":{"rendered":"<p>Aunque lleva cuatro a\u00f1os corriendo para el equipo Alpine, Esteban Ocon sigue relacionado a Mercedes y el equipo alem\u00e1n es quien lleva adelante toda su gesti\u00f3n de carrera en la F\u00f3rmula 1. <\/p>\n","protected":false},"author":0,"featured_media":1010229370,"comment_status":"closed","ping_status":"closed","sticky":false,"template":"","format":"standard","meta":{"42wp_featured_image_caption":"","42wp_featured_image_credits":"","42wp_featured_video":"","42wp_featured_image_hidden":false,"42wp_authors_list":[],"footnotes":""},"categories":[5],"tags":[678,773,362,181,2249,184,179,9773,970,9772,197,354],"42wp_author":[14237],"class_list":["post-15514","post","type-post","status-publish","format-standard","has-post-thumbnail","hentry","category-f1","tag-alpine","tag-dtm","tag-esteban-ocon","tag-f1","tag-f1-2024","tag-fernando-alonso","tag-formula-1","tag-gwen-lagrue","tag-lawrence-stroll","tag-manor","tag-mercedes","tag-racing-point","42wp_author-gabriel-garcia"],"_links":{"self":[{"href":"https:\/\/grandepremio.com\/es\/wp-json\/wp\/v2\/posts\/15514","targetHints":{"allow":["GET"]}}],"collection":[{"href":"https:\/\/grandepremio.com\/es\/wp-json\/wp\/v2\/posts"}],"about":[{"href":"https:\/\/grandepremio.com\/es\/wp-json\/wp\/v2\/types\/post"}],"replies":[{"embeddable":true,"href":"https:\/\/grandepremio.com\/es\/wp-json\/wp\/v2\/comments?post=15514"}],"version-history":[{"count":0,"href":"https:\/\/grandepremio.com\/es\/wp-json\/wp\/v2\/posts\/15514\/revisions"}],"wp:featuredmedia":[{"embeddable":true,"href":"https:\/\/grandepremio.com\/es\/wp-json\/wp\/v2\/media\/1010229370"}],"wp:attachment":[{"href":"https:\/\/grandepremio.com\/es\/wp-json\/wp\/v2\/media?parent=15514"}],"wp:term":[{"taxonomy":"category","embeddable":true,"href":"https:\/\/grandepremio.com\/es\/wp-json\/wp\/v2\/categories?post=15514"},{"taxonomy":"post_tag","embeddable":true,"href":"https:\/\/grandepremio.com\/es\/wp-json\/wp\/v2\/tags?post=15514"},{"taxonomy":"42wp_author","embeddable":true,"href":"https:\/\/grandepremio.com\/es\/wp-json\/wp\/v2\/42wp_author?post=15514"}],"curies":[{"name":"wp","href":"https:\/\/api.w.org\/{rel}","templated":true}]}}