{"id":15570,"date":"2024-01-13T12:29:49","date_gmt":"2024-01-13T15:29:49","guid":{"rendered":"https:\/\/grandepremio.com\/es\/2024\/01\/13\/alex-palou-formula-1-continuidad-indycar-temporada-2024\/"},"modified":"2024-01-13T12:33:26","modified_gmt":"2024-01-13T15:33:26","slug":"alex-palou-formula-1-continuidad-indycar-temporada-2024","status":"publish","type":"post","link":"https:\/\/grandepremio.com\/es\/indy\/alex-palou-formula-1-continuidad-indycar-temporada-2024\/","title":{"rendered":"Palou confiesa que ha dejado de perseguir la F1 y se centra en &#8220;luchar por t\u00edtulos y la Indy 500&#8221;"},"content":{"rendered":"\n<p class=\"wp-block-paragraph\">Bicampe\u00f3n de la <strong>IndyCar <\/strong>y considerado uno de los pilotos con m\u00e1s talento de la actual hornada que compite en la categor\u00eda estadounidense,<strong> \u00c1lex Palou<\/strong> parece m\u00e1s tranquilo con la realidad de que es poco probable que consiga una plaza en la<strong> F\u00f3rmula 1<\/strong> en el futuro. El piloto de 26 a\u00f1os admiti\u00f3 que no fue por falta de intentos, pero hoy quiere centrarse en los t\u00edtulos que a\u00fan son posibles, as\u00ed como en ganar las 500 Millas de Indian\u00e1polis.<\/p>\n\n\n\n<p class=\"wp-block-paragraph\">Actual campe\u00f3n de la IndyCar, el espa\u00f1ol se ha hecho mucho m\u00e1s visible en 2023 debido a la batalla legal en la que se meti\u00f3 tras romper su contrato con <strong>McLaren<\/strong>. Palou, de hecho, ya ha admitido que el embrollo ha dejado &#8220;min\u00fasculas&#8221; sus opciones de correr en los monoplazas de \u00e9lite, aunque asegura que s\u00f3lo rompi\u00f3 con la escuder\u00eda papaya ante la falta de &#8220;posibilidades reales de correr en F1&#8221;.<\/p>\n\n\n\n<p class=\"wp-block-paragraph\">A punto de iniciar otra temporada en la Indy con <strong>Ganassi <\/strong>-equipo que ha defendido durante las tres \u00faltimas temporadas-, \u00c1lex reconoci\u00f3 que lo ideal en estos momentos es concentrar todos sus esfuerzos en trabajar con los estadounidenses.<\/p>\n\n\n\n<p class=\"wp-block-paragraph\"><strong>\u00a1Conoce el canal de Grande Pr\u00eamio en Espa\u00f1ol en&nbsp;<\/strong><a href=\"https:\/\/www.youtube.com\/channel\/UCDxWojGVUi9gWYhrY0pGbIQ\" target=\"_blank\" rel=\"noreferrer noopener\"><strong>YouTube<\/strong><\/a><strong>!<\/strong><br><strong>\u00a1Sigue a Grande Pr\u00eamio en Espa\u00f1ol en&nbsp;<\/strong><a href=\"https:\/\/twitter.com\/grandepremioES\" target=\"_blank\" rel=\"noreferrer noopener\"><strong>Twitter&nbsp;<\/strong><\/a><strong>y en&nbsp;<\/strong><a href=\"https:\/\/www.instagram.com\/grandepremioes\/\" target=\"_blank\" rel=\"noreferrer noopener\"><strong>Instagram<\/strong><\/a><strong>!<\/strong><\/p>\n\n\n\n<figure class=\"wp-block-image size-full\"><img decoding=\"async\" src=\"https:\/\/www.grandepremio.com\/br\/wp-content\/uploads\/2023\/09\/Firestone-Grand-Prix-of-Monterey-Friday_-September-8_-2023_Ref-Image-Without-Watermark_m93085.jpg\" alt=\"\" class=\"wp-image-203187\"\/><figcaption class=\"wp-element-caption\">\u00c1lex Palou, al no encontrar espacio en la F1, se consolid\u00f3 como piloto y protagonista en IndyCar (Foto: IndyCar)<\/figcaption><\/figure>\n\n\n\n<p class=\"wp-block-paragraph\">Hay, por ejemplo, un objetivo a\u00fan abierto: ganar la tradicional Indy 500. En 2021, temporada en la que tambi\u00e9n se proclam\u00f3 campe\u00f3n, Palou fue segundo, perdiendo ante <strong>Helio Castroneves.<\/strong><\/p>\n\n\n\n<p class=\"wp-block-paragraph\">&#8220;Lo intent\u00e9&#8221;, dijo Palou a la prensa cuando le preguntaron si segu\u00eda aspirando a la F1. &#8220;La verdad es que no funcion\u00f3. No pasa nada&#8221;, dijo.<\/p>\n\n\n\n<p class=\"wp-block-paragraph\">&#8220;Vamos a intentar ganar tantos t\u00edtulos como sea posible y vamos a luchar por los campeonatos y la Indy 500 tanto como sea posible&#8221;, enfatiz\u00f3 el espa\u00f1ol, que a\u00fan tendr\u00e1 que enfrentarse al equipo de <strong>Zak Brown<\/strong> en los tribunales.<\/p>\n\n\n\n<p class=\"wp-block-paragraph\">La temporada 2024 de la <strong>IndyCar <\/strong>arranca el 10 de marzo con el <strong>Gran Premio de San Petersburgo.<\/strong><\/p>\n","protected":false},"excerpt":{"rendered":"<p>El bicampe\u00f3n de la Indy \u00c1lex Palou ha reconocido que &#8220;intent\u00f3&#8221; por todos los medios conseguir una plaza en la F\u00f3rmula 1, por lo que se conforma con no haber llegado a la categor\u00eda<\/p>\n","protected":false},"author":0,"featured_media":1010228897,"comment_status":"closed","ping_status":"closed","sticky":false,"template":"","format":"standard","meta":{"42wp_featured_image_caption":"","42wp_featured_image_credits":"","42wp_featured_video":"","42wp_featured_image_hidden":false,"42wp_authors_list":[],"footnotes":""},"categories":[7],"tags":[598,393,1488,619,310,2294,9466],"42wp_author":[14239],"class_list":["post-15570","post","type-post","status-publish","format-standard","has-post-thumbnail","hentry","category-indy","tag-500-millas-de-indianapolis","tag-alex-palou","tag-grande-premio","tag-indy-500","tag-indycar","tag-indycar-2024","tag-temporada-2024-indycar","42wp_author-jp-otrosky"],"_links":{"self":[{"href":"https:\/\/grandepremio.com\/es\/wp-json\/wp\/v2\/posts\/15570","targetHints":{"allow":["GET"]}}],"collection":[{"href":"https:\/\/grandepremio.com\/es\/wp-json\/wp\/v2\/posts"}],"about":[{"href":"https:\/\/grandepremio.com\/es\/wp-json\/wp\/v2\/types\/post"}],"replies":[{"embeddable":true,"href":"https:\/\/grandepremio.com\/es\/wp-json\/wp\/v2\/comments?post=15570"}],"version-history":[{"count":0,"href":"https:\/\/grandepremio.com\/es\/wp-json\/wp\/v2\/posts\/15570\/revisions"}],"wp:featuredmedia":[{"embeddable":true,"href":"https:\/\/grandepremio.com\/es\/wp-json\/wp\/v2\/media\/1010228897"}],"wp:attachment":[{"href":"https:\/\/grandepremio.com\/es\/wp-json\/wp\/v2\/media?parent=15570"}],"wp:term":[{"taxonomy":"category","embeddable":true,"href":"https:\/\/grandepremio.com\/es\/wp-json\/wp\/v2\/categories?post=15570"},{"taxonomy":"post_tag","embeddable":true,"href":"https:\/\/grandepremio.com\/es\/wp-json\/wp\/v2\/tags?post=15570"},{"taxonomy":"42wp_author","embeddable":true,"href":"https:\/\/grandepremio.com\/es\/wp-json\/wp\/v2\/42wp_author?post=15570"}],"curies":[{"name":"wp","href":"https:\/\/api.w.org\/{rel}","templated":true}]}}