{"id":15616,"date":"2024-01-09T09:08:39","date_gmt":"2024-01-09T12:08:39","guid":{"rendered":"https:\/\/grandepremio.com\/es\/2024\/01\/09\/tom-coronel-choca-piloto-motos-tercera-especial-dakar\/"},"modified":"2024-01-09T09:08:45","modified_gmt":"2024-01-09T12:08:45","slug":"tom-coronel-choca-piloto-motos-tercera-especial-dakar","status":"publish","type":"post","link":"https:\/\/grandepremio.com\/es\/rally\/tom-coronel-choca-piloto-motos-tercera-especial-dakar\/","title":{"rendered":"Tom Coronel choca con un piloto de motos durante la tercera especial del Dakar"},"content":{"rendered":"\n<p class=\"wp-block-paragraph\">Durante la tercera etapa del <strong>Dakar 2024<\/strong>, que se disput\u00f3 ayer entre las ciudades de Al Duwadimi y Al Salamiya, en pleno desierto saud\u00ed, se produjo un incidente entre los hermanos Tom y <strong>Tim Coronel<\/strong> y la moto de <strong>Philippe Gordon<\/strong>, afortunadamente sin graves consecuencias para ninguno de los competidores.<\/p>\n\n\n\n<p class=\"wp-block-paragraph\">Coronel public\u00f3 el v\u00eddeo en sus redes sociales y dijo que su auto y la moto circulaban en direcciones opuestas. Los hermanos neerlandeses aducen que estaban en la direcci\u00f3n indicada, y que la moto estaba a contramano de la carrera al momento del choque.<\/p>\n\n\n\n<p class=\"wp-block-paragraph\"><strong>&#8220;Ven\u00eda una moto en sentido contrario y le hemos golpeado. Le pregunt\u00e9 si estaba bien y me dijo que s\u00ed. Ahora [a la llegada], vamos a comprobar si est\u00e1 aqu\u00ed porque se ha subido r\u00e1pidamente a la moto. Hemos tenido varios problemas en los \u00faltimos 20 kil\u00f3metros&#8221;<\/strong>, explic\u00f3 Tom.<\/p>\n\n\n\n<p class=\"wp-block-paragraph\">En el v\u00eddeo, Coronel tambi\u00e9n mostr\u00f3 el parabrisas del coche casi completamente destrozado por el impacto. Al final de la etapa, encontr\u00f3 a Gendron y se disculp\u00f3 con el piloto franc\u00e9s por el accidente.<\/p>\n\n\n\n<figure class=\"wp-block-image size-full\"><img decoding=\"async\" src=\"https:\/\/grandepremio.com\/es\/wp-content\/uploads\/2024\/01\/image-45.png\" alt=\"\" class=\"wp-image-228562\"\/><figcaption class=\"wp-element-caption\">Tom Coronel durante la segunda especial del rally (Foto: ASO\/Eric Vargiolu\/DPPI)<\/figcaption><\/figure>\n\n\n\n<p class=\"wp-block-paragraph\">A pesar de los problemas, <strong>Tom Coronel<\/strong> y su hermano Tim siguen en carrera de cara a la cuarta etapa y se ubican 48\u00b0 entre los autos. Afortunadamente, Gendron no tiene lesiones y continuar\u00e1 la prueba desde el 77\u00b0 puesto entre las motos.<\/p>\n\n\n\n<p class=\"wp-block-paragraph\">Por otro lado, el incidente m\u00e1s grave hasta ahora en la actual edici\u00f3n del Dakar tuvo como protagonista a <strong>Carles Falc\u00f3n<\/strong>, quien sufri\u00f3 un grave accidente en la segunda etapa del pasado domingo. El espa\u00f1ol se cay\u00f3 de su moto hacia el final del recorrido y acab\u00f3 golpe\u00e1ndose la cabeza. Otro piloto que ven\u00eda detr\u00e1s inform\u00f3 a la direcci\u00f3n de carrera del accidente.<\/p>\n\n\n\n<p class=\"wp-block-paragraph\"><strong>\u00a1Conoce el canal de Grande Pr\u00eamio en Espa\u00f1ol en&nbsp;<\/strong><a href=\"https:\/\/www.youtube.com\/channel\/UCDxWojGVUi9gWYhrY0pGbIQ\" target=\"_blank\" rel=\"noreferrer noopener\"><strong>YouTube<\/strong><\/a><strong>!<\/strong><br><strong>\u00a1Sigue a Grande Pr\u00eamio en Espa\u00f1ol en&nbsp;<\/strong><a href=\"https:\/\/twitter.com\/grandepremioES\" target=\"_blank\" rel=\"noreferrer noopener\"><strong>Twitter&nbsp;<\/strong><\/a><strong>y en&nbsp;<\/strong><a href=\"https:\/\/www.instagram.com\/grandepremioes\/\" target=\"_blank\" rel=\"noreferrer noopener\"><strong>Instagram<\/strong><\/a><strong>!<\/strong><\/p>\n\n\n\n<p class=\"wp-block-paragraph\">Mientras Falc\u00f3n intenta recuperarse de las consecuencias de su accidente, el s\u00e1bado se retrasaba el inicio de la primera etapa de los autos, por un choque entre Toyota Overdrive #229 de <strong>Lucien Baud<\/strong> y un espectador. Seg\u00fan un comunicado de la organizaci\u00f3n del rally, <strong>&#8220;el espectador fue atendido por los servicios m\u00e9dicos y trasladado al hospital m\u00e1s cercano&#8221;.<\/strong><\/p>\n\n\n\n<p class=\"wp-block-paragraph\">El Dakar seguir\u00e1 disput\u00e1ndose en<strong> Arabia Saudita<\/strong> hasta el 19 de enero, con el d\u00eda de descanso pactado para el s\u00e1bado 13.<\/p>\n\n\n\n<figure class=\"wp-block-embed is-type-video is-provider-youtube wp-block-embed-youtube wp-embed-aspect-16-9 wp-has-aspect-ratio\"><div class=\"wp-block-embed__wrapper\">\n<iframe loading=\"lazy\" title=\"COMIENZA EL RALLY DAKAR 2024 CON IMPORTANTE PRESENCIA LATINOAMERICANA\" width=\"500\" height=\"281\" src=\"https:\/\/www.youtube.com\/embed\/zSwl8PYm0Y4?feature=oembed\" frameborder=\"0\" allow=\"accelerometer; autoplay; clipboard-write; encrypted-media; gyroscope; picture-in-picture; web-share\" referrerpolicy=\"strict-origin-when-cross-origin\" allowfullscreen><\/iframe>\n<\/div><\/figure>\n","protected":false},"excerpt":{"rendered":"<p>El carism\u00e1tico piloto neerland\u00e9s est\u00e1 lejos de la lucha por la victoria en coches en este Dakar, pero se ha visto involucrado en un accidente con el piloto de motos, Philippe Gendron, durante la tercera especial del rally.<\/p>\n","protected":false},"author":0,"featured_media":1010228560,"comment_status":"closed","ping_status":"closed","sticky":false,"template":"","format":"standard","meta":{"42wp_featured_image_caption":"","42wp_featured_image_credits":"","42wp_featured_video":"","42wp_featured_image_hidden":false,"42wp_authors_list":[],"footnotes":""},"categories":[9],"tags":[1297,9722,9686,9723,9721,9720,4943],"42wp_author":[14237],"class_list":["post-15616","post","type-post","status-publish","format-standard","has-post-thumbnail","hentry","category-rally","tag-arabia-saudita","tag-carles-falcon","tag-dakar-2024","tag-lucien-baud","tag-philippe-gordon","tag-tim-coronel","tag-tom-coronel","42wp_author-gabriel-garcia"],"_links":{"self":[{"href":"https:\/\/grandepremio.com\/es\/wp-json\/wp\/v2\/posts\/15616","targetHints":{"allow":["GET"]}}],"collection":[{"href":"https:\/\/grandepremio.com\/es\/wp-json\/wp\/v2\/posts"}],"about":[{"href":"https:\/\/grandepremio.com\/es\/wp-json\/wp\/v2\/types\/post"}],"replies":[{"embeddable":true,"href":"https:\/\/grandepremio.com\/es\/wp-json\/wp\/v2\/comments?post=15616"}],"version-history":[{"count":0,"href":"https:\/\/grandepremio.com\/es\/wp-json\/wp\/v2\/posts\/15616\/revisions"}],"wp:featuredmedia":[{"embeddable":true,"href":"https:\/\/grandepremio.com\/es\/wp-json\/wp\/v2\/media\/1010228560"}],"wp:attachment":[{"href":"https:\/\/grandepremio.com\/es\/wp-json\/wp\/v2\/media?parent=15616"}],"wp:term":[{"taxonomy":"category","embeddable":true,"href":"https:\/\/grandepremio.com\/es\/wp-json\/wp\/v2\/categories?post=15616"},{"taxonomy":"post_tag","embeddable":true,"href":"https:\/\/grandepremio.com\/es\/wp-json\/wp\/v2\/tags?post=15616"},{"taxonomy":"42wp_author","embeddable":true,"href":"https:\/\/grandepremio.com\/es\/wp-json\/wp\/v2\/42wp_author?post=15616"}],"curies":[{"name":"wp","href":"https:\/\/api.w.org\/{rel}","templated":true}]}}