{"id":15622,"date":"2024-01-08T12:29:09","date_gmt":"2024-01-08T15:29:09","guid":{"rendered":"https:\/\/grandepremio.com\/es\/2024\/01\/08\/williams-renueva-contrato-mantiene-motores-mercedes\/"},"modified":"2024-01-08T12:29:18","modified_gmt":"2024-01-08T15:29:18","slug":"williams-renueva-contrato-mantiene-motores-mercedes","status":"publish","type":"post","link":"https:\/\/grandepremio.com\/es\/f1\/williams-renueva-contrato-mantiene-motores-mercedes\/","title":{"rendered":"Williams renueva el contrato y mantiene los motores de Mercedes hasta 2030"},"content":{"rendered":"\n<p class=\"wp-block-paragraph\">Los equipos de la<strong> F\u00f3rmula 1<\/strong> se alistan para la nueva reglamentaci\u00f3n de motores, que se implementar\u00e1 en el a\u00f1o 2026, y <strong>Williams<\/strong> dio a conocer este lunes que renov\u00f3 el acuerdo que tiene con<strong> Mercedes<\/strong> de provisi\u00f3n de unidades de potencia hasta 2030.<\/p>\n\n\n\n<p class=\"wp-block-paragraph\">El v\u00ednculo entre Williams y Mercedes se remonta al inicio de la era h\u00edbrida, en<strong> 2014<\/strong>, cuando el equipo de <strong>Grove<\/strong> cambi\u00f3 la provisi\u00f3n de<strong> Renault<\/strong> al fabricante alem\u00e1n, con el que tuvo unas muy buenas temporadas iniciales, pero los problemas internos y el flojo rendimiento del monoplaza lo llevaron a los \u00faltimos puestos de la grilla.<\/p>\n\n\n\n<p class=\"wp-block-paragraph\">Con <strong>James Vowles<\/strong> al comando como jefe de equipo, la escuder\u00eda celebr\u00f3 la extensi\u00f3n del acuerdo de motores:<strong> &#8220;Hemos disfrutado de una asociaci\u00f3n a largo plazo con Mercedes y estamos entusiasmados de ampliar esta colaboraci\u00f3n en la pr\u00f3xima era de la F\u00f3rmula 1. La experiencia, el apoyo y la tecnolog\u00eda que Mercedes pone sobre la mesa se alinea perfectamente con las aspiraciones a medio y largo plazo de nuestro equipo. Este acuerdo a largo plazo con Mercedes es un paso positivo y forma parte de nuestros objetivos para el futuro, a la vez que continuaremos manteniendo nuestra experiencia y capacidades de dise\u00f1o y producci\u00f3n en casa&#8221;.<\/strong><\/p>\n\n\n\n<figure class=\"wp-block-image size-full\"><img decoding=\"async\" src=\"https:\/\/grandepremio.com\/es\/wp-content\/uploads\/2024\/01\/image-36.png\" alt=\"\" class=\"wp-image-228509\"\/><figcaption class=\"wp-element-caption\">Logan Sargeant (Foto: Williams)<\/figcaption><\/figure>\n\n\n\n<p class=\"wp-block-paragraph\">Para la temporada 2026, se alistan motores que utilizar\u00e1n combustibles 100% sostenibles, se actualizar\u00e1n los sistemas el\u00e9ctricos, con <strong>la supresi\u00f3n del MGU-K<\/strong> (generador de energ\u00eda cin\u00e9tica) y la introducci\u00f3n de un motor el\u00e9ctrico con 350 kW m\u00e1s que la versi\u00f3n actual.<\/p>\n\n\n\n<p class=\"wp-block-paragraph\"><strong>Toto Wolff<\/strong>, jefe de Mercedes, indic\u00f3 lo siguiente tras la renovaci\u00f3n de su v\u00ednculo estrecho con Williams: <strong>&#8220;Estamos encantados de confirmar a Williams como nuestro segundo equipo cliente para suministrar tras el cambio de reglamento de 2026. La noticia de hoy pone de relieve la fortaleza de lo que Mercedes ofrece en la F1, y no solo valida, sino que refuerza nuestra estrategia en el automovilismo&#8221;.<\/strong><\/p>\n\n\n\n<p class=\"wp-block-paragraph\"><strong>&#8220;Desde 2014, hemos seguido construyendo y desarrollando nuestra relaci\u00f3n con Williams. A medida que el equipo contin\u00faa sentando las bases para desafiar en la parte delantera de la parrilla, esperamos apoyarlos con nuestro suministro de unidades de potencia&#8221;<\/strong>, concluy\u00f3 el austr\u00edaco, ex empleado del equipo que supo fundar<strong> Frank Williams<\/strong>.<\/p>\n\n\n\n<p class=\"wp-block-paragraph\"><strong>\u00a1Conoce el canal de Grande Pr\u00eamio en Espa\u00f1ol en&nbsp;<\/strong><a href=\"https:\/\/www.youtube.com\/channel\/UCDxWojGVUi9gWYhrY0pGbIQ\" target=\"_blank\" rel=\"noreferrer noopener\"><strong>YouTube<\/strong><\/a><strong>!<\/strong><br><strong>\u00a1Sigue a Grande Pr\u00eamio en Espa\u00f1ol en&nbsp;<\/strong><a href=\"https:\/\/twitter.com\/grandepremioES\" target=\"_blank\" rel=\"noreferrer noopener\"><strong>Twitter&nbsp;<\/strong><\/a><strong>y en&nbsp;<\/strong><a href=\"https:\/\/www.instagram.com\/grandepremioes\/\" target=\"_blank\" rel=\"noreferrer noopener\"><strong>Instagram<\/strong><\/a><strong>!<\/strong><\/p>\n\n\n\n<p class=\"wp-block-paragraph\"><strong>Williams<\/strong> termin\u00f3 la temporada 2023 en el s\u00e9ptimo lugar del Campeonato Mundial de Constructores, con 28 puntos, el mejor resultado del equipo desde 2017. Para 2024, se ha mantenido la pareja de pilotos formada por<strong> Alexander Albon <\/strong>y<strong> Logan Sargeant.<\/strong><\/p>\n\n\n\n<figure class=\"wp-block-embed is-type-video is-provider-youtube wp-block-embed-youtube wp-embed-aspect-16-9 wp-has-aspect-ratio\"><div class=\"wp-block-embed__wrapper\">\n<iframe loading=\"lazy\" title=\"RETROSPECTIVA GP: WILLIAMS RESURGE GRACIAS A ALBON EN 2023\" width=\"500\" height=\"281\" src=\"https:\/\/www.youtube.com\/embed\/7b-5_quTdJo?feature=oembed\" frameborder=\"0\" allow=\"accelerometer; autoplay; clipboard-write; encrypted-media; gyroscope; picture-in-picture; web-share\" referrerpolicy=\"strict-origin-when-cross-origin\" allowfullscreen><\/iframe>\n<\/div><\/figure>\n","protected":false},"excerpt":{"rendered":"<p>Williams sigui\u00f3 los pasos de McLaren y anunci\u00f3 la renovaci\u00f3n de su contrato de motores con Mercedes para la nueva era de unidades de potencia, que comenzar\u00e1 en 2026, y hasta el a\u00f1o 2030. <\/p>\n","protected":false},"author":0,"featured_media":1010228507,"comment_status":"closed","ping_status":"closed","sticky":false,"template":"","format":"standard","meta":{"42wp_featured_image_caption":"","42wp_featured_image_credits":"","42wp_featured_video":"","42wp_featured_image_hidden":false,"42wp_authors_list":[],"footnotes":""},"categories":[5],"tags":[293,4029,181,2249,179,664,1488,2094,1799,285,197,210,569,1224],"42wp_author":[14237],"class_list":["post-15622","post","type-post","status-publish","format-standard","has-post-thumbnail","hentry","category-f1","tag-alexander-albon","tag-era-hibrida-f1","tag-f1","tag-f1-2024","tag-formula-1","tag-frank-williams","tag-grande-premio","tag-grove","tag-james-vowles","tag-logan-sargeant","tag-mercedes","tag-renault","tag-toto-wolff","tag-williams-racing","42wp_author-gabriel-garcia"],"_links":{"self":[{"href":"https:\/\/grandepremio.com\/es\/wp-json\/wp\/v2\/posts\/15622","targetHints":{"allow":["GET"]}}],"collection":[{"href":"https:\/\/grandepremio.com\/es\/wp-json\/wp\/v2\/posts"}],"about":[{"href":"https:\/\/grandepremio.com\/es\/wp-json\/wp\/v2\/types\/post"}],"replies":[{"embeddable":true,"href":"https:\/\/grandepremio.com\/es\/wp-json\/wp\/v2\/comments?post=15622"}],"version-history":[{"count":0,"href":"https:\/\/grandepremio.com\/es\/wp-json\/wp\/v2\/posts\/15622\/revisions"}],"wp:featuredmedia":[{"embeddable":true,"href":"https:\/\/grandepremio.com\/es\/wp-json\/wp\/v2\/media\/1010228507"}],"wp:attachment":[{"href":"https:\/\/grandepremio.com\/es\/wp-json\/wp\/v2\/media?parent=15622"}],"wp:term":[{"taxonomy":"category","embeddable":true,"href":"https:\/\/grandepremio.com\/es\/wp-json\/wp\/v2\/categories?post=15622"},{"taxonomy":"post_tag","embeddable":true,"href":"https:\/\/grandepremio.com\/es\/wp-json\/wp\/v2\/tags?post=15622"},{"taxonomy":"42wp_author","embeddable":true,"href":"https:\/\/grandepremio.com\/es\/wp-json\/wp\/v2\/42wp_author?post=15622"}],"curies":[{"name":"wp","href":"https:\/\/api.w.org\/{rel}","templated":true}]}}