{"id":15677,"date":"2024-01-02T11:43:36","date_gmt":"2024-01-02T14:43:36","guid":{"rendered":"https:\/\/grandepremio.com\/es\/2024\/01\/02\/tsunoda-agradece-ex-jefe-consejos-seguir-f1\/"},"modified":"2024-01-02T11:43:42","modified_gmt":"2024-01-02T14:43:42","slug":"tsunoda-agradece-ex-jefe-consejos-seguir-f1","status":"publish","type":"post","link":"https:\/\/grandepremio.com\/es\/f1\/tsunoda-agradece-ex-jefe-consejos-seguir-f1\/","title":{"rendered":"Tsunoda agradece a su ex jefe los consejos para seguir en F1: &#8220;Confi\u00f3 en mi talento&#8221;"},"content":{"rendered":"\n<p class=\"wp-block-paragraph\">Sin dudas que la temporada 2023 para<strong> AlphaTauri <\/strong>fue bastante complicada, pero que pudo terminar en una nota alta recuper\u00e1ndose de un mal inicio de a\u00f1o, sobre todo a partir de la llegada de <strong>Daniel Ricciardo<\/strong> en lugar de <strong>Nyck de Vries<\/strong>. Adem\u00e1s, <strong>Liam Lawson <\/strong>fue parte del mejor resultado del equipo hasta el GP de Singapur, y que fue los mejores para la escuder\u00eda con el noveno puesto.<\/p>\n\n\n\n<p class=\"wp-block-paragraph\">Por esto, es que <strong>Yuki Tsunoda<\/strong> quiso agradecer por los consejos a<strong> Franz Tost<\/strong>, el jefe de los de<strong> Faenza<\/strong>, quien se ha retirado luego de 18 a\u00f1os al frente de la escuder\u00eda \u201cB\u201d de<strong> Red Bull<\/strong>, ya que arrib\u00f3 en 2006 cuando era Toro Rosso. En el cargo, vio como ganaba <strong>Sebastian Vettel <\/strong>en 2008 y <strong>Pierre Gasly<\/strong> en 2020, ambos en el GP de Italia.<\/p>\n\n\n\n<p class=\"wp-block-paragraph\">Ya con la salida de Tost consumada, Yuki dijo lo siguiente: <strong>&#8220;Por supuesto, sin Franz no estar\u00eda aqu\u00ed. Me dio muchos consejos en cada carrera. En los buenos y en los malos momentos, compartimos nuestras alegr\u00edas y nuestras penas. Siempre es el que m\u00e1s te apoya dentro del equipo&#8221;.<\/strong><\/p>\n\n\n\n<p class=\"wp-block-paragraph\"><strong>&#8220;(Tost) Confiaba en mi talento, en mi velocidad, en todo. Incluso en la primera mitad de mi temporada inicial, cuando ten\u00eda dificultades, \u00e9l segu\u00eda creyendo que yo pod\u00eda conseguir m\u00e1s. Sin ese tipo de ayuda, no habr\u00eda podido desarrollarme mucho como piloto. La forma en que me trat\u00f3 fue realmente \u00fatil&#8221;,<\/strong> a\u00f1adi\u00f3.<\/p>\n\n\n\n<figure class=\"wp-block-image size-full\"><img decoding=\"async\" src=\"https:\/\/grandepremio.com\/es\/wp-content\/uploads\/2024\/01\/image-11.png\" alt=\"\" class=\"wp-image-228081\"\/><figcaption class=\"wp-element-caption\">Franz Tost fue jefe del equipo B de Red Bull durante m\u00e1s de una d\u00e9cada (Foto: Red Bull Content Pool)<\/figcaption><\/figure>\n\n\n\n<p class=\"wp-block-paragraph\">A lo largo de su etapa en la F1, Tost dirigi\u00f3 a pilotos campeones como Sebastian Vettel y<strong> Max Verstappen<\/strong>, as\u00ed como a otros ganadores como Pierre Gasly, Daniel Ricciardo y<strong> Carlos Sainz<\/strong>. A la edad de 67 a\u00f1os, el entonces jefe del equipo decidi\u00f3 seguir adelante con su plan de retirarse.<\/p>\n\n\n\n<p class=\"wp-block-paragraph\">De manera un tanto intempestiva, conocimos en el <strong>GP de Azerbaiy\u00e1n <\/strong>que AlphaTauri reemplazar\u00e1 a Tost por<strong> Laurent Mekies <\/strong>desde este a\u00f1o. Ferrari, ex empleador de Mekies, lo liber\u00f3 para que dejara su cargo de director deportivo y, ante la filtraci\u00f3n, se opt\u00f3 por hacerlo p\u00fablico. Ya el a\u00f1o pasado se hab\u00eda incorporado <strong>Peter Bayer<\/strong> como director general.<\/p>\n\n\n\n<p class=\"wp-block-paragraph\"><strong>\u00a1Conoce el canal de Grande Pr\u00eamio en Espa\u00f1ol en&nbsp;<\/strong><a href=\"https:\/\/www.youtube.com\/channel\/UCDxWojGVUi9gWYhrY0pGbIQ\" target=\"_blank\" rel=\"noreferrer noopener\"><strong>YouTube<\/strong><\/a><strong>!<\/strong><br><strong>\u00a1Sigue a Grande Pr\u00eamio en Espa\u00f1ol en&nbsp;<\/strong><a href=\"https:\/\/twitter.com\/grandepremioES\" target=\"_blank\" rel=\"noreferrer noopener\"><strong>Twitter&nbsp;<\/strong><\/a><strong>y en&nbsp;<\/strong><a href=\"https:\/\/www.instagram.com\/grandepremioes\/\" target=\"_blank\" rel=\"noreferrer noopener\"><strong>Instagram<\/strong><\/a><strong>!<\/strong><\/p>\n\n\n\n<p class=\"wp-block-paragraph\">La F\u00f3rmula 1 volver\u00e1 a la pista del 21 al 23 de febrero de 2024, con los tests colectivos de pretemporada en Bahr\u00e9in.<\/p>\n","protected":false},"excerpt":{"rendered":"<p>A las puertas de su cuarta temporada en la F\u00f3rmula 1, Yuki Tsunoda aprovech\u00f3 la ocasi\u00f3n para describir el apoyo de Franz Tost, el jefe de AlphaTauri, que abandon\u00f3 al equipo al final de 2023.<\/p>\n","protected":false},"author":0,"featured_media":1010228077,"comment_status":"closed","ping_status":"closed","sticky":false,"template":"","format":"standard","meta":{"42wp_featured_image_caption":"","42wp_featured_image_credits":"","42wp_featured_video":"","42wp_featured_image_hidden":false,"42wp_authors_list":[],"footnotes":""},"categories":[5],"tags":[508,9507,365,181,4196,179,1425,1753,279,249,1540,2153,427,206,208,368],"42wp_author":[14237],"class_list":["post-15677","post","type-post","status-publish","format-standard","has-post-thumbnail","hentry","category-f1","tag-alphatauri","tag-carlos-sainz-ferrari","tag-daniel-ricciardo","tag-f1","tag-faenza","tag-formula-1","tag-franz-tost","tag-laurent-mekies","tag-liam-lawson","tag-max-verstappen","tag-nyck-de-vries","tag-peter-bayer","tag-pierre-gasly","tag-red-bull","tag-sebastian-vettel","tag-yuki-tsunoda","42wp_author-gabriel-garcia"],"_links":{"self":[{"href":"https:\/\/grandepremio.com\/es\/wp-json\/wp\/v2\/posts\/15677","targetHints":{"allow":["GET"]}}],"collection":[{"href":"https:\/\/grandepremio.com\/es\/wp-json\/wp\/v2\/posts"}],"about":[{"href":"https:\/\/grandepremio.com\/es\/wp-json\/wp\/v2\/types\/post"}],"replies":[{"embeddable":true,"href":"https:\/\/grandepremio.com\/es\/wp-json\/wp\/v2\/comments?post=15677"}],"version-history":[{"count":0,"href":"https:\/\/grandepremio.com\/es\/wp-json\/wp\/v2\/posts\/15677\/revisions"}],"wp:featuredmedia":[{"embeddable":true,"href":"https:\/\/grandepremio.com\/es\/wp-json\/wp\/v2\/media\/1010228077"}],"wp:attachment":[{"href":"https:\/\/grandepremio.com\/es\/wp-json\/wp\/v2\/media?parent=15677"}],"wp:term":[{"taxonomy":"category","embeddable":true,"href":"https:\/\/grandepremio.com\/es\/wp-json\/wp\/v2\/categories?post=15677"},{"taxonomy":"post_tag","embeddable":true,"href":"https:\/\/grandepremio.com\/es\/wp-json\/wp\/v2\/tags?post=15677"},{"taxonomy":"42wp_author","embeddable":true,"href":"https:\/\/grandepremio.com\/es\/wp-json\/wp\/v2\/42wp_author?post=15677"}],"curies":[{"name":"wp","href":"https:\/\/api.w.org\/{rel}","templated":true}]}}