{"id":15705,"date":"2023-12-30T10:43:14","date_gmt":"2023-12-30T13:43:14","guid":{"rendered":"https:\/\/grandepremio.com\/es\/2023\/12\/30\/red-bull-ve-hambre-verstappen-pero-duda-siga-f1\/"},"modified":"2023-12-30T10:43:21","modified_gmt":"2023-12-30T13:43:21","slug":"red-bull-ve-hambre-verstappen-pero-duda-siga-f1","status":"publish","type":"post","link":"https:\/\/grandepremio.com\/es\/f1\/red-bull-ve-hambre-verstappen-pero-duda-siga-f1\/","title":{"rendered":"Red Bull ve el &#8220;hambre&#8221; de Verstappen, pero duda de que siga en la F1 &#8220;hasta los 42 a\u00f1os&#8221;"},"content":{"rendered":"\n<p class=\"wp-block-paragraph\">El dominio de <strong>Max Verstappen<\/strong> a lo largo de la temporada 2023 acab\u00f3 por ser algo jam\u00e1s visto en la historia de la <strong>F\u00f3rmula 1<\/strong>, ya que venci\u00f3 en 19 de las 22 carreras que se disputaron, m\u00e1s que ning\u00fan otro piloto. Adem\u00e1s, <strong>Red Bull<\/strong> solo perdi\u00f3 una competencia este a\u00f1o, con <strong>Ferrari <\/strong>y <strong>Carlos Sainz<\/strong> en el <strong>GP de Singapur.<\/strong><\/p>\n\n\n\n<p class=\"wp-block-paragraph\">Verstappen, que solo no subi\u00f3 al podio en <strong>Marina Bay<\/strong>, sigue batiendo r\u00e9cords y ya suma tres t\u00edtulos del mundo consecutivos. Pero muchos se preguntan hasta cuando el neerland\u00e9s correr\u00e1 en F1. Es que ha dejado en claro varias veces que le importa m\u00e1s la competitividad que los r\u00e9cords y entrar en la historia.<\/p>\n\n\n\n<p class=\"wp-block-paragraph\">De hecho, ni siquiera el jefe del equipo de las bebidas energ\u00e9ticas, <strong>Christian Horner<\/strong>, conoce que puede hacer Max en el futuro y as\u00ed se lo dijo a<em> Race Fans<\/em>: <strong>&#8220;\u00bfQui\u00e9n sabe? Tiene 26 a\u00f1os, todav\u00eda le queda le\u00f1a que quemar, pero llegar\u00e1 hasta donde quiera y mientras la motivaci\u00f3n est\u00e9. Es muy fuerte mentalmente. No creo que conduzca hasta que tenga 42 a\u00f1os en la F1, pero eso ser\u00e1 dentro de 16 a\u00f1os, as\u00ed que pensar\u00e1 en una temporada a la vez&#8221;.<\/strong><\/p>\n\n\n\n<p class=\"wp-block-paragraph\"><strong>&#8220;Siempre est\u00e1 aprendiendo, es como una esponja: recibe todo y luego lo aplica, siempre tiene hambre de m\u00e1s informaci\u00f3n. Necesita conocimiento para luego replicar&#8221;<\/strong>, a\u00f1adi\u00f3.<\/p>\n\n\n\n<figure class=\"wp-block-image size-full\"><img decoding=\"async\" src=\"https:\/\/grandepremio.com\/es\/wp-content\/uploads\/2023\/12\/image-144.png\" alt=\"\" class=\"wp-image-227871\"\/><figcaption class=\"wp-element-caption\">Max Verstappen fue implacable en la F1 en 2023 (Foto: Red Bull Content Pool)<\/figcaption><\/figure>\n\n\n\n<p class=\"wp-block-paragraph\">Teniendo en cuenta que el propio Verstappen no desea quedarse tanto tiempo en la categor\u00eda como <strong>Fernando Alonso <\/strong>o<strong> Lewis Hamilton<\/strong>, se abrieron muchas especulaciones de cuando y como tomar\u00eda esa decisi\u00f3n. Est\u00e1 claro que desea m\u00e1s desaf\u00edos, como el de comandar un equipo en autos con techo despu\u00e9s de su retiro.<\/p>\n\n\n\n<p class=\"wp-block-paragraph\">El piloto de Red Bull, sin embargo, tambi\u00e9n ha dicho que siente mucha admiraci\u00f3n por quienes compiten en<strong> IndyCar<\/strong>, pero intent\u00f3 decir que no tiene intenci\u00f3n de <em>\u201carriesgar su vida\u201d <\/em>en nombre de la gloria. Y descart\u00f3 buscar la triple corona, que la alcanzar\u00eda con una victoria en las <strong>500 Millas de Indian\u00e1polis<\/strong>.<\/p>\n\n\n\n<p class=\"wp-block-paragraph\"><strong>\u00a1Conoce el canal de Grande Pr\u00eamio en Espa\u00f1ol en&nbsp;<\/strong><a href=\"https:\/\/www.youtube.com\/channel\/UCDxWojGVUi9gWYhrY0pGbIQ\" target=\"_blank\" rel=\"noreferrer noopener\"><strong>YouTube<\/strong><\/a><strong>!<\/strong><br><strong>\u00a1Sigue a Grande Pr\u00eamio en Espa\u00f1ol en&nbsp;<\/strong><a href=\"https:\/\/twitter.com\/grandepremioES\" target=\"_blank\" rel=\"noreferrer noopener\"><strong>Twitter&nbsp;<\/strong><\/a><strong>y en&nbsp;<\/strong><a href=\"https:\/\/www.instagram.com\/grandepremioes\/\" target=\"_blank\" rel=\"noreferrer noopener\"><strong>Instagram<\/strong><\/a><strong>!<\/strong><\/p>\n\n\n\n<p class=\"wp-block-paragraph\">La F\u00f3rmula 1 vuelve a las pistas del 21 al 23 de febrero de 2024, con pruebas colectivas de pretemporada, en Bahr\u00e9in.<\/p>\n","protected":false},"excerpt":{"rendered":"<p>A pesar del dominio absoluto y los r\u00e9cords batidos, el jefe Christian Horner no sabe qu\u00e9 esperar del futuro de Max Verstappen en Red Bull e, incluso, en la F\u00f3rmula 1. <\/p>\n","protected":false},"author":0,"featured_media":1010227869,"comment_status":"closed","ping_status":"closed","sticky":false,"template":"","format":"standard","meta":{"42wp_featured_image_caption":"","42wp_featured_image_credits":"","42wp_featured_video":"","42wp_featured_image_hidden":false,"42wp_authors_list":[],"footnotes":""},"categories":[5],"tags":[598,9507,1336,181,1676,184,179,493,310,199,2128,249,206],"42wp_author":[14237],"class_list":["post-15705","post","type-post","status-publish","format-standard","has-post-thumbnail","hentry","category-f1","tag-500-millas-de-indianapolis","tag-carlos-sainz-ferrari","tag-christian-horner","tag-f1","tag-f1-2023","tag-fernando-alonso","tag-formula-1","tag-gp-de-singapur","tag-indycar","tag-lewis-hamilton","tag-marina-bay","tag-max-verstappen","tag-red-bull","42wp_author-gabriel-garcia"],"_links":{"self":[{"href":"https:\/\/grandepremio.com\/es\/wp-json\/wp\/v2\/posts\/15705","targetHints":{"allow":["GET"]}}],"collection":[{"href":"https:\/\/grandepremio.com\/es\/wp-json\/wp\/v2\/posts"}],"about":[{"href":"https:\/\/grandepremio.com\/es\/wp-json\/wp\/v2\/types\/post"}],"replies":[{"embeddable":true,"href":"https:\/\/grandepremio.com\/es\/wp-json\/wp\/v2\/comments?post=15705"}],"version-history":[{"count":0,"href":"https:\/\/grandepremio.com\/es\/wp-json\/wp\/v2\/posts\/15705\/revisions"}],"wp:featuredmedia":[{"embeddable":true,"href":"https:\/\/grandepremio.com\/es\/wp-json\/wp\/v2\/media\/1010227869"}],"wp:attachment":[{"href":"https:\/\/grandepremio.com\/es\/wp-json\/wp\/v2\/media?parent=15705"}],"wp:term":[{"taxonomy":"category","embeddable":true,"href":"https:\/\/grandepremio.com\/es\/wp-json\/wp\/v2\/categories?post=15705"},{"taxonomy":"post_tag","embeddable":true,"href":"https:\/\/grandepremio.com\/es\/wp-json\/wp\/v2\/tags?post=15705"},{"taxonomy":"42wp_author","embeddable":true,"href":"https:\/\/grandepremio.com\/es\/wp-json\/wp\/v2\/42wp_author?post=15705"}],"curies":[{"name":"wp","href":"https:\/\/api.w.org\/{rel}","templated":true}]}}