{"id":15731,"date":"2023-12-28T10:26:34","date_gmt":"2023-12-28T13:26:34","guid":{"rendered":"https:\/\/grandepremio.com\/es\/2023\/12\/28\/bustamante-pide-disculpas-me-gusta-ofensivo-stroll\/"},"modified":"2023-12-28T10:26:42","modified_gmt":"2023-12-28T13:26:42","slug":"bustamante-pide-disculpas-me-gusta-ofensivo-stroll","status":"publish","type":"post","link":"https:\/\/grandepremio.com\/es\/f1\/bustamante-pide-disculpas-me-gusta-ofensivo-stroll\/","title":{"rendered":"Bustamante pide disculpas tras darle a me gusta a un comentario ofensivo contra Stroll"},"content":{"rendered":"\n<p class=\"wp-block-paragraph\">Mientras que la <strong>F\u00f3rmula 1<\/strong> est\u00e1 en un receso bastante tranquilo, hasta los pilotos han aprovechado para desconectar en los \u00faltimos d\u00edas del 2023, como lo ha hecho <strong>Max Verstappen<\/strong> en Brasil, pero hay otros protagonistas que no han tenido esa suerte.<\/p>\n\n\n\n<p class=\"wp-block-paragraph\">Hablamos, en este caso, de <strong>Bianca Bustamante<\/strong>. La piloto filipina caus\u00f3 revuelo en redes sociales por un <em>\u201cme gusta\u201d<\/em> que le dio a un comentario ofensivo sobre<strong> Lance Stroll<\/strong>, cuando ella fue mencionada por otro usuario en la red conocida ahora como \u201cX\u201d, antes Twitter.<\/p>\n\n\n\n<p class=\"wp-block-paragraph\">De acuerdo con la corredora de la<strong> F1 Academy<\/strong>, apret\u00f3 el bot\u00f3n de me gusta de manera accidental. Ese mensaje defend\u00eda a Bianca de otros comentarios sobre ella, en los que la llamaban <em>\u201csobrevalorada\u201d<\/em>. Para defender a la joven, el usuario insultaba al hijo de <strong>Lawrence Stroll<\/strong>, ya que se consideraba que el canadiense no es apto para correr en la F1.<\/p>\n\n\n\n<p class=\"wp-block-paragraph\">A trav\u00e9s de un comunicado, Bustamante realiz\u00f3 su pedido de disculpas: <strong>&#8220;Pido disculpas profundamente. Asumo el error de darle a me gusta a un tuit inapropiado y no puedo creer a toda la gente a la que he hecho da\u00f1o&#8221;.<\/strong><\/p>\n\n\n\n<p class=\"wp-block-paragraph\"><strong>&#8220;Estaba desplaz\u00e1ndome por la p\u00e1gina [con el dedo en la pantalla del m\u00f3vil] y accidentalmente me gust\u00f3 el tuit. Cuando me enter\u00e9 despu\u00e9s, le quit\u00e9 inmediatamente el me gusta&#8221;<\/strong>, explic\u00f3.<\/p>\n\n\n\n<figure class=\"wp-block-image size-full\"><img decoding=\"async\" src=\"https:\/\/grandepremio.com\/es\/wp-content\/uploads\/2023\/12\/image-128.png\" alt=\"\" class=\"wp-image-227676\"\/><figcaption class=\"wp-element-caption\">Bianca Bustamante gan\u00f3 la tercera carrera de la F1 Academy en Monza (Foto: F1 Academy)<\/figcaption><\/figure>\n\n\n\n<p class=\"wp-block-paragraph\"><strong>&#8220;Como alguien que creci\u00f3 con mi \u00fanico hermano que vive con autismo, entiendo completamente los retos a los que se enfrenta cualquier persona con autismo. Ni en un mill\u00f3n de a\u00f1os ser\u00eda capaz de cualquier manera, y mucho menos apoyar\u00eda un tuit capaz sobre un compa\u00f1ero piloto&#8221;<\/strong>, asegur\u00f3.<\/p>\n\n\n\n<p class=\"wp-block-paragraph\"><strong>&#8220;A Lance Stroll y a cualquier otra persona a la que esto haya podido ofender, le pido sinceras disculpas. Ese tipo de comentario no es algo que yo apoye. Espero que la comunidad de la velocidad entienda que esto fue al 100% un accidente. Mis m\u00e1s sinceras disculpas por este gran error<\/strong>&#8220;, concluy\u00f3.<\/p>\n\n\n\n<p class=\"wp-block-paragraph\">Tras el mensaje, Bianca public\u00f3 un v\u00eddeo de su hermano, que tiene s\u00edndrome de Down, lo que, quiz\u00e1, tambi\u00e9n caus\u00f3 pol\u00e9mica, pero la joven piloto ha dejado en claro que pretende concientizar sobre lo que ha ocurrido y el poco espacio que hay para generar m\u00e1s empat\u00eda.<\/p>\n\n\n\n<p class=\"wp-block-paragraph\">Bustamante gan\u00f3 dos carreras y termin\u00f3 s\u00e9ptima en la F1 Academy de 2023, adem\u00e1s de ya estar confirmada para el a\u00f1o venidero.<\/p>\n\n\n\n<p class=\"wp-block-paragraph\"><strong>\u00a1Conoce el canal de Grande Pr\u00eamio en Espa\u00f1ol en&nbsp;<\/strong><a href=\"https:\/\/www.youtube.com\/channel\/UCDxWojGVUi9gWYhrY0pGbIQ\" target=\"_blank\" rel=\"noreferrer noopener\"><strong>YouTube<\/strong><\/a><strong>!<\/strong><br><strong>\u00a1Sigue a Grande Pr\u00eamio en Espa\u00f1ol en&nbsp;<\/strong><a href=\"https:\/\/twitter.com\/grandepremioES\" target=\"_blank\" rel=\"noreferrer noopener\"><strong>Twitter&nbsp;<\/strong><\/a><strong>y en&nbsp;<\/strong><a href=\"https:\/\/www.instagram.com\/grandepremioes\/\" target=\"_blank\" rel=\"noreferrer noopener\"><strong>Instagram<\/strong><\/a><strong>!<\/strong><\/p>\n\n\n\n<p class=\"wp-block-paragraph\">La <strong>F\u00f3rmula 1<\/strong> no volver\u00e1 hasta el a\u00f1o que viene, el 2 de marzo, con la inauguraci\u00f3n del campeonato en el Gran Premio de Bahr\u00e9in. La <strong>F1 Academy 2024<\/strong> abrir\u00e1 su temporada los d\u00edas 8 y 9 de marzo en Arabia Saudita.<\/p>\n","protected":false},"excerpt":{"rendered":"<p>Bianca Bustamante, piloto de desarrollo de McLaren, se ha disculpado por su error al darle a me gusta a un comentario ofensivo contra Lance Stroll en X, antes Twitter.<\/p>\n","protected":false},"author":0,"featured_media":1010227674,"comment_status":"closed","ping_status":"closed","sticky":false,"template":"","format":"standard","meta":{"42wp_featured_image_caption":"","42wp_featured_image_credits":"","42wp_featured_video":"","42wp_featured_image_hidden":false,"42wp_authors_list":[],"footnotes":""},"categories":[5],"tags":[7036,181,1676,3989,179,8663,970,249,269],"42wp_author":[14237],"class_list":["post-15731","post","type-post","status-publish","format-standard","has-post-thumbnail","hentry","category-f1","tag-bianca-bustamante","tag-f1","tag-f1-2023","tag-f1-academy","tag-formula-1","tag-lance-stroll-aston-martin","tag-lawrence-stroll","tag-max-verstappen","tag-mclaren","42wp_author-gabriel-garcia"],"_links":{"self":[{"href":"https:\/\/grandepremio.com\/es\/wp-json\/wp\/v2\/posts\/15731","targetHints":{"allow":["GET"]}}],"collection":[{"href":"https:\/\/grandepremio.com\/es\/wp-json\/wp\/v2\/posts"}],"about":[{"href":"https:\/\/grandepremio.com\/es\/wp-json\/wp\/v2\/types\/post"}],"replies":[{"embeddable":true,"href":"https:\/\/grandepremio.com\/es\/wp-json\/wp\/v2\/comments?post=15731"}],"version-history":[{"count":0,"href":"https:\/\/grandepremio.com\/es\/wp-json\/wp\/v2\/posts\/15731\/revisions"}],"wp:featuredmedia":[{"embeddable":true,"href":"https:\/\/grandepremio.com\/es\/wp-json\/wp\/v2\/media\/1010227674"}],"wp:attachment":[{"href":"https:\/\/grandepremio.com\/es\/wp-json\/wp\/v2\/media?parent=15731"}],"wp:term":[{"taxonomy":"category","embeddable":true,"href":"https:\/\/grandepremio.com\/es\/wp-json\/wp\/v2\/categories?post=15731"},{"taxonomy":"post_tag","embeddable":true,"href":"https:\/\/grandepremio.com\/es\/wp-json\/wp\/v2\/tags?post=15731"},{"taxonomy":"42wp_author","embeddable":true,"href":"https:\/\/grandepremio.com\/es\/wp-json\/wp\/v2\/42wp_author?post=15731"}],"curies":[{"name":"wp","href":"https:\/\/api.w.org\/{rel}","templated":true}]}}