{"id":15739,"date":"2023-12-27T10:36:54","date_gmt":"2023-12-27T13:36:54","guid":{"rendered":"https:\/\/grandepremio.com\/es\/2023\/12\/27\/ralf-schumacher-lamento-accidente-michael-schumacher-diez-anos\/"},"modified":"2023-12-27T10:37:01","modified_gmt":"2023-12-27T13:37:01","slug":"ralf-schumacher-lamento-accidente-michael-schumacher-diez-anos","status":"publish","type":"post","link":"https:\/\/grandepremio.com\/es\/f1\/ralf-schumacher-lamento-accidente-michael-schumacher-diez-anos\/","title":{"rendered":"Hermano lamenta el &#8220;injusto&#8221; accidente de Schumacher y dice que &#8220;nada es igual&#8221;"},"content":{"rendered":"\n<p class=\"wp-block-paragraph\">El tr\u00e1gico accidente de <strong>Michael Schumacher<\/strong> cumplir\u00e1 diez a\u00f1os el 29 de diciembre. A finales de 2013, el siete veces campe\u00f3n estaba esquiando en los Alpes franceses cuando se cay\u00f3 y se golpe\u00f3 la cabeza contra una roca, sufriendo graves da\u00f1os cerebrales que le han mantenido apartado de la escena p\u00fablica desde entonces.<\/p>\n\n\n\n<p class=\"wp-block-paragraph\">En la v\u00edspera del d\u00e9cimo aniversario, el expiloto y hermano <strong>Ralf Schumacher<\/strong>, una de las personas que m\u00e1s cerca estuvo de Michael, coment\u00f3 la \u00faltima d\u00e9cada y se emocion\u00f3 al recordar c\u00f3mo era la vida de la familia antes del accidente.<\/p>\n\n\n\n<p class=\"wp-block-paragraph\">&#8220;Echo de menos al Michael de antes, la vida es injusta a veces. Tuvo mucha suerte en la vida, pero luego lleg\u00f3 este tr\u00e1gico accidente. Afortunadamente, gracias a los avances tecnol\u00f3gicos en medicina, se ha avanzado mucho, pero ya nada es como antes&#8221;, declar\u00f3<strong> Ralf Schumacher<\/strong> al diario alem\u00e1n Bild.<\/p>\n\n\n\n<p class=\"wp-block-paragraph\">&#8220;El accidente fue muy doloroso y una experiencia profunda para m\u00ed. Y fue lo mismo para otras personas, como los hijos de Michael, por ejemplo. Por desgracia, la vida no siempre es justa y hay mucha mala suerte&#8221;, dijo.<\/p>\n\n\n\n<p class=\"wp-block-paragraph\"><strong>\u00a1Conoce el canal de Grande Pr\u00eamio en Espa\u00f1ol en\u00a0<\/strong><a href=\"https:\/\/www.youtube.com\/channel\/UCDxWojGVUi9gWYhrY0pGbIQ\" target=\"_blank\" rel=\"noreferrer noopener\"><strong>YouTube<\/strong><\/a><strong>!<\/strong><br><strong>\u00a1Sigue a Grande Pr\u00eamio en Espa\u00f1ol en\u00a0<\/strong><a href=\"https:\/\/twitter.com\/grandepremioES\" target=\"_blank\" rel=\"noreferrer noopener\"><strong>Twitter\u00a0<\/strong><\/a><strong>y en\u00a0<\/strong><a href=\"https:\/\/www.instagram.com\/grandepremioes\/\" target=\"_blank\" rel=\"noreferrer noopener\"><strong>Instagram<\/strong><\/a><strong>!<\/strong><\/p>\n\n\n\n<figure class=\"wp-block-image size-full\"><img decoding=\"async\" src=\"https:\/\/www.grandepremio.com\/br\/wp-content\/uploads\/2023\/06\/GPF1-8.jpg\" alt=\"\" class=\"wp-image-168656\"\/><figcaption class=\"wp-element-caption\">Michael Schumacher se retir\u00f3 definitivamente de la F1 en 2012 y al a\u00f1o siguiente tuvo su accidente (Foto: Mercedes)<\/figcaption><\/figure>\n\n\n\n<p class=\"wp-block-paragraph\">Para Ralf, su hermano no s\u00f3lo fue un miembro m\u00e1s de la familia, sino tambi\u00e9n un mentor a lo largo de su carrera, por lo que atribuye al mayor de los Schumacher todos los \u00e9xitos cosechados durante sus a\u00f1os en el automovilismo.<\/p>\n\n\n\n<p class=\"wp-block-paragraph\">&#8220;Michael no es s\u00f3lo mi hermano mayor. Desde muy peque\u00f1o, fue m\u00e1s un entrenador y un mentor. Me lo ense\u00f1\u00f3 todo en el karting. A pesar de la diferencia de edad de siete a\u00f1os, siempre estuvo a mi lado. Corrimos juntos, entrenamos juntos e hicimos todas esas cosas importantes del automovilismo. Comparti\u00f3 conmigo todas sus experiencias y pude aprender de los mejores&#8221;, a\u00f1adi\u00f3.<\/p>\n\n\n\n<p class=\"wp-block-paragraph\">El silencio en torno al estado de salud de Schumacher sigue reinando. Diez a\u00f1os despu\u00e9s, la opini\u00f3n p\u00fablica no sabe exactamente qu\u00e9 pas\u00f3 ni cu\u00e1les son las consecuencias para Michael. Muchos periodistas y personas relacionadas con el mundo de la F\u00f3rmula 1 han publicado informaciones, generalmente desmentidas por la familia o los asesores del ex piloto. Su imagen no se ha hecho p\u00fablica desde 2013, lo que crea mucho misterio sobre su estado de salud.<\/p>\n\n\n\n<p class=\"wp-block-paragraph\"><\/p>\n","protected":false},"excerpt":{"rendered":"<p>La vida de Michael Schumacher cambi\u00f3 por completo tras el accidente que sufri\u00f3 mientras esquiaba en diciembre de 2013. Su hermano Ralf coment\u00f3 la tragedia, pero volvi\u00f3 a no dar detalles sobre su estado de salud<\/p>\n","protected":false},"author":0,"featured_media":1010227627,"comment_status":"closed","ping_status":"closed","sticky":false,"template":"","format":"standard","meta":{"42wp_featured_image_caption":"","42wp_featured_image_credits":"","42wp_featured_video":"","42wp_featured_image_hidden":false,"42wp_authors_list":[],"footnotes":""},"categories":[5],"tags":[181,179,1488,188,1645],"42wp_author":[14239],"class_list":["post-15739","post","type-post","status-publish","format-standard","has-post-thumbnail","hentry","category-f1","tag-f1","tag-formula-1","tag-grande-premio","tag-michael-schumacher","tag-ralf-schumacher","42wp_author-jp-otrosky"],"_links":{"self":[{"href":"https:\/\/grandepremio.com\/es\/wp-json\/wp\/v2\/posts\/15739","targetHints":{"allow":["GET"]}}],"collection":[{"href":"https:\/\/grandepremio.com\/es\/wp-json\/wp\/v2\/posts"}],"about":[{"href":"https:\/\/grandepremio.com\/es\/wp-json\/wp\/v2\/types\/post"}],"replies":[{"embeddable":true,"href":"https:\/\/grandepremio.com\/es\/wp-json\/wp\/v2\/comments?post=15739"}],"version-history":[{"count":0,"href":"https:\/\/grandepremio.com\/es\/wp-json\/wp\/v2\/posts\/15739\/revisions"}],"wp:featuredmedia":[{"embeddable":true,"href":"https:\/\/grandepremio.com\/es\/wp-json\/wp\/v2\/media\/1010227627"}],"wp:attachment":[{"href":"https:\/\/grandepremio.com\/es\/wp-json\/wp\/v2\/media?parent=15739"}],"wp:term":[{"taxonomy":"category","embeddable":true,"href":"https:\/\/grandepremio.com\/es\/wp-json\/wp\/v2\/categories?post=15739"},{"taxonomy":"post_tag","embeddable":true,"href":"https:\/\/grandepremio.com\/es\/wp-json\/wp\/v2\/tags?post=15739"},{"taxonomy":"42wp_author","embeddable":true,"href":"https:\/\/grandepremio.com\/es\/wp-json\/wp\/v2\/42wp_author?post=15739"}],"curies":[{"name":"wp","href":"https:\/\/api.w.org\/{rel}","templated":true}]}}