{"id":15745,"date":"2023-12-26T12:55:55","date_gmt":"2023-12-26T15:55:55","guid":{"rendered":"https:\/\/grandepremio.com\/es\/2023\/12\/26\/hyundai-garantiza-igualdad-condiciones-neuville-tanak\/"},"modified":"2023-12-26T12:56:06","modified_gmt":"2023-12-26T15:56:06","slug":"hyundai-garantiza-igualdad-condiciones-neuville-tanak","status":"publish","type":"post","link":"https:\/\/grandepremio.com\/es\/rally\/hyundai-garantiza-igualdad-condiciones-neuville-tanak\/","title":{"rendered":"Hyundai garantiza &#8220;igualdad de condiciones&#8221; para Neuville y T\u00e4nak en 2024"},"content":{"rendered":"\n<p class=\"wp-block-paragraph\">A falta de un mes para el inicio del campeonato 2024 del <strong>Mundial de Rally<\/strong> (<strong>WRC<\/strong>), ya se empiezan a palpitar las tensiones internas dentro de <strong>Hyundai<\/strong>. Es que el fabricante surcoreano ha fichado a <strong>Ott Tanak<\/strong> para acompa\u00f1ar a <strong>Thierry Neuville<\/strong>, lo que recuerda a las tensiones que se vivieron en 2022.<\/p>\n\n\n\n<p class=\"wp-block-paragraph\">Previendo una situaci\u00f3n muy tensa, el jefe del equipo, <strong>Cyril Abiteboul<\/strong>, ha garantizado que la escuder\u00eda comenzar\u00e1 la temporada sin preferencias entre uno y otro piloto. A pesar de esto, las cosas pueden cambiar con el desarrollo del torneo, para favorecer al mejor ubicado en el certamen.<\/p>\n\n\n\n<p class=\"wp-block-paragraph\"><strong>&#8220;Cuando empiece la temporada, tendremos las mismas partes, informaci\u00f3n, oportunidades, derechos contractuales y privilegios para ambos pilotos. As\u00ed como una misi\u00f3n clara para el tercer coche, que est\u00e1 aqu\u00ed para proporcionar apoyo&#8221;<\/strong>, garantiz\u00f3 Abiteboul, seg\u00fan dijo a la prensa internacional.<\/p>\n\n\n\n<p class=\"wp-block-paragraph\"><strong>&#8220;Ya hemos identificado -y no voy a entrar en detalles- un momento espec\u00edfico de la temporada en el que revisaremos la situaci\u00f3n y posiblemente cambiemos nuestro c\u00f3digo de conducta interno. Los pilotos ya son conscientes de ello&#8221;<\/strong>, coment\u00f3, en haras de evitar los roces entre las tripulaciones.<\/p>\n\n\n\n<p class=\"wp-block-paragraph\">Seg\u00fan Abiteboul, es mejor tener dos pilotos luchando internamente por el t\u00edtulo en lugar de uno solo, ya que han vivido un 2023 en el que solo Thierry Neuville estuvo en condiciones de pelear por la corona contra los <strong>Toyota<\/strong>.<\/p>\n\n\n\n<figure class=\"wp-block-image size-full\"><img decoding=\"async\" src=\"https:\/\/grandepremio.com\/es\/wp-content\/uploads\/2023\/12\/image-123.png\" alt=\"\" class=\"wp-image-227592\"\/><figcaption class=\"wp-element-caption\">Neuville volver\u00e1 a tener a T\u00e4nak como compa\u00f1ero de equipo el a\u00f1o que viene (Foto: WRC)<\/figcaption><\/figure>\n\n\n\n<p class=\"wp-block-paragraph\"><strong>&#8220;Me gusta pensar que es un buen problema que tener. Prefiero tener a dos pilotos contra uno [de otro equipo] y lidiar con las consecuencias que tener a un piloto luchando con otros dos<\/strong>&#8220;, subray\u00f3.<\/p>\n\n\n\n<p class=\"wp-block-paragraph\"><strong>&#8220;En muchos momentos de este a\u00f1o, hemos tenido a un piloto compitiendo contra varios: Kalle [Rovanper\u00e4], [S\u00e9bastien] Ogier y [Elfyn] Evans, y ha sido muy dif\u00edcil. Ha sido un trabajo duro y algo dif\u00edcil de pedir a Thierry [Neuville]&#8221;<\/strong>, dijo el ex jefe del equipo Renault en F\u00f3rmula 1.<\/p>\n\n\n\n<p class=\"wp-block-paragraph\">De cara al a\u00f1o que viene, el franc\u00e9s espera m\u00e1s conflictos internos, pero que es mejor eso a ponerle presi\u00f3n a Neuville: <strong>&#8220;Es cierto, ser\u00e1 dif\u00edcil tener competencia interna [en 2024], pero tambi\u00e9n creo que supone un cierto alivio para el piloto saber que no lleva todo el peso del equipo sobre sus espaldas \u00e9l solo. Este a\u00f1o, sent\u00ed en varios momentos que hab\u00eda mucha presi\u00f3n sobre Thierry. Cuando cometi\u00f3 errores, tambi\u00e9n fue porque hab\u00eda mucha presi\u00f3n al estar solo&#8221;.<\/strong><\/p>\n\n\n\n<p class=\"wp-block-paragraph\"><strong>\u00a1Conoce el canal de Grande Pr\u00eamio en Espa\u00f1ol en&nbsp;<\/strong><a href=\"https:\/\/www.youtube.com\/channel\/UCDxWojGVUi9gWYhrY0pGbIQ\" target=\"_blank\" rel=\"noreferrer noopener\"><strong>YouTube<\/strong><\/a><strong>!<\/strong><br><strong>\u00a1Sigue a Grande Pr\u00eamio en Espa\u00f1ol en&nbsp;<\/strong><a href=\"https:\/\/twitter.com\/grandepremioES\" target=\"_blank\" rel=\"noreferrer noopener\"><strong>Twitter&nbsp;<\/strong><\/a><strong>y en&nbsp;<\/strong><a href=\"https:\/\/www.instagram.com\/grandepremioes\/\" target=\"_blank\" rel=\"noreferrer noopener\"><strong>Instagram<\/strong><\/a><strong>!<\/strong><\/p>\n\n\n\n<p class=\"wp-block-paragraph\"><strong>&#8220;Tendremos conflictos y cierta tensi\u00f3n, y har\u00e9 todo lo posible [para resolverlo]. No voy a esperar a Montecarlo o despu\u00e9s para discutir nuestra estrategia. Creo que se puede hacer m\u00e1s f\u00e1cil trabajando en ella fuera de los momentos de presi\u00f3n. En general, creo que estamos mejor equipados para el a\u00f1o que viene&#8221;<\/strong>, concluy\u00f3.<\/p>\n","protected":false},"excerpt":{"rendered":"<p>El jefe de Hyundai, Cyril Abiteboul, ha asegurado que Thierry Neuville y Ott T\u00e4nak comenzar\u00e1n 2024 en igualdad de condiciones tras una temporada internamente tensa en 2022. Sin embargo, ha subrayado que la situaci\u00f3n se reevaluar\u00e1 a medida que se ponga en marcha el campeonato.<\/p>\n","protected":false},"author":0,"featured_media":1010227589,"comment_status":"closed","ping_status":"closed","sticky":false,"template":"","format":"standard","meta":{"42wp_featured_image_caption":"","42wp_featured_image_credits":"","42wp_featured_video":"","42wp_featured_image_hidden":false,"42wp_authors_list":[],"footnotes":""},"categories":[9],"tags":[684,1688,6855,3158,2595,1541,312,1226],"42wp_author":[14237],"class_list":["post-15745","post","type-post","status-publish","format-standard","has-post-thumbnail","hentry","category-rally","tag-cyril-abiteboul","tag-elfyn-evans","tag-kalle-rovanpera-2","tag-ott-tanak-2","tag-sebastien-ogier-3","tag-thierry-neuville","tag-toyota","tag-wrc","42wp_author-gabriel-garcia"],"_links":{"self":[{"href":"https:\/\/grandepremio.com\/es\/wp-json\/wp\/v2\/posts\/15745","targetHints":{"allow":["GET"]}}],"collection":[{"href":"https:\/\/grandepremio.com\/es\/wp-json\/wp\/v2\/posts"}],"about":[{"href":"https:\/\/grandepremio.com\/es\/wp-json\/wp\/v2\/types\/post"}],"replies":[{"embeddable":true,"href":"https:\/\/grandepremio.com\/es\/wp-json\/wp\/v2\/comments?post=15745"}],"version-history":[{"count":0,"href":"https:\/\/grandepremio.com\/es\/wp-json\/wp\/v2\/posts\/15745\/revisions"}],"wp:featuredmedia":[{"embeddable":true,"href":"https:\/\/grandepremio.com\/es\/wp-json\/wp\/v2\/media\/1010227589"}],"wp:attachment":[{"href":"https:\/\/grandepremio.com\/es\/wp-json\/wp\/v2\/media?parent=15745"}],"wp:term":[{"taxonomy":"category","embeddable":true,"href":"https:\/\/grandepremio.com\/es\/wp-json\/wp\/v2\/categories?post=15745"},{"taxonomy":"post_tag","embeddable":true,"href":"https:\/\/grandepremio.com\/es\/wp-json\/wp\/v2\/tags?post=15745"},{"taxonomy":"42wp_author","embeddable":true,"href":"https:\/\/grandepremio.com\/es\/wp-json\/wp\/v2\/42wp_author?post=15745"}],"curies":[{"name":"wp","href":"https:\/\/api.w.org\/{rel}","templated":true}]}}