{"id":15750,"date":"2023-12-26T10:49:25","date_gmt":"2023-12-26T13:49:25","guid":{"rendered":"https:\/\/grandepremio.com\/es\/2023\/12\/26\/ceo-mclaren-dice-f1-encamina-competitiva-indy\/"},"modified":"2023-12-26T10:49:32","modified_gmt":"2023-12-26T13:49:32","slug":"ceo-mclaren-dice-f1-encamina-competitiva-indy","status":"publish","type":"post","link":"https:\/\/grandepremio.com\/es\/f1\/ceo-mclaren-dice-f1-encamina-competitiva-indy\/","title":{"rendered":"CEO de McLaren dice que la F1 se encamina a ser &#8220;tan competitiva como la Indy&#8221;"},"content":{"rendered":"\n<p class=\"wp-block-paragraph\">La <strong>F\u00f3rmula 1<\/strong> ha tenido en <strong>Red Bull<\/strong> un dominio de proporciones en 2023, siendo uno de los equipos que gan\u00f3 casi todas las carreras del a\u00f1o, salvo una, muy similar al impresionante<strong> McLaren <\/strong>MP4\/4 de la temporada 1988.<\/p>\n\n\n\n<p class=\"wp-block-paragraph\">Si bien los austr\u00edacos se han llevado casi todo lo que pudieron, para el CEO de McLaren, <strong>Zak Brown<\/strong>, la F1 podr\u00eda alcanzar un nivel de paridad similar al de la <strong>IndyCar<\/strong> cuando mantenga la estabilidad reglamentaria, lo que el empresario considera que no se est\u00e1 demasiado lejos.<\/p>\n\n\n\n<p class=\"wp-block-paragraph\">Uno de los puntos m\u00e1s destacados por Brown a la prensa internacional es el del l\u00edmite de gastos, lo que equipara la competici\u00f3n. Eso, cre\u00e9, le permiti\u00f3 a los de<strong> Woking<\/strong> remontar un flojo inicio de a\u00f1o, para acabarlo sumando podios y buenos resultados, que los dejaron cuartos en el Mundial de Constructores.<\/p>\n\n\n\n<p class=\"wp-block-paragraph\">Pese a la notoria diferencia que hay entre los equipos, algo que se aten\u00faa m\u00e1s en la IndyCar, Brown considera que la F1 ser\u00e1 igual de competitiva a la especialidad norteamericana: <strong>&#8220;Si nos fijamos en las hojas de tiempos, incluso los equipos que son noveno y d\u00e9cimo [en la clasificaci\u00f3n] son una amenaza para la Q3. Para el campeonato, posiblemente ser\u00e1n los mismos personajes, pero creo que la F\u00f3rmula 1 se volver\u00e1 m\u00e1s competitiva. Creo que se parecer\u00e1 m\u00e1s a la Indy, con varios pilotos pudiendo ganar al mismo tiempo y raramente alguien escap\u00e1ndose en cabeza&#8221;.<\/strong><\/p>\n\n\n\n<figure class=\"wp-block-image size-full\"><img decoding=\"async\" src=\"https:\/\/grandepremio.com\/es\/wp-content\/uploads\/2023\/12\/image-121.png\" alt=\"\" class=\"wp-image-227563\"\/><figcaption class=\"wp-element-caption\">McLaren termin\u00f3 cuarto en el Campeonato de Constructores (Foto: AFP)<\/figcaption><\/figure>\n\n\n\n<p class=\"wp-block-paragraph\">El director ejecutivo de McLaren eval\u00faa que el que fue superior fue Verstappen, ya que varios pilotos le escoltaron en diferentes carreras: <strong>&#8220;Si Max [Verstappen] hubiera metido la pata, el campeonato habr\u00eda sido un poco diferente, cu\u00e1ntos subieron al podio, cu\u00e1ntos terminaron segundos. Estoy anticipando este enfoque y creo que ser\u00e1 genial para el deporte, no tener este nivel de dominio y tener siete, ocho pilotos capaces de ganar en cualquier fin de semana. Creo que estamos avanzando hacia eso&#8221;.<\/strong><\/p>\n\n\n\n<p class=\"wp-block-paragraph\">A continuaci\u00f3n, Brown fue preguntado sobre cu\u00e1nto tiempo pasar\u00e1 hasta que se neutralice la ventaja de la base de Milton Keynes y advirti\u00f3 que la cuesti\u00f3n es cu\u00e1nto m\u00e1s puede evolucionar el equipo de <strong>Christian Horner<\/strong>: <strong>&#8220;Todo el mundo lo ha conseguido en alg\u00fan momento durante un fin de semana, as\u00ed que no creo que nadie est\u00e9 demasiado lejos. Ya estamos aqu\u00ed, a menos que Max y Red Bull sigan haciendo lo que est\u00e1n haciendo&#8221;.<\/strong><\/p>\n\n\n\n<p class=\"wp-block-paragraph\"><strong>&#8220;Pero, de nuevo, no sabemos cu\u00e1ndo par\u00f3 Red Bull [de desarrollar el coche]. Y no creo que lo sepamos hasta el a\u00f1o que viene, si siguen fuertes. No creo que hayan trabajado tan duro como el resto, simplemente no lo han necesitado. Pero Ferrari parece muy fuerte, Mercedes los s\u00e1bados, hemos tenido nuestros d\u00edas, Aston [Martin] ha empezado s\u00faper fuerte. As\u00ed que no creo que estemos lejos de esa convergencia&#8221;<\/strong>, concluy\u00f3.<\/p>\n\n\n\n<p class=\"wp-block-paragraph\"><strong>\u00a1Conoce el canal de Grande Pr\u00eamio en Espa\u00f1ol en&nbsp;<\/strong><a href=\"https:\/\/www.youtube.com\/channel\/UCDxWojGVUi9gWYhrY0pGbIQ\" target=\"_blank\" rel=\"noreferrer noopener\"><strong>YouTube<\/strong><\/a><strong>!<\/strong><br><strong>\u00a1Sigue a Grande Pr\u00eamio en Espa\u00f1ol en&nbsp;<\/strong><a href=\"https:\/\/twitter.com\/grandepremioES\" target=\"_blank\" rel=\"noreferrer noopener\"><strong>Twitter&nbsp;<\/strong><\/a><strong>y en&nbsp;<\/strong><a href=\"https:\/\/www.instagram.com\/grandepremioes\/\" target=\"_blank\" rel=\"noreferrer noopener\"><strong>Instagram<\/strong><\/a><strong>!<\/strong><\/p>\n\n\n\n<p class=\"wp-block-paragraph\">La <strong>F\u00f3rmula 1<\/strong> volver\u00e1 a la pista del 21 al 23 de febrero de 2024, con los tests colectivos de pretemporada en Bahr\u00e9in.<\/p>\n","protected":false},"excerpt":{"rendered":"<p>Con un equipo tanto en la F\u00f3rmula 1 como en la IndyCar, Zak Brown cree que la gran pregunta en torno al nuevo dominio de Red Bull es cu\u00e1nto pueden evolucionar los de las bebidas energ\u00e9ticas. <\/p>\n","protected":false},"author":0,"featured_media":1010227561,"comment_status":"closed","ping_status":"closed","sticky":false,"template":"","format":"standard","meta":{"42wp_featured_image_caption":"","42wp_featured_image_credits":"","42wp_featured_video":"","42wp_featured_image_hidden":false,"42wp_authors_list":[],"footnotes":""},"categories":[5],"tags":[1336,181,1676,179,310,199,249,269,206,2646,328],"42wp_author":[14237],"class_list":["post-15750","post","type-post","status-publish","format-standard","has-post-thumbnail","hentry","category-f1","tag-christian-horner","tag-f1","tag-f1-2023","tag-formula-1","tag-indycar","tag-lewis-hamilton","tag-max-verstappen","tag-mclaren","tag-red-bull","tag-woking","tag-zak-brown","42wp_author-gabriel-garcia"],"_links":{"self":[{"href":"https:\/\/grandepremio.com\/es\/wp-json\/wp\/v2\/posts\/15750","targetHints":{"allow":["GET"]}}],"collection":[{"href":"https:\/\/grandepremio.com\/es\/wp-json\/wp\/v2\/posts"}],"about":[{"href":"https:\/\/grandepremio.com\/es\/wp-json\/wp\/v2\/types\/post"}],"replies":[{"embeddable":true,"href":"https:\/\/grandepremio.com\/es\/wp-json\/wp\/v2\/comments?post=15750"}],"version-history":[{"count":0,"href":"https:\/\/grandepremio.com\/es\/wp-json\/wp\/v2\/posts\/15750\/revisions"}],"wp:featuredmedia":[{"embeddable":true,"href":"https:\/\/grandepremio.com\/es\/wp-json\/wp\/v2\/media\/1010227561"}],"wp:attachment":[{"href":"https:\/\/grandepremio.com\/es\/wp-json\/wp\/v2\/media?parent=15750"}],"wp:term":[{"taxonomy":"category","embeddable":true,"href":"https:\/\/grandepremio.com\/es\/wp-json\/wp\/v2\/categories?post=15750"},{"taxonomy":"post_tag","embeddable":true,"href":"https:\/\/grandepremio.com\/es\/wp-json\/wp\/v2\/tags?post=15750"},{"taxonomy":"42wp_author","embeddable":true,"href":"https:\/\/grandepremio.com\/es\/wp-json\/wp\/v2\/42wp_author?post=15750"}],"curies":[{"name":"wp","href":"https:\/\/api.w.org\/{rel}","templated":true}]}}