{"id":15794,"date":"2023-12-21T09:00:00","date_gmt":"2023-12-21T12:00:00","guid":{"rendered":"https:\/\/grandepremio.com\/es\/2023\/12\/21\/nicolas-varrone-imsa-wec-2024\/"},"modified":"2023-12-20T20:49:13","modified_gmt":"2023-12-20T23:49:13","slug":"nicolas-varrone-imsa-wec-2024","status":"publish","type":"post","link":"https:\/\/grandepremio.com\/es\/resistencia\/nicolas-varrone-imsa-wec-2024\/","title":{"rendered":"Varrone detalla planificaci\u00f3n para 2024: &#8220;Haremos IMSA y algunas carreras en Europa&#8221;"},"content":{"rendered":"\n<p class=\"wp-block-paragraph\"><strong>Nicol\u00e1s Varrone<\/strong> cerr\u00f3 en 2023 el a\u00f1o m\u00e1s importante en su carrera deportiva. El piloto argentino se consagr\u00f3 campe\u00f3n en la clase <strong>LMGTE Am<\/strong> en el<strong> Mundial de Resistencia<\/strong> a bordo de un <strong>Chevrolet Corvette, <\/strong>adem\u00e1s de vencer las<strong> 24 Horas de Le Mans<\/strong>. Asimismo, tambi\u00e9n conquist\u00f3 las <strong>24 Horas de Daytona,<\/strong> esta \u00faltima competencia en el campeonato de <strong>IMSA<\/strong> en la clase<strong> LMP3.<\/strong> <\/p>\n\n\n\n<p class=\"wp-block-paragraph\">Tras cerrar su exitosa temporada, Varrone fue galardonado en el <strong>Autom\u00f3vil Club Argentino<\/strong> por su labor en el exterior. Y en dicho evento, el piloto fue entrevistado por<strong> Grande Premio en Espa\u00f1ol, <\/strong>para brindar un balance de su a\u00f1o y dar precisiones sobre sus planes futuros en el automovilismo de Estados Unidos y Europa. <\/p>\n\n\n\n<p class=\"wp-block-paragraph\">&#8220;<a href=\"https:\/\/grandepremio.com\/es\/resistencia\/varrone-confirmado-imsa-gtd\/\">Para 2024 estoy muy contento de haber firmado como piloto de f\u00e1brica en Corvette<\/a>. Es un gran sue\u00f1o  hacer la temporada completa en IMSA. Voy a seguir corriendo en Europa, quiz\u00e1s no con la continuidad que ten\u00eda antes, pero s\u00ed con presencias espor\u00e1dicas que se van a anunciar m\u00e1s adelante. Por el lado de Hypercar puede ser con Cadillac, aunque no lo sabemos todav\u00eda&#8221;, coment\u00f3 Varrone. <\/p>\n\n\n\n<figure class=\"wp-block-image size-large\"><img decoding=\"async\" src=\"https:\/\/grandepremio.com\/es\/wp-content\/uploads\/2023\/11\/F-0dv98X0AAtDpJ-1024x617.jpg\" alt=\"\" class=\"wp-image-223741\"\/><figcaption class=\"wp-element-caption\">Nicol\u00e1s Varrone se sumar\u00e1 a los pilotos de f\u00e1brica de Corvette. (Foto: Corvette Racing)<\/figcaption><\/figure>\n\n\n\n<p class=\"wp-block-paragraph\"><strong>\u00a1Conoce el canal de Grande Pr\u00eamio en Espa\u00f1ol en\u00a0<\/strong><a href=\"https:\/\/www.youtube.com\/channel\/UCDxWojGVUi9gWYhrY0pGbIQ\" target=\"_blank\" rel=\"noreferrer noopener\"><strong>YouTube<\/strong><\/a><strong>!<\/strong><br><strong>\u00a1Sigue a Grande Pr\u00eamio en Espa\u00f1ol en\u00a0<\/strong><a href=\"https:\/\/twitter.com\/grandepremioES\" target=\"_blank\" rel=\"noreferrer noopener\"><strong>Twitter\u00a0<\/strong><\/a><strong>y en\u00a0<\/strong><a href=\"https:\/\/www.instagram.com\/grandepremioes\/\" target=\"_blank\" rel=\"noreferrer noopener\"><strong>Instagram<\/strong><\/a><strong>!<\/strong><\/p>\n\n\n\n<p class=\"wp-block-paragraph\">Y a la hora de hacer una retrospectiva, en la que gan\u00f3 dos de las competencias m\u00e1s exigentes del mundo y termin\u00f3 con un t\u00edtulo, el piloto confes\u00f3 que dif\u00edcilmente pueda equiparar alguna vez este hito.<\/p>\n\n\n\n<p class=\"wp-block-paragraph\">&#8220;Fue un a\u00f1o so\u00f1ado. De esos que uno piensa si alguna vez podr\u00e1 repetirlo. Haber salido campe\u00f3n del mundo, haber ganado Le Mans y Daytona es una experiencia \u00fanica&#8221;, expres\u00f3 el piloto de 23 a\u00f1os. <\/p>\n\n\n\n<p class=\"wp-block-paragraph\">Referente a sus logros, el argentino declar\u00f3 que su conquista en Le Mans y su posterior campeonato en WEC era factible al ocupar un asiento en el equipo oficial de Corvette. Sin embargo, consider\u00f3 que su triunfo en Daytona fue sorpresivo debido a que comenz\u00f3 a trabajar con muy poca antelaci\u00f3n con el equipo. <\/p>\n\n\n\n<figure class=\"wp-block-image size-large\"><img decoding=\"async\" src=\"https:\/\/grandepremio.com\/es\/wp-content\/uploads\/2023\/07\/F0m9w0QakAU060S-1024x1024.jpg\" alt=\"\" class=\"wp-image-176442\"\/><figcaption class=\"wp-element-caption\">Nico Varrone, Bean Keating y Nick Catsburg, los campeones de GTE Am. (Foto: Corvette)<\/figcaption><\/figure>\n\n\n\n<p class=\"wp-block-paragraph\">&#8220;Cuando me anunciaron como piloto de Corvette a fines de 2022, no sab\u00eda si iba a pasar todo lo que pas\u00f3, pero s\u00ed que iba a contar con un gran elemento, y con una gran oportunidad de conseguir estos logros. Despu\u00e9s son carreras de autos, uno puede tener el mejor conjunto y que no se pueda dar. Pero por suerte hicimos las cosas bien y cumplimos todos los objetivos. S\u00ed fue una sorpresa para m\u00ed ganar las 24 Horas de Daytona. Conoc\u00ed al equipo la semana previa, en las pruebas. Luego en la carrera anduvimos bien y r\u00e1pido y nos pudimos llevar la victoria&#8221;, complet\u00f3 el argentino. <\/p>\n\n\n\n<p class=\"wp-block-paragraph\">Con agenda completa para el a\u00f1o entrante, el primer desaf\u00edo para Varrone ser\u00e1 en las 24 Horas de Daytona, en la que competir\u00e1 con un Corvette Z06 GT3 del AWA Racing. Esta competencia est\u00e1 programada para los d\u00edas 27 y 28 de enero. <\/p>\n","protected":false},"excerpt":{"rendered":"<p>En una entrevista exclusiva con Grande Premio en Espa\u00f1ol, Nicol\u00e1s Varrone hizo un balance de su exitosa temporada en el WEC y sus planes para 2024 en competencias de resistencia.  <\/p>\n","protected":false},"author":0,"featured_media":1010221655,"comment_status":"closed","ping_status":"closed","sticky":false,"template":"","format":"standard","meta":{"42wp_featured_image_caption":"","42wp_featured_image_credits":"","42wp_featured_video":"","42wp_featured_image_hidden":false,"42wp_authors_list":[],"footnotes":""},"categories":[19],"tags":[2313,9658,322,5382,564],"42wp_author":[14223],"class_list":["post-15794","post","type-post","status-publish","format-standard","has-post-thumbnail","hentry","category-resistencia","tag-campeonato-mundial-de-resistencia","tag-chevrolet-corvette","tag-imsa","tag-nicolas-varrone","tag-resistencia","42wp_author-esteban-nieto"],"_links":{"self":[{"href":"https:\/\/grandepremio.com\/es\/wp-json\/wp\/v2\/posts\/15794","targetHints":{"allow":["GET"]}}],"collection":[{"href":"https:\/\/grandepremio.com\/es\/wp-json\/wp\/v2\/posts"}],"about":[{"href":"https:\/\/grandepremio.com\/es\/wp-json\/wp\/v2\/types\/post"}],"replies":[{"embeddable":true,"href":"https:\/\/grandepremio.com\/es\/wp-json\/wp\/v2\/comments?post=15794"}],"version-history":[{"count":0,"href":"https:\/\/grandepremio.com\/es\/wp-json\/wp\/v2\/posts\/15794\/revisions"}],"wp:featuredmedia":[{"embeddable":true,"href":"https:\/\/grandepremio.com\/es\/wp-json\/wp\/v2\/media\/1010221655"}],"wp:attachment":[{"href":"https:\/\/grandepremio.com\/es\/wp-json\/wp\/v2\/media?parent=15794"}],"wp:term":[{"taxonomy":"category","embeddable":true,"href":"https:\/\/grandepremio.com\/es\/wp-json\/wp\/v2\/categories?post=15794"},{"taxonomy":"post_tag","embeddable":true,"href":"https:\/\/grandepremio.com\/es\/wp-json\/wp\/v2\/tags?post=15794"},{"taxonomy":"42wp_author","embeddable":true,"href":"https:\/\/grandepremio.com\/es\/wp-json\/wp\/v2\/42wp_author?post=15794"}],"curies":[{"name":"wp","href":"https:\/\/api.w.org\/{rel}","templated":true}]}}