{"id":15828,"date":"2023-12-17T12:02:08","date_gmt":"2023-12-17T15:02:08","guid":{"rendered":"https:\/\/grandepremio.com\/es\/2023\/12\/17\/tost-analiza-y-se-sorprende-por-falta-de-oportunidades-para-campeones-de-formula-e\/"},"modified":"2023-12-17T12:02:16","modified_gmt":"2023-12-17T15:02:16","slug":"tost-analiza-y-se-sorprende-por-falta-de-oportunidades-para-campeones-de-formula-e","status":"publish","type":"post","link":"https:\/\/grandepremio.com\/es\/formula-e\/tost-analiza-y-se-sorprende-por-falta-de-oportunidades-para-campeones-de-formula-e\/","title":{"rendered":"Tost analiza y se sorprende por falta de oportunidades para campeones de F\u00f3rmula E"},"content":{"rendered":"\n<p class=\"wp-block-paragraph\">Oficialmente retirado despu\u00e9s de la <strong>temporada 2023 de F\u00f3rmula 1<\/strong>, <strong>Franz Tost<\/strong>, exjefe de <strong>AlphaTauri<\/strong>, admiti\u00f3 que se sorprendi\u00f3 al ver que algunos nombres prometedores del equipo no prosperaron en la categor\u00eda. Entre ellos, el austr\u00edaco mencion\u00f3 a dos campeones de <strong>F\u00f3rmula E<\/strong>: <strong>Jean-\u00c8ric Vergne<\/strong> y <strong>S\u00e9bastien Buemi<\/strong>, as\u00ed como <strong>Daniil Kvyat<\/strong>, quien competir\u00e1 nuevamente en el <strong>WEC<\/strong> a partir de 2024.<\/p>\n\n\n\n<p class=\"wp-block-paragraph\"><strong>\u00a1Conoce el canal de Grande Pr\u00eamio en Espa\u00f1ol en&nbsp;<\/strong><a href=\"https:\/\/www.youtube.com\/channel\/UCDxWojGVUi9gWYhrY0pGbIQ\" target=\"_blank\" rel=\"noreferrer noopener\"><strong>YouTube<\/strong><\/a><strong>!<\/strong><br><strong>\u00a1Sigue a Grande Pr\u00eamio en Espa\u00f1ol en&nbsp;<\/strong><a href=\"https:\/\/twitter.com\/grandepremioES\" target=\"_blank\" rel=\"noreferrer noopener\"><strong>Twitter&nbsp;<\/strong><\/a><strong>y en&nbsp;<\/strong><a href=\"https:\/\/www.instagram.com\/grandepremioes\/\" target=\"_blank\" rel=\"noreferrer noopener\"><strong>Instagram<\/strong><\/a><strong>!<\/strong><\/p>\n\n\n\n<p class=\"wp-block-paragraph\">Seg\u00fan Tost, tanto Vergne como Kvyat demostraron ser r\u00e1pidos durante su tiempo en la <strong>F\u00f3rmula 1<\/strong>. El franc\u00e9s compiti\u00f3 durante tres temporadas con<strong> Toro Rosso<\/strong>, mientras que el ruso estuvo presente entre 2014 y 2017 antes de retirarse en 2018. Luego regres\u00f3 para una segunda etapa en 2019 y 2020.<\/p>\n\n\n\n<p class=\"wp-block-paragraph\">&#8220;Ambos eran muy r\u00e1pidos. Y Vergne tambi\u00e9n lo demostr\u00f3 en la F\u00f3rmula E, ganando el t\u00edtulo de pilotos en dos ocasiones&#8221;, se\u00f1al\u00f3 Tost.<\/p>\n\n\n\n<p class=\"wp-block-paragraph\">Adem\u00e1s de Vergne y Kvyat, Tost tambi\u00e9n mencion\u00f3 a Buemi. Multicampe\u00f3n del <strong>WEC<\/strong> con <strong>Toyota<\/strong> y ganador de la temporada 2015\/16 de la <strong>F\u00f3rmula E<\/strong>, el suizo tuvo tres a\u00f1os para mostrar sus habilidades en la <strong>F1<\/strong>, entre 2009 y 2011. Hasta el a\u00f1o pasado, S\u00e9bastien fue piloto reserva de <strong>Red Bull<\/strong>.<\/p>\n\n\n\n<p class=\"wp-block-paragraph\">Lo curioso es que los tres nombres mencionados por <strong>Tost<\/strong> tienen experiencia en F\u00f3rmula E. Mientras Vergne y Buemi son conocidos en la grilla, incluso con t\u00edtulos en su historial, Kvyat particip\u00f3 en las pruebas para novatos de 2023 y represent\u00f3 a ERT, que a\u00fan se llamaba NIO en ese momento.<\/p>\n\n\n\n<figure class=\"wp-block-image size-full\"><img decoding=\"async\" src=\"https:\/\/www.grandepremio.com\/br\/wp-content\/uploads\/2023\/06\/EPS910_095635SMG_7152-2-2048x2048-1.jpg\" alt=\"\" class=\"wp-image-162525\"\/><figcaption class=\"wp-element-caption\">Buemi, al igual que Vergne, han pasado por Toro Rosso y fueron campeones de F\u00f3rmula E (Foto: F\u00f3rmula E)<\/figcaption><\/figure>\n\n\n\n<p class=\"wp-block-paragraph\">&#8220;Buemi tambi\u00e9n demostr\u00f3 un buen rendimiento&#8221;, destac\u00f3 Tost. &#8220;Gan\u00f3 las <strong>24 Horas de Le Mans<\/strong>, y todos ellos eran pilotos con muchas habilidades en nuestro equipo&#8221;, agreg\u00f3 el exjefe de <strong>AlphaTauri<\/strong>.<\/p>\n\n\n\n<p class=\"wp-block-paragraph\">Finalmente, seg\u00fan Tost, todos demostraron su talento mientras estuvieron en el equipo austr\u00edaco. El problema radicaba en que nuevos pilotos no dejaban de emerger, y no hab\u00eda espacio para acomodar a todos.<\/p>\n\n\n\n<p class=\"wp-block-paragraph\">&#8220;Pero terminaron fuera porque otro piloto estaba surgiendo y simplemente no ten\u00edamos tantos lugares en <strong>Red Bull<\/strong> y <strong>Toro Rosso<\/strong> o <strong>AlphaTauri<\/strong>&#8220;, lament\u00f3. &#8220;Pero, en t\u00e9rminos de habilidades, casi todos los pilotos alcanzaron un alto nivel&#8221;, concluy\u00f3.<\/p>\n","protected":false},"excerpt":{"rendered":"<p>Franz Tost, ya retirado de AlphaTauri, elogi\u00f3 a Jean-\u00c8ric Vergne, S\u00e9bastien Buemi y Daniil Kvyat, y admiti\u00f3 sentir sorpresa por la falta de oportunidades en la F\u00f3rmula 1.<\/p>\n","protected":false},"author":0,"featured_media":1010227201,"comment_status":"closed","ping_status":"closed","sticky":false,"template":"","format":"standard","meta":{"42wp_featured_image_caption":"","42wp_featured_image_credits":"","42wp_featured_video":"","42wp_featured_image_hidden":false,"42wp_authors_list":[],"footnotes":""},"categories":[18],"tags":[522,432,181,2438,179,462,1425,1488,523],"42wp_author":[14235],"class_list":["post-15828","post","type-post","status-publish","format-standard","has-post-thumbnail","hentry","category-formula-e","tag-antonio-felix-da-costa","tag-daniil-kvyat","tag-f1","tag-fia-formula-e","tag-formula-1","tag-formula-e","tag-franz-tost","tag-grande-premio","tag-jean-eric-vergne","42wp_author-barbara-mincioni"],"_links":{"self":[{"href":"https:\/\/grandepremio.com\/es\/wp-json\/wp\/v2\/posts\/15828","targetHints":{"allow":["GET"]}}],"collection":[{"href":"https:\/\/grandepremio.com\/es\/wp-json\/wp\/v2\/posts"}],"about":[{"href":"https:\/\/grandepremio.com\/es\/wp-json\/wp\/v2\/types\/post"}],"replies":[{"embeddable":true,"href":"https:\/\/grandepremio.com\/es\/wp-json\/wp\/v2\/comments?post=15828"}],"version-history":[{"count":0,"href":"https:\/\/grandepremio.com\/es\/wp-json\/wp\/v2\/posts\/15828\/revisions"}],"wp:featuredmedia":[{"embeddable":true,"href":"https:\/\/grandepremio.com\/es\/wp-json\/wp\/v2\/media\/1010227201"}],"wp:attachment":[{"href":"https:\/\/grandepremio.com\/es\/wp-json\/wp\/v2\/media?parent=15828"}],"wp:term":[{"taxonomy":"category","embeddable":true,"href":"https:\/\/grandepremio.com\/es\/wp-json\/wp\/v2\/categories?post=15828"},{"taxonomy":"post_tag","embeddable":true,"href":"https:\/\/grandepremio.com\/es\/wp-json\/wp\/v2\/tags?post=15828"},{"taxonomy":"42wp_author","embeddable":true,"href":"https:\/\/grandepremio.com\/es\/wp-json\/wp\/v2\/42wp_author?post=15828"}],"curies":[{"name":"wp","href":"https:\/\/api.w.org\/{rel}","templated":true}]}}