{"id":15829,"date":"2023-12-17T11:06:23","date_gmt":"2023-12-17T14:06:23","guid":{"rendered":"https:\/\/grandepremio.com\/es\/2023\/12\/17\/nico-hulkenberg-haas-audi-contrato-temporada-2025-f1\/"},"modified":"2023-12-17T11:12:08","modified_gmt":"2023-12-17T14:12:08","slug":"nico-hulkenberg-haas-audi-contrato-temporada-2025-f1","status":"publish","type":"post","link":"https:\/\/grandepremio.com\/es\/f1\/nico-hulkenberg-haas-audi-contrato-temporada-2025-f1\/","title":{"rendered":"Audi busca un piloto experimentado y apunta a un acuerdo con H\u00fclkenberg en F1 en 2025"},"content":{"rendered":"\n<p class=\"wp-block-paragraph\">Aunque ha renovado su contrato con <strong>Haas <\/strong>para la temporada 2024 de <strong>F\u00f3rmula 1, Nico H\u00fclkenberg<\/strong> est\u00e1 cerca de llegar a un acuerdo con <strong>Audi<\/strong>, que se har\u00e1 cargo de las operaciones de <strong>Sauber <\/strong>a partir de 2025. Al menos eso es lo que apunta el portal holand\u00e9s RacingNews365. Seg\u00fan la publicaci\u00f3n, adem\u00e1s de la experiencia acumulada en el deporte, la marca alemana qued\u00f3 impresionada con el rendimiento que el #27 mostr\u00f3 a lo largo de 2023.<\/p>\n\n\n\n<p class=\"wp-block-paragraph\">Tras perder su puesto de titular a finales de 2019, H\u00fclkenberg tuvo algunas apariciones como sustituto en algunos equipos de F1, y no regres\u00f3 al deporte a tiempo completo hasta 2023 con Haas. Durante la campa\u00f1a fue constantemente superior a su compa\u00f1ero <strong>Kevin Magnussen<\/strong> y sum\u00f3 9 de los 12 puntos del equipo estadounidense.<\/p>\n\n\n\n<p class=\"wp-block-paragraph\">Adem\u00e1s de los buenos puntos, H\u00fclkenberg hizo un buen trabajo con Haas, especialmente en clasificaci\u00f3n. En total, hizo siete apariciones en la Q3 con el problem\u00e1tico VF-23, que a menudo no pudo luchar por los puntos debido al elevado desgaste de los neum\u00e1ticos.<\/p>\n\n\n\n<p class=\"wp-block-paragraph\"><strong>\u00a1Conoce el canal de Grande Pr\u00eamio en Espa\u00f1ol en&nbsp;<\/strong><a href=\"https:\/\/www.youtube.com\/channel\/UCDxWojGVUi9gWYhrY0pGbIQ\" target=\"_blank\" rel=\"noreferrer noopener\"><strong>YouTube<\/strong><\/a><strong>!<\/strong><br><strong>\u00a1Sigue a Grande Pr\u00eamio en Espa\u00f1ol en&nbsp;<\/strong><a href=\"https:\/\/twitter.com\/grandepremioES\" target=\"_blank\" rel=\"noreferrer noopener\"><strong>Twitter&nbsp;<\/strong><\/a><strong>y en&nbsp;<\/strong><a href=\"https:\/\/www.instagram.com\/grandepremioes\/\" target=\"_blank\" rel=\"noreferrer noopener\"><strong>Instagram<\/strong><\/a><strong>!<\/strong><\/p>\n\n\n\n<figure class=\"wp-block-image size-large\"><img decoding=\"async\" src=\"https:\/\/grandepremio.com\/es\/wp-content\/uploads\/2023\/11\/F1-Auto-2026-Rendering-Fangio-Audi-Lackierung-169Gallery-e16b1027-2053592-1-e1700066345467-1024x574.jpg\" alt=\"\" class=\"wp-image-223906\"\/><figcaption class=\"wp-element-caption\">Audi desembarcar\u00e1 en F1 en la temporada 2026 (Foto: AMuS)<\/figcaption><\/figure>\n\n\n\n<p class=\"wp-block-paragraph\">Seg\u00fan RacingNews365, su rendimiento fue suficiente para seducir a <strong>Audi<\/strong>, que busca un piloto experimentado y capaz de ofrecer resultados tanto dentro como fuera de la pista. La publicaci\u00f3n tambi\u00e9n se\u00f1ala que Sauber sonde\u00f3 a H\u00fclkenberg en 2023, con el objetivo de contar con el alem\u00e1n a partir del pr\u00f3ximo a\u00f1o, pero el v\u00ednculo con Haas ya estaba firmado.<\/p>\n\n\n\n<p class=\"wp-block-paragraph\">RN365 se\u00f1ala que Nico se encuentra en una posici\u00f3n &#8220;ideal&#8221;, en la que puede seguir trabajando con su actual equipo y observar su evoluci\u00f3n, sabiendo al mismo tiempo que podr\u00eda pasar a Audi en 2025 si realiza otra buena temporada en 2024.<\/p>\n\n\n\n<p class=\"wp-block-paragraph\">Con la temporada terminada, la F\u00f3rmula 1 no volver\u00e1 hasta el a\u00f1o que viene, el 2 de marzo, con el arranque del campeonato en el <strong>Gran Premio de Bahr\u00e9in<\/strong>.<\/p>\n\n\n\n<p class=\"wp-block-paragraph\"><\/p>\n","protected":false},"excerpt":{"rendered":"<p>Seg\u00fan RacingNews365, Nico H\u00fclkenberg est\u00e1 en el punto de mira de Audi y ha sido contactado por Sauber para unirse al equipo a partir de 2024.<\/p>\n","protected":false},"author":0,"featured_media":1010227203,"comment_status":"closed","ping_status":"closed","sticky":false,"template":"","format":"standard","meta":{"42wp_featured_image_caption":"","42wp_featured_image_credits":"","42wp_featured_video":"","42wp_featured_image_hidden":false,"42wp_authors_list":[],"footnotes":""},"categories":[5],"tags":[612,181,1710,179,8059,1488,8588,9647],"42wp_author":[14239],"class_list":["post-15829","post","type-post","status-publish","format-standard","has-post-thumbnail","hentry","category-f1","tag-audi","tag-f1","tag-f1-2025","tag-formula-1","tag-formula-1-2025","tag-grande-premio","tag-nico-hlkenberg","tag-temporada-2025-f1","42wp_author-jp-otrosky"],"_links":{"self":[{"href":"https:\/\/grandepremio.com\/es\/wp-json\/wp\/v2\/posts\/15829","targetHints":{"allow":["GET"]}}],"collection":[{"href":"https:\/\/grandepremio.com\/es\/wp-json\/wp\/v2\/posts"}],"about":[{"href":"https:\/\/grandepremio.com\/es\/wp-json\/wp\/v2\/types\/post"}],"replies":[{"embeddable":true,"href":"https:\/\/grandepremio.com\/es\/wp-json\/wp\/v2\/comments?post=15829"}],"version-history":[{"count":0,"href":"https:\/\/grandepremio.com\/es\/wp-json\/wp\/v2\/posts\/15829\/revisions"}],"wp:featuredmedia":[{"embeddable":true,"href":"https:\/\/grandepremio.com\/es\/wp-json\/wp\/v2\/media\/1010227203"}],"wp:attachment":[{"href":"https:\/\/grandepremio.com\/es\/wp-json\/wp\/v2\/media?parent=15829"}],"wp:term":[{"taxonomy":"category","embeddable":true,"href":"https:\/\/grandepremio.com\/es\/wp-json\/wp\/v2\/categories?post=15829"},{"taxonomy":"post_tag","embeddable":true,"href":"https:\/\/grandepremio.com\/es\/wp-json\/wp\/v2\/tags?post=15829"},{"taxonomy":"42wp_author","embeddable":true,"href":"https:\/\/grandepremio.com\/es\/wp-json\/wp\/v2\/42wp_author?post=15829"}],"curies":[{"name":"wp","href":"https:\/\/api.w.org\/{rel}","templated":true}]}}