{"id":15870,"date":"2023-12-14T09:00:28","date_gmt":"2023-12-14T12:00:28","guid":{"rendered":"https:\/\/grandepremio.com\/es\/2023\/12\/14\/todt-responde-ben-sulayem-gestion-fia\/"},"modified":"2023-12-14T13:05:05","modified_gmt":"2023-12-14T16:05:05","slug":"todt-responde-ben-sulayem-gestion-fia","status":"publish","type":"post","link":"https:\/\/grandepremio.com\/es\/f1\/todt-responde-ben-sulayem-gestion-fia\/","title":{"rendered":"Todt le responde a Ben Sulayem sobre su gesti\u00f3n en la FIA: &#8220;Conozco a ese personaje&#8221;"},"content":{"rendered":"\n<p class=\"wp-block-paragraph\">Un inesperado entredicho se ha dado entre el actual presidente de la<strong> Federaci\u00f3n Internacional del Autom\u00f3vil<\/strong> (FIA), <strong>Mohammed Ben Sulaye<\/strong>m, y quien fuera su antecesor en el cargo,<strong> Jean Todt<\/strong>. El ex piloto de Rally lo acusa al franc\u00e9s de no haber dejado suficiente dinero en las arcas de la entidad.<\/p>\n\n\n\n<p class=\"wp-block-paragraph\">Por su parte, el ex jefe de Ferrari en la \u00e9poca dorada de t\u00edtulos de <strong>Michael Schumacher<\/strong>, respondi\u00f3 que, como conoce a Ben Sulayem, sabe de quien viene esas cr\u00edticas y no le sorprendi\u00f3 esto, porque siempre habla sin datos concretos.<\/p>\n\n\n\n<p class=\"wp-block-paragraph\">El actual mandam\u00e1s de la FIA se hab\u00eda quejado de los problemas econ\u00f3micos que tuvo que afrontar y que se sinti\u00f3 <em>\u201csatisfecho\u201d<\/em> por haberlos superado y tener una organizaci\u00f3n robusta en lo econ\u00f3mico.<\/p>\n\n\n\n<p class=\"wp-block-paragraph\">Todt, sin embargo, no se qued\u00f3 callado: <strong>&#8220;Cuando dej\u00e9 el tim\u00f3n, deber\u00eda haber tenido alrededor de 250 millones de euros. Cuando llegu\u00e9 en 2009, apenas ten\u00edamos 40 millones de euros, a pesar de que la FIA hab\u00eda cedido los derechos comerciales de la F1 por algunos cientos de millones a\u00f1os antes. Yo no llamo a eso d\u00e9ficit. Cuando me fui, el presupuesto se hab\u00eda triplicado, con nuevas competiciones y fuentes de ingresos, como la F\u00f3rmula E, el WEC y el WRC&#8221;.<\/strong><\/p>\n\n\n\n<p class=\"wp-block-paragraph\">La otra acusaci\u00f3n, por as\u00ed decirlo, de Mohammed se relaciona con un caso judicial que involucraba a una disputa de patentes por el <strong>Halo<\/strong>, que se implement\u00f3 en la F\u00f3rmula 1 en la temporada 2018, como respuesta al terrible accidente de <strong>Jules Bianchi<\/strong> en el <strong>GP de Jap\u00f3n de 2014<\/strong>, cuando se despist\u00f3 en medio de una lluvia torrencial y acab\u00f3 chocando contra una gr\u00faa.<\/p>\n\n\n\n<figure class=\"wp-block-image size-full\"><img decoding=\"async\" src=\"https:\/\/grandepremio.com\/es\/wp-content\/uploads\/2023\/12\/image-70.png\" alt=\"\" class=\"wp-image-226940\"\/><figcaption class=\"wp-element-caption\">Mohammed Ben Sulayem, presidente de la FIA, asumi\u00f3 el cargo en diciembre de 2021 (Foto: Red Bull Content Pool)<\/figcaption><\/figure>\n\n\n\n<p class=\"wp-block-paragraph\"><strong>&#8220;Es cierto que dejamos una batalla interminable cuando nos fuimos, sobre el Halo, pero no lo met\u00ed debajo de la alfombra. Todo estaba bien documentado y supervisado por nuestro equipo. Lo presentamos al Senado [de la FIA] y al Consejo Mundial antes de irme, as\u00ed que el actual presidente fue testigo de estas presentaciones&#8221;<\/strong>, dijo Jean.<\/p>\n\n\n\n<p class=\"wp-block-paragraph\"><strong>&#8220;Hay una demanda en Texas de un ingeniero que ten\u00eda una patente [para el Halo], pero s\u00f3lo era v\u00e1lida en Estados Unidos y por poco tiempo. No hab\u00eda ning\u00fan secreto y era el \u00fanico caso en curso. Pero no me sorprende, s\u00e9 qui\u00e9n es mi sucesor, conozco la figura&#8221;<\/strong>, concluy\u00f3 Todt.<\/p>\n\n\n\n<p class=\"wp-block-paragraph\">Con dos a\u00f1os de mandato, y otros dos por delante, Ben Sulayem no se ha hecho de muchas amistades en el mundo de la F\u00f3rmula 1, que ha hecho reavivar las llamas del fuego de la guerra entre la categor\u00eda y el ente rector, Sobre todo, despu\u00e9s de la investigaci\u00f3n al matrimonio Wolff de la pasada semana.<\/p>\n\n\n\n<p class=\"wp-block-paragraph\"><strong>\u00a1Conoce el canal de Grande Pr\u00eamio en Espa\u00f1ol en&nbsp;<\/strong><a href=\"https:\/\/www.youtube.com\/channel\/UCDxWojGVUi9gWYhrY0pGbIQ\" target=\"_blank\" rel=\"noreferrer noopener\"><strong>YouTube<\/strong><\/a><strong>!<\/strong><br><strong>\u00a1Sigue a Grande Pr\u00eamio en Espa\u00f1ol en&nbsp;<\/strong><a href=\"https:\/\/twitter.com\/grandepremioES\" target=\"_blank\" rel=\"noreferrer noopener\"><strong>Twitter&nbsp;<\/strong><\/a><strong>y en&nbsp;<\/strong><a href=\"https:\/\/www.instagram.com\/grandepremioes\/\" target=\"_blank\" rel=\"noreferrer noopener\"><strong>Instagram<\/strong><\/a><strong>!<\/strong><\/p>\n\n\n\n<p class=\"wp-block-paragraph\">Adem\u00e1s, se ha visto metido en varias pol\u00e9micas, como el despido de <strong>Michael Masi<\/strong>, el caso de las joyas de Lewis Hamilton, un adelanto de la publicaci\u00f3n del calendario 2023 antes que la propia F1, as\u00ed como la interferencia en las negociaciones cuando dio su opini\u00f3n sobre el valor financiero de la categor\u00eda y la llegada de<strong> Andretti<\/strong> en 2025, no aprobada ni por los equipos ni por la <strong>FOM.<\/strong><\/p>\n","protected":false},"excerpt":{"rendered":"<p>Presidente de la FIA entre 2009 y 2021, Jean Todt ha contraatacado a las cr\u00edticas que recibi\u00f3 de Mohammed Ben Sulayem, actual responsable del organismo rector del automovilismo.<\/p>\n","protected":false},"author":0,"featured_media":1010226935,"comment_status":"closed","ping_status":"closed","sticky":false,"template":"","format":"standard","meta":{"42wp_featured_image_caption":"","42wp_featured_image_credits":"","42wp_featured_video":"","42wp_featured_image_hidden":false,"42wp_authors_list":[],"footnotes":""},"categories":[5],"tags":[597,181,1676,263,7251,179,9628,1125,1375,3050,449,188,1930,569],"42wp_author":[14237],"class_list":["post-15870","post","type-post","status-publish","format-standard","has-post-thumbnail","hentry","category-f1","tag-andretti","tag-f1","tag-f1-2023","tag-fia","tag-fom","tag-formula-1","tag-gp-de-japon-2014","tag-halo","tag-jean-todt","tag-jules-bianchi","tag-michael-masi","tag-michael-schumacher","tag-mohammed-ben-sulayem","tag-toto-wolff","42wp_author-gabriel-garcia"],"_links":{"self":[{"href":"https:\/\/grandepremio.com\/es\/wp-json\/wp\/v2\/posts\/15870","targetHints":{"allow":["GET"]}}],"collection":[{"href":"https:\/\/grandepremio.com\/es\/wp-json\/wp\/v2\/posts"}],"about":[{"href":"https:\/\/grandepremio.com\/es\/wp-json\/wp\/v2\/types\/post"}],"replies":[{"embeddable":true,"href":"https:\/\/grandepremio.com\/es\/wp-json\/wp\/v2\/comments?post=15870"}],"version-history":[{"count":0,"href":"https:\/\/grandepremio.com\/es\/wp-json\/wp\/v2\/posts\/15870\/revisions"}],"wp:featuredmedia":[{"embeddable":true,"href":"https:\/\/grandepremio.com\/es\/wp-json\/wp\/v2\/media\/1010226935"}],"wp:attachment":[{"href":"https:\/\/grandepremio.com\/es\/wp-json\/wp\/v2\/media?parent=15870"}],"wp:term":[{"taxonomy":"category","embeddable":true,"href":"https:\/\/grandepremio.com\/es\/wp-json\/wp\/v2\/categories?post=15870"},{"taxonomy":"post_tag","embeddable":true,"href":"https:\/\/grandepremio.com\/es\/wp-json\/wp\/v2\/tags?post=15870"},{"taxonomy":"42wp_author","embeddable":true,"href":"https:\/\/grandepremio.com\/es\/wp-json\/wp\/v2\/42wp_author?post=15870"}],"curies":[{"name":"wp","href":"https:\/\/api.w.org\/{rel}","templated":true}]}}