{"id":15918,"date":"2023-12-10T09:34:34","date_gmt":"2023-12-10T12:34:34","guid":{"rendered":"https:\/\/grandepremio.com\/es\/2023\/12\/10\/ducati-orgullo-considera-fichar-marc-marquez-no-necesario\/"},"modified":"2023-12-10T09:34:41","modified_gmt":"2023-12-10T12:34:41","slug":"ducati-orgullo-considera-fichar-marc-marquez-no-necesario","status":"publish","type":"post","link":"https:\/\/grandepremio.com\/es\/motogp\/ducati-orgullo-considera-fichar-marc-marquez-no-necesario\/","title":{"rendered":"Ducati alega orgullo, pero considera que fichar a Marc M\u00e1rquez &#8220;no era necesario&#8221;"},"content":{"rendered":"\n<p class=\"wp-block-paragraph\">Una <em>\u201ccarga extra\u201d.<\/em> Lo dijo<strong> Paolo Ciabatti<\/strong>, director deportivo de <strong>Ducati<\/strong>, en relaci\u00f3n al fichaje de <strong>Marc M\u00e1rquez<\/strong> por el equipo <strong>Gresini <\/strong>para la temporada 2024 de MotoGP.\u00a0 Aunque est\u00e1 orgulloso de la elecci\u00f3n del seis veces campe\u00f3n de <strong>MotoGP<\/strong> para pilotar la Desmosedici, cree que el peso extra <em>&#8220;no era necesario&#8221;.<\/em><\/p>\n\n\n\n<p class=\"wp-block-paragraph\">M\u00e1rquez a\u00fan ten\u00eda un a\u00f1o de contrato con<strong> Honda<\/strong>, pero decidi\u00f3 abandonar la casa japonesa despu\u00e9s de once a\u00f1os, ante las bajas prestaciones de la moto de <strong>HRC<\/strong>, que no le permiten pelear por victorias y podios. El a\u00f1o venidero, el #93 pilotar\u00e1 una <strong>Desmosedici GP23<\/strong>, la moto con la que gan\u00f3 el campeonato con <strong>Francesco Bagnaia <\/strong>este a\u00f1o.<\/p>\n\n\n\n<p class=\"wp-block-paragraph\">Si bien el espa\u00f1ol tiene en su haber 59 victorias, 101 podios y 64 poles en el <strong>Mundial de Motociclismo<\/strong>, Ciabatti dijo que ellos no necesitaban de M\u00e1rquez en Ducati, ya que vieron luchar por el t\u00edtulo a Francesco Bagnaia, <strong>Jorge Mart\u00edn<\/strong> y a Marco Bezzecchi.<\/p>\n\n\n\n<p class=\"wp-block-paragraph\"><strong>&#8220;Todos sabemos el talento que tiene Marc M\u00e1rquez y creo que tiene muy poco que decir al respecto<\/strong>&#8220;, afirma Ciabatti en una entrevista concedida al portal italiano GPOne. <strong>&#8220;En mi opini\u00f3n, teniendo en cuenta los resultados obtenidos este a\u00f1o por Ducati, con tres motos delante de todos, no hab\u00eda necesidad de a\u00f1adir una carga extra, porque, para m\u00ed, no era necesario&#8221;<\/strong>, dijo.<\/p>\n\n\n\n<figure class=\"wp-block-image size-full\"><img decoding=\"async\" src=\"https:\/\/grandepremio.com\/es\/wp-content\/uploads\/2023\/12\/image-51.png\" alt=\"\" class=\"wp-image-226664\"\/><figcaption class=\"wp-element-caption\">Marc M\u00e1rquez correr\u00e1 con Gresini en 2024 (Foto: Red Bull Content Pool)<\/figcaption><\/figure>\n\n\n\n<p class=\"wp-block-paragraph\"><strong>&#8220;Al mismo tiempo, como hombre Ducati, creo que es un gran orgullo para la compa\u00f1\u00eda ver a un campe\u00f3n como Marc sobre una Desmosedici. Para todos nosotros es un reconocimiento m\u00e1s al trabajo que estamos haciendo, as\u00ed como al hecho de que Ducati es actualmente la mejor moto de MotoGP<\/strong>&#8220;, ha se\u00f1alado.<\/p>\n\n\n\n<p class=\"wp-block-paragraph\">Preguntado por c\u00f3mo cambiar\u00e1 el equilibrio la llegada de Marc M\u00e1rquez, Ciabatti respondi\u00f3: <strong>&#8220;Marc es obviamente un ganador. Y sus t\u00edtulos lo demuestran. As\u00ed que si ha elegido Ducati es porque quiere volver a ganar. Para todos nosotros, ser\u00e1 algo nuevo y, al mismo tiempo, una situaci\u00f3n a controlar&#8221;.<\/strong><\/p>\n\n\n\n<p class=\"wp-block-paragraph\">En la misma entrevista, Ciabatti se expres\u00f3 acerca de la posibilidad de que M\u00e1rquez fuera piloto oficial de cara al futuro: <strong>&#8220;Como todav\u00eda no hemos definido los pilotos para 2025, dir\u00eda sin ning\u00fan problema que Marc ser\u00e1 uno de los candidatos para el equipo oficial. Obviamente, hay un aspecto importante a destacar, y es que, desde el punto de vista econ\u00f3mico, ya no estamos en ese periodo previo a la pandemia en el que un piloto como \u00e9l pod\u00eda ganar sueldos supermillonarios&#8221;.<\/strong><\/p>\n\n\n\n<p class=\"wp-block-paragraph\"><strong>\u00a1Conoce el canal de Grande Pr\u00eamio en Espa\u00f1ol en&nbsp;<\/strong><a href=\"https:\/\/www.youtube.com\/channel\/UCDxWojGVUi9gWYhrY0pGbIQ\" target=\"_blank\" rel=\"noreferrer noopener\"><strong>YouTube<\/strong><\/a><strong>!<\/strong><br><strong>\u00a1Sigue a Grande Pr\u00eamio en Espa\u00f1ol en&nbsp;<\/strong><a href=\"https:\/\/twitter.com\/grandepremioES\" target=\"_blank\" rel=\"noreferrer noopener\"><strong>Twitter&nbsp;<\/strong><\/a><strong>y en&nbsp;<\/strong><a href=\"https:\/\/www.instagram.com\/grandepremioes\/\" target=\"_blank\" rel=\"noreferrer noopener\"><strong>Instagram<\/strong><\/a><strong>!<\/strong><\/p>\n\n\n\n<p class=\"wp-block-paragraph\">A la pregunta de si Ducati corre el riesgo de perder a alguno de sus pilotos, Ciabatti respondi\u00f3:<strong> &#8220;\u00a1Por supuesto! El riesgo existe y somos conscientes de ello. Pienso, por ejemplo, en [Jorge] Mart\u00edn. Un talento como \u00e9l, si no fuera al equipo oficial, sin duda podr\u00eda atraer el inter\u00e9s de otras f\u00e1bricas. Pero no es el \u00fanico&#8221;.<\/strong><\/p>\n","protected":false},"excerpt":{"rendered":"<p>Paolo Ciabatti, director deportivo de Ducati, asegur\u00f3 que un piloto como Marc M\u00e1rquez no era necesario de cara a la pr\u00f3xima temporada de MotoGP. No obstante, se\u00f1al\u00f3 que ser elegido por un piloto como el espa\u00f1ol es un orgullo.<\/p>\n","protected":false},"author":0,"featured_media":1010226661,"comment_status":"closed","ping_status":"closed","sticky":false,"template":"","format":"standard","meta":{"42wp_featured_image_caption":"","42wp_featured_image_credits":"","42wp_featured_video":"","42wp_featured_image_hidden":false,"42wp_authors_list":[],"footnotes":""},"categories":[8],"tags":[5448,1340,1376,2055,221,1526,1392,1764,2950],"42wp_author":[14237],"class_list":["post-15918","post","type-post","status-publish","format-standard","has-post-thumbnail","hentry","category-motogp","tag-desmosedici-gp23","tag-ducati","tag-francesco-bagnaia","tag-gresini","tag-honda","tag-jorge-martin","tag-marc-marquez-2","tag-mundial-de-motociclismo","tag-paolo-ciabatti","42wp_author-gabriel-garcia"],"_links":{"self":[{"href":"https:\/\/grandepremio.com\/es\/wp-json\/wp\/v2\/posts\/15918","targetHints":{"allow":["GET"]}}],"collection":[{"href":"https:\/\/grandepremio.com\/es\/wp-json\/wp\/v2\/posts"}],"about":[{"href":"https:\/\/grandepremio.com\/es\/wp-json\/wp\/v2\/types\/post"}],"replies":[{"embeddable":true,"href":"https:\/\/grandepremio.com\/es\/wp-json\/wp\/v2\/comments?post=15918"}],"version-history":[{"count":0,"href":"https:\/\/grandepremio.com\/es\/wp-json\/wp\/v2\/posts\/15918\/revisions"}],"wp:featuredmedia":[{"embeddable":true,"href":"https:\/\/grandepremio.com\/es\/wp-json\/wp\/v2\/media\/1010226661"}],"wp:attachment":[{"href":"https:\/\/grandepremio.com\/es\/wp-json\/wp\/v2\/media?parent=15918"}],"wp:term":[{"taxonomy":"category","embeddable":true,"href":"https:\/\/grandepremio.com\/es\/wp-json\/wp\/v2\/categories?post=15918"},{"taxonomy":"post_tag","embeddable":true,"href":"https:\/\/grandepremio.com\/es\/wp-json\/wp\/v2\/tags?post=15918"},{"taxonomy":"42wp_author","embeddable":true,"href":"https:\/\/grandepremio.com\/es\/wp-json\/wp\/v2\/42wp_author?post=15918"}],"curies":[{"name":"wp","href":"https:\/\/api.w.org\/{rel}","templated":true}]}}