{"id":15946,"date":"2023-12-08T10:54:45","date_gmt":"2023-12-08T13:54:45","guid":{"rendered":"https:\/\/grandepremio.com\/es\/2023\/12\/08\/toto-wolff-transparencia-conflicto-fia\/"},"modified":"2023-12-08T10:54:52","modified_gmt":"2023-12-08T13:54:52","slug":"toto-wolff-transparencia-conflicto-fia","status":"publish","type":"post","link":"https:\/\/grandepremio.com\/es\/f1\/toto-wolff-transparencia-conflicto-fia\/","title":{"rendered":"Toto Wolff pide &#8220;transparencia total&#8221; y da pistas de judicializaci\u00f3n de conflicto con la FIA"},"content":{"rendered":"\n<p class=\"wp-block-paragraph\"><strong>Toto Wolff<\/strong> se uni\u00f3 a los dichos de su esposa <strong>Susie <\/strong>y pidi\u00f3 transparencia <a href=\"https:\/\/grandepremio.com\/es\/f1\/fia-cierre-investigacion-toto-wolff-susie-wolff-filtracion-fom\/\">tras la investigaci\u00f3n por conflictos de intereses que abri\u00f3 y ya cerr\u00f3 la <strong>FIA<\/strong><\/a>. En un comunicado publicado este viernes, el jefe de <strong>Mercedes<\/strong> se pronunci\u00f3 sobre la turbulenta semana en la que su apellido estuvo involucrado.  <\/p>\n\n\n\n<p class=\"wp-block-paragraph\">&#8220;Entendemos que hay un inter\u00e9s significativo de los medios de comunicaci\u00f3n en los acontecimientos de esta semana&#8221;, comenz\u00f3 la nota. &#8220;Actualmente estamos en un intercambio legal activo con la FIA. Esperamos total transparencia sobre lo sucedido y por qu\u00e9, y nos reservamos todos nuestros derechos legales&#8221;, continu\u00f3.<\/p>\n\n\n\n<p class=\"wp-block-paragraph\">&#8220;Por lo tanto, pedimos su comprensi\u00f3n de que no haremos comentarios oficiales por el momento. Pero sin duda, lo haremos en el momento adecuado&#8221;, concluy\u00f3.<\/p>\n\n\n\n<p class=\"wp-block-paragraph\">La investigaci\u00f3n sobre Toto y Susie Wolff comenz\u00f3 martes. El caso se abri\u00f3 a ra\u00edz de supuestas quejas de otros jefes de equipo de F\u00f3rmula 1 sobre las actividades de la pareja. Toto es jefe de equipo en Mercedes, mientras que Susie es directora de la <strong>F1 Academy<\/strong>, una categor\u00eda para pilotos femeninas que est\u00e1 bajo el paraguas de <strong>Formula One Management.<\/strong><\/p>\n\n\n\n<figure class=\"wp-block-image size-large\"><img decoding=\"async\" src=\"https:\/\/grandepremio.com\/es\/wp-content\/uploads\/2021\/01\/Toto-Susie-Wolff-2-1024x576.jpg\" alt=\"\" class=\"wp-image-226423\"\/><figcaption class=\"wp-element-caption\">La FIA cerr\u00f3 la investigaci\u00f3n a Toto Wolff y su esposa por apropiaci\u00f3n de informaci\u00f3n de la FOM (Foto: Reproducci\u00f3n)<\/figcaption><\/figure>\n\n\n\n<p class=\"wp-block-paragraph\"><strong>\u00a1Conoce el canal de Grande Pr\u00eamio en Espa\u00f1ol en\u00a0<\/strong><a href=\"https:\/\/www.youtube.com\/channel\/UCDxWojGVUi9gWYhrY0pGbIQ\" target=\"_blank\" rel=\"noreferrer noopener\"><strong>YouTube<\/strong><\/a><strong>!<\/strong><br><strong>\u00a1Sigue a Grande Pr\u00eamio en Espa\u00f1ol en\u00a0<\/strong><a href=\"https:\/\/twitter.com\/grandepremioES\" target=\"_blank\" rel=\"noreferrer noopener\"><strong>Twitter\u00a0<\/strong><\/a><strong>y en\u00a0<\/strong><a href=\"https:\/\/www.instagram.com\/grandepremioes\/\" target=\"_blank\" rel=\"noreferrer noopener\"><strong>Instagram<\/strong><\/a><strong>!<\/strong><\/p>\n\n\n\n<p class=\"wp-block-paragraph\">La sospecha es que Toto tiene acceso a informaci\u00f3n confidencial sobre las actividades de la FOM, algo que otros jefes de equipo no tienen, mientras que Susie est\u00e1 al tanto de las principales discusiones entre los jefes, lo que podr\u00eda ser de utilidad para la categor\u00eda. Un reportaje de la revista Business F1 se\u00f1al\u00f3 que un comentario hecho por Toto durante una reuni\u00f3n de jefes fue objeto de quejas por parte de sus rivales, que consideraban que la informaci\u00f3n dada s\u00f3lo pod\u00eda proceder de alguien vinculado a<strong> Formula One Management.<\/strong><\/p>\n\n\n\n<p class=\"wp-block-paragraph\">Los otros nueve equipos de la parrilla decidieron entonces unirse en defensa de Susie en un movimiento sin precedentes: el mi\u00e9rcoles, <strong>Red Bull, Ferrari, McLaren, Williams, Haas, AlphaTauri, Alpine, Alfa Romeo y Aston Martin<\/strong> emitieron un comunicado en conjunto en el que negaban cualquier implicaci\u00f3n en la investigaci\u00f3n y garantizaban total confianza en la categor\u00eda y en Wolff. El texto tambi\u00e9n sirvi\u00f3 para desmentir las informaciones sobre la denuncia contra la pareja.<\/p>\n\n\n\n<p class=\"wp-block-paragraph\">&#8220;Podemos confirmar que no hemos presentado ninguna queja a la FIA sobre la acusaci\u00f3n de que se haya compartido informaci\u00f3n confidencial entre el director de un equipo de F1 y un miembro del equipo de la FOM. Estamos contentos y orgullosos de apoyar a la Academia de F1 y a su director general a trav\u00e9s de nuestro compromiso de patrocinar a un competidor con nuestros colores a partir de la pr\u00f3xima temporada&#8221;, escribieron los equipos en declaraciones publicadas tambi\u00e9n en las redes sociales.<\/p>\n\n\n\n<p class=\"wp-block-paragraph\"><\/p>\n","protected":false},"excerpt":{"rendered":"<p>Toto Wolff, jefe de Mercedes, emiti\u00f3 un comunicado en el que exigi\u00f3 &#8220;transparencia&#8221; a la FIA y advirti\u00f3 que se reserva derechos legales para actuar en su defensa. <\/p>\n","protected":false},"author":0,"featured_media":1010194091,"comment_status":"closed","ping_status":"closed","sticky":false,"template":"","format":"standard","meta":{"42wp_featured_image_caption":"","42wp_featured_image_credits":"","42wp_featured_video":"","42wp_featured_image_hidden":false,"42wp_authors_list":[],"footnotes":""},"categories":[5],"tags":[181,1676,263,179,2534,197,766,569],"42wp_author":[14223],"class_list":["post-15946","post","type-post","status-publish","format-standard","has-post-thumbnail","hentry","category-f1","tag-f1","tag-f1-2023","tag-fia","tag-formula-1","tag-formula-1-2023","tag-mercedes","tag-susie-wolff","tag-toto-wolff","42wp_author-esteban-nieto"],"_links":{"self":[{"href":"https:\/\/grandepremio.com\/es\/wp-json\/wp\/v2\/posts\/15946","targetHints":{"allow":["GET"]}}],"collection":[{"href":"https:\/\/grandepremio.com\/es\/wp-json\/wp\/v2\/posts"}],"about":[{"href":"https:\/\/grandepremio.com\/es\/wp-json\/wp\/v2\/types\/post"}],"replies":[{"embeddable":true,"href":"https:\/\/grandepremio.com\/es\/wp-json\/wp\/v2\/comments?post=15946"}],"version-history":[{"count":0,"href":"https:\/\/grandepremio.com\/es\/wp-json\/wp\/v2\/posts\/15946\/revisions"}],"wp:featuredmedia":[{"embeddable":true,"href":"https:\/\/grandepremio.com\/es\/wp-json\/wp\/v2\/media\/1010194091"}],"wp:attachment":[{"href":"https:\/\/grandepremio.com\/es\/wp-json\/wp\/v2\/media?parent=15946"}],"wp:term":[{"taxonomy":"category","embeddable":true,"href":"https:\/\/grandepremio.com\/es\/wp-json\/wp\/v2\/categories?post=15946"},{"taxonomy":"post_tag","embeddable":true,"href":"https:\/\/grandepremio.com\/es\/wp-json\/wp\/v2\/tags?post=15946"},{"taxonomy":"42wp_author","embeddable":true,"href":"https:\/\/grandepremio.com\/es\/wp-json\/wp\/v2\/42wp_author?post=15946"}],"curies":[{"name":"wp","href":"https:\/\/api.w.org\/{rel}","templated":true}]}}