{"id":15947,"date":"2023-12-08T10:37:55","date_gmt":"2023-12-08T13:37:55","guid":{"rendered":"https:\/\/grandepremio.com\/es\/2023\/12\/08\/susie-wolff-promete-instigo-investigacion-fia\/"},"modified":"2023-12-08T10:38:02","modified_gmt":"2023-12-08T13:38:02","slug":"susie-wolff-promete-instigo-investigacion-fia","status":"publish","type":"post","link":"https:\/\/grandepremio.com\/es\/f1\/susie-wolff-promete-instigo-investigacion-fia\/","title":{"rendered":"Susie Wolff  promete &#8220;averiguar qui\u00e9n instig\u00f3&#8221; la investigaci\u00f3n contra ella de la FIA"},"content":{"rendered":"\n<p class=\"wp-block-paragraph\">La Guerra Fr\u00eda que tiene lugar entre la <strong>Federaci\u00f3n Internacional del Autom\u00f3vil <\/strong>(FIA) y la F\u00f3rmula 1 sum\u00f3 hoy otro cap\u00edtulo m\u00e1s, ya que <strong>Susie Wolff<\/strong> ha respondido p\u00fablicamente al final de la investigaci\u00f3n por supuestas filtraciones de informaci\u00f3n confidencial.<\/p>\n\n\n\n<p class=\"wp-block-paragraph\">A pesar de que el ente rector est\u00e1 satisfecho con los protocolos, a la esposa de <strong>Toto Wolff<\/strong> no le ha gustado nada recibir agresiones de todo tipo en redes sociales. Por esto, la directora de la <strong>F1 Academy<\/strong>, que depende de la <strong>Formula One Management<\/strong> (FOM) lanz\u00f3 un duro comunicado este viernes.<\/p>\n\n\n\n<p class=\"wp-block-paragraph\"><strong>&#8220;Cuando vi el comunicado emitido anoche por la FIA, mi primera reacci\u00f3n fue: &#8216;\u00bfYa est\u00e1? Durante dos d\u00edas se han hecho insinuaciones sobre mi integridad en p\u00fablico, pero nadie de la FIA ha hablado conmigo directamente. Puede que haya sido un da\u00f1o colateral en un ataque infructuoso contra otra persona o el blanco de un intento fallido de desacreditarme personalmente, pero he trabajado duro para que mi reputaci\u00f3n se ponga en entredicho a causa de un comunicado de prensa infundado&#8221;<\/strong>, comenz\u00f3 Wolff.<\/p>\n\n\n\n<figure class=\"wp-block-image size-full\"><img decoding=\"async\" src=\"https:\/\/grandepremio.com\/es\/wp-content\/uploads\/2023\/12\/image-35.png\" alt=\"\" class=\"wp-image-226448\"\/><figcaption class=\"wp-element-caption\">Susie Wolff respondi\u00f3 tras el informe de la FIA (Foto: F\u00f3rmula E)<\/figcaption><\/figure>\n\n\n\n<p class=\"wp-block-paragraph\"><strong>&#8220;Hemos recorrido un largo camino en el deporte. Me sent\u00ed extremadamente agradecida por el apoyo unificado de los equipos de F\u00f3rmula 1. He trabajado con tantas mujeres y hombres apasionados en la F1 y en la FIA que tienen en mente los mejores intereses de nuestro deporte. Sin embargo, este episodio se ha desarrollado hasta ahora sin transparencia ni rendici\u00f3n de cuentas. He recibido insultos en Internet sobre mi trabajo y mi familia. No me dejar\u00e9 intimidar y pienso seguir adelante hasta descubrir qui\u00e9n instig\u00f3 esta campa\u00f1a y enga\u00f1\u00f3 a los medios de comunicaci\u00f3n. Lo que ha ocurrido esta semana no es suficiente. Como deporte, debemos exigir y merecer lo mejor&#8221;<\/strong>, concluy\u00f3.<\/p>\n\n\n\n<p class=\"wp-block-paragraph\">Hay que recordar que la FIA abri\u00f3 un proceso de investigaci\u00f3n ante un supuesto comentario de Toto Wolff en una reuni\u00f3n de jefes de equipos, que habr\u00eda deslizado conocimiento de las actividades de la FOM, nada confirmado ante el cierre repentino del proceso.<\/p>\n\n\n\n<p class=\"wp-block-paragraph\">La escaramuza entre la FIA y la F1 no es nueva, es otro episodio m\u00e1s de las amplias diferencias entre las partes. Mercedes y los equipos apoyaron de manera un\u00e1nime a Susie y pidieron esclarecer el tema. Ninguno de ellos hab\u00eda solicitado que se revisara ning\u00fan proceso, hab\u00edan comentado.<\/p>\n\n\n\n<p class=\"wp-block-paragraph\"><strong>\u00a1Conoce el canal de Grande Pr\u00eamio en Espa\u00f1ol en&nbsp;<\/strong><a href=\"https:\/\/www.youtube.com\/channel\/UCDxWojGVUi9gWYhrY0pGbIQ\" target=\"_blank\" rel=\"noreferrer noopener\"><strong>YouTube<\/strong><\/a><strong>!<\/strong><br><strong>\u00a1Sigue a Grande Pr\u00eamio en Espa\u00f1ol en&nbsp;<\/strong><a href=\"https:\/\/twitter.com\/grandepremioES\" target=\"_blank\" rel=\"noreferrer noopener\"><strong>Twitter&nbsp;<\/strong><\/a><strong>y en&nbsp;<\/strong><a href=\"https:\/\/www.instagram.com\/grandepremioes\/\" target=\"_blank\" rel=\"noreferrer noopener\"><strong>Instagram<\/strong><\/a><strong>!<\/strong><\/p>\n\n\n\n<p class=\"wp-block-paragraph\">A los equipos no les ha gustado nada que <strong>Mohammed Ben Sulayem<\/strong> se entrometa en asuntos de la F1, y el ente rector ha sido puesto en la mira desde hace un tiempo, sobre todo por permitir el ingreso de <strong>Andretti <\/strong>desde 2025, que ha sido rechazado por todas las escuder\u00edas participantes.<\/p>\n","protected":false},"excerpt":{"rendered":"<p>Despu\u00e9s de que la FIA diera marcha atr\u00e1s y cerrara su investigaci\u00f3n sobre Susie Wolff y su marido Toto, la directora de la Academia de F1 ha reaccionado y ha exigido explicaciones al organismo rector del automovilismo sobre las acusaciones que sufri\u00f3 esta semana.<\/p>\n","protected":false},"author":0,"featured_media":1000762632,"comment_status":"closed","ping_status":"closed","sticky":false,"template":"","format":"standard","meta":{"42wp_featured_image_caption":"","42wp_featured_image_credits":"","42wp_featured_video":"","42wp_featured_image_hidden":false,"42wp_authors_list":[],"footnotes":""},"categories":[5],"tags":[597,181,1676,3989,263,7251,179,1930,766,569],"42wp_author":[14237],"class_list":["post-15947","post","type-post","status-publish","format-standard","has-post-thumbnail","hentry","category-f1","tag-andretti","tag-f1","tag-f1-2023","tag-f1-academy","tag-fia","tag-fom","tag-formula-1","tag-mohammed-ben-sulayem","tag-susie-wolff","tag-toto-wolff","42wp_author-gabriel-garcia"],"_links":{"self":[{"href":"https:\/\/grandepremio.com\/es\/wp-json\/wp\/v2\/posts\/15947","targetHints":{"allow":["GET"]}}],"collection":[{"href":"https:\/\/grandepremio.com\/es\/wp-json\/wp\/v2\/posts"}],"about":[{"href":"https:\/\/grandepremio.com\/es\/wp-json\/wp\/v2\/types\/post"}],"replies":[{"embeddable":true,"href":"https:\/\/grandepremio.com\/es\/wp-json\/wp\/v2\/comments?post=15947"}],"version-history":[{"count":0,"href":"https:\/\/grandepremio.com\/es\/wp-json\/wp\/v2\/posts\/15947\/revisions"}],"wp:featuredmedia":[{"embeddable":true,"href":"https:\/\/grandepremio.com\/es\/wp-json\/wp\/v2\/media\/1000762632"}],"wp:attachment":[{"href":"https:\/\/grandepremio.com\/es\/wp-json\/wp\/v2\/media?parent=15947"}],"wp:term":[{"taxonomy":"category","embeddable":true,"href":"https:\/\/grandepremio.com\/es\/wp-json\/wp\/v2\/categories?post=15947"},{"taxonomy":"post_tag","embeddable":true,"href":"https:\/\/grandepremio.com\/es\/wp-json\/wp\/v2\/tags?post=15947"},{"taxonomy":"42wp_author","embeddable":true,"href":"https:\/\/grandepremio.com\/es\/wp-json\/wp\/v2\/42wp_author?post=15947"}],"curies":[{"name":"wp","href":"https:\/\/api.w.org\/{rel}","templated":true}]}}