{"id":15977,"date":"2023-12-06T12:03:45","date_gmt":"2023-12-06T15:03:45","guid":{"rendered":"https:\/\/grandepremio.com\/es\/2023\/12\/06\/martin-homofobico-television-espana\/"},"modified":"2023-12-06T12:03:54","modified_gmt":"2023-12-06T15:03:54","slug":"martin-homofobico-television-espana","status":"publish","type":"post","link":"https:\/\/grandepremio.com\/es\/motogp\/martin-homofobico-television-espana\/","title":{"rendered":"Mart\u00edn utiliza t\u00e9rmino homof\u00f3bico en un programa de televisi\u00f3n en Espa\u00f1a"},"content":{"rendered":"\n<p class=\"wp-block-paragraph\">Ya no ser\u00e1n los neum\u00e1ticos defectuosos de <strong>Michelin<\/strong> lo que causa la pol\u00e9mica, sino unas declaraciones salidas de tono de <strong>Jorge Mart\u00edn<\/strong>, quien fue invitado al programa <em>\u201cEl Hormiguero\u201d<\/em>, conducido por<strong> Pablo Motos<\/strong>, de la cadena de televisi\u00f3n espa\u00f1ola <strong>Antena 3<\/strong>.<\/p>\n\n\n\n<p class=\"wp-block-paragraph\">El conductor del programa le pregunt\u00f3 al piloto del Pramac si se llevaba bien con sus rivales de MotoGP, a lo que respondi\u00f3: <strong>&#8220;S\u00f3lo me llevo bien con un piloto, que es Aleix Espargar\u00f3, pero no pretendo tener amistad con los dem\u00e1s&#8221;.<\/strong><\/p>\n\n\n\n<figure class=\"wp-block-video\"><video class=\"video-js vjs-big-play-centered\" data-gp-vjs=\"1\" controls src=\"https:\/\/grandepremio.com\/es\/\/wp-content\/uploads\/2023\/12\/MotoGP-2023-El-Hormiguero-Jorge-Martin.mp4\"><\/video><figcaption class=\"wp-element-caption\">Jorge Mart\u00edn us\u00f3 jerga homof\u00f3bica en un programa de televisi\u00f3n en Espa\u00f1a (Video: Reproducci\u00f3n)<\/figcaption><\/figure>\n\n\n\n<p class=\"wp-block-paragraph\"><strong>&#8220;No tengo la intenci\u00f3n de ser amigo de otros. Son mis rivales. No es lo mismo adelantar a Aleix que adelantar a otros. Voy con todo, te quitas del medio o te saco del medio&#8221;<\/strong>, dijo. <strong>&#8220;Tenemos mucho respeto, nos jugamos la vida y puede ser muy peligroso\u2026 pero aqu\u00ed, aqu\u00ed la \u00faltima es un mariquita&#8221;<\/strong>, coment\u00f3, siendo aplaudido despu\u00e9s por el p\u00fablico y haciendo re\u00edr al presentador.<\/p>\n\n\n\n<p class=\"wp-block-paragraph\">Debido al comentario, en las redes sociales se han recordado otras frases similares de pilotos espa\u00f1oles, y se ha le\u00eddo el comentario el tono de chiste. Sin embargo, la principal organizaci\u00f3n de la comunidad <strong>LGBT <\/strong>en Espa\u00f1a, la <strong>FELGTBI+<\/strong> (Federaci\u00f3n Estatal de Lesbianas, Gays, Transexuales y Bisexuales) repudi\u00f3 las declaraciones de Mart\u00edn en una publicaci\u00f3n en Twitter.<\/p>\n\n\n\n<p class=\"wp-block-paragraph\"><strong>&#8220;Los chistes de \u2018mariquitas\u2019 en horario de m\u00e1xima audiencia son muy divertidos, \u00bfno? El &#8216;\u00faltimo es un mariquita&#8217; de Jorge Mart\u00edn es horrible. La naturalizaci\u00f3n de Pablo Motos y el aplauso del p\u00fablico tambi\u00e9n. Muchos menores escuchan esto todos los d\u00edas en el recreo y &#8216;El Hormiguero&#8217; legitima este tipo de acoso&#8221;<\/strong>, afirm\u00f3 FELTGBI+.<\/p>\n\n\n\n<figure class=\"wp-block-image size-full\"><img decoding=\"async\" src=\"https:\/\/grandepremio.com\/es\/\/wp-content\/uploads\/2023\/12\/image-15.png\" alt=\"\" class=\"wp-image-226243\"\/><figcaption class=\"wp-element-caption\">Jorge Mart\u00edn utiliz\u00f3 un t\u00e9rmino homof\u00f3bico en un programa de televisi\u00f3n (Foto: AFP)<\/figcaption><\/figure>\n\n\n\n<p class=\"wp-block-paragraph\">Mientras que se debate el asunto en las redes sociales, el piloto, de 25 a\u00f1os, se ha ido de vacaciones sin comentar el tema, lo mismo<strong> Pramac<\/strong> y <strong>Ducati<\/strong>, que no se han pronunciado al respecto.<\/p>\n\n\n\n<p class=\"wp-block-paragraph\">Adem\u00e1s, hay que se\u00f1alar que no es la primera pol\u00e9mica ni de \u201cEl Hormiguero\u201d ni de Antena 3. Es que, el pasado 22 de noviembre, el programa cont\u00f3 con el pol\u00edtico Alfonso Guerra, quien lament\u00f3 que los humoristas ya no puedan hacer chistes prejuiciosos. La se\u00f1al tambi\u00e9n emite el documental de la vedette espa\u00f1ola<strong> B\u00e1rbara Rey<\/strong>, quien se ha abierto a contar toda su vida privada, hasta su relaci\u00f3n a escondidas con el Rey em\u00e9rito del pa\u00eds, <strong>Juan Carlos I<\/strong>.<\/p>\n\n\n\n<p class=\"wp-block-paragraph\"><strong>\u00a1Conoce el canal de Grande Pr\u00eamio en Espa\u00f1ol en&nbsp;<\/strong><a href=\"https:\/\/www.youtube.com\/channel\/UCDxWojGVUi9gWYhrY0pGbIQ\" target=\"_blank\" rel=\"noreferrer noopener\"><strong>YouTube<\/strong><\/a><strong>!<\/strong><br><strong>\u00a1Sigue a Grande Pr\u00eamio en Espa\u00f1ol en&nbsp;<\/strong><a href=\"https:\/\/twitter.com\/grandepremioES\" target=\"_blank\" rel=\"noreferrer noopener\"><strong>Twitter&nbsp;<\/strong><\/a><strong>y en&nbsp;<\/strong><a href=\"https:\/\/www.instagram.com\/grandepremioes\/\" target=\"_blank\" rel=\"noreferrer noopener\"><strong>Instagram<\/strong><\/a><strong>!<\/strong><\/p>\n\n\n\n<p class=\"wp-block-paragraph\"><strong>MotoGP <\/strong>vuelve a acelerar entre el 6 y el 8 de febrero de 2024, con los test de pretemporada en Malasia, en el circuito de Sepang. GRANDE PR\u00caMIO ofrece una cobertura completa del evento.<\/p>\n","protected":false},"excerpt":{"rendered":"<p>En una aparici\u00f3n en el programa &#8216;El Hormiguero&#8217;, Jorge Mart\u00edn utiliz\u00f3 el t\u00e9rmino &#8216;mariquita&#8217;, lo que caus\u00f3 una tremenda pol\u00e9mica en redes sociales y ha llevado al rechazo del colectivo LGBT de Espa\u00f1a. <\/p>\n","protected":false},"author":0,"featured_media":1010226238,"comment_status":"closed","ping_status":"closed","sticky":false,"template":"","format":"standard","meta":{"42wp_featured_image_caption":"","42wp_featured_image_credits":"","42wp_featured_video":"","42wp_featured_image_hidden":false,"42wp_authors_list":[],"footnotes":""},"categories":[8],"tags":[9593,1340,9591,1526,6216,1764,9592,1363],"42wp_author":[14237],"class_list":["post-15977","post","type-post","status-publish","format-standard","has-post-thumbnail","hentry","category-motogp","tag-antena-3","tag-ducati","tag-el-hormiguero","tag-jorge-martin","tag-michelin","tag-mundial-de-motociclismo","tag-pablo-motos","tag-pramac","42wp_author-gabriel-garcia"],"_links":{"self":[{"href":"https:\/\/grandepremio.com\/es\/wp-json\/wp\/v2\/posts\/15977","targetHints":{"allow":["GET"]}}],"collection":[{"href":"https:\/\/grandepremio.com\/es\/wp-json\/wp\/v2\/posts"}],"about":[{"href":"https:\/\/grandepremio.com\/es\/wp-json\/wp\/v2\/types\/post"}],"replies":[{"embeddable":true,"href":"https:\/\/grandepremio.com\/es\/wp-json\/wp\/v2\/comments?post=15977"}],"version-history":[{"count":0,"href":"https:\/\/grandepremio.com\/es\/wp-json\/wp\/v2\/posts\/15977\/revisions"}],"wp:featuredmedia":[{"embeddable":true,"href":"https:\/\/grandepremio.com\/es\/wp-json\/wp\/v2\/media\/1010226238"}],"wp:attachment":[{"href":"https:\/\/grandepremio.com\/es\/wp-json\/wp\/v2\/media?parent=15977"}],"wp:term":[{"taxonomy":"category","embeddable":true,"href":"https:\/\/grandepremio.com\/es\/wp-json\/wp\/v2\/categories?post=15977"},{"taxonomy":"post_tag","embeddable":true,"href":"https:\/\/grandepremio.com\/es\/wp-json\/wp\/v2\/tags?post=15977"},{"taxonomy":"42wp_author","embeddable":true,"href":"https:\/\/grandepremio.com\/es\/wp-json\/wp\/v2\/42wp_author?post=15977"}],"curies":[{"name":"wp","href":"https:\/\/api.w.org\/{rel}","templated":true}]}}