{"id":1599,"date":"2026-04-24T10:00:00","date_gmt":"2026-04-24T13:00:00","guid":{"rendered":"https:\/\/grandepremio.com\/es\/2026\/04\/24\/hora-corre-fenestraz-autopolis-segunda-super-formula-2026\/"},"modified":"2026-04-23T16:10:37","modified_gmt":"2026-04-23T19:10:37","slug":"hora-corre-fenestraz-autopolis-segunda-super-formula-2026","status":"publish","type":"post","link":"https:\/\/grandepremio.com\/es\/super-formula\/hora-corre-fenestraz-autopolis-segunda-super-formula-2026\/","title":{"rendered":"\u00bfA qu\u00e9 hora corre Fenestraz en Autopolis, la segunda fecha de S\u00faper F\u00f3rmula 2026?"},"content":{"rendered":"\n<p class=\"wp-block-paragraph\">La <strong>S\u00faper F\u00f3rmula<\/strong> cambiar\u00e1 sensiblemente el formato de competici\u00f3n para la segunda ronda del campeonato 2026, a disputarse s\u00e1bado y domingo en el lejano circuito de <strong>Autopolis<\/strong>. La pista, que es la m\u00e1s alejada de <strong>Tokio <\/strong>de todo el a\u00f1o, tendr\u00e1 un entrenamiento el s\u00e1bado por la ma\u00f1ana de casi dos horas, seguido de la clasificaci\u00f3n, pero en tres cortes. <\/p>\n\n\n\n<p class=\"wp-block-paragraph\">Es decir, habr\u00e1 <strong>Q1 <\/strong>dividida en dos grupos de doce autos cada uno, la <strong>Q2 <\/strong>tendr\u00e1 a los seis mejores de cada grupo compitiendo no por la pole, sino por el pase a la <strong>Q3<\/strong>. La tanda final ser\u00e1 de siete minutos con los cinco mejores tiempos de la sesi\u00f3n previa luchando por la pole. La carrera ser\u00e1 el domingo, a 41 vueltas, con <em>la ventana de paradas en boxes abierta desde el und\u00e9cimo giro<\/em>. Los pilotos tendr\u00e1n un entrenamiento libre un par de horas antes por la ma\u00f1ana.<\/p>\n\n\n\n<p class=\"wp-block-paragraph\"><strong>Kakunoshin Ohta<\/strong> lidera el campeonato despu\u00e9s de sus dos victorias con 35 puntos, escoltado por<strong> Sena Sakaguchi<\/strong> con 15, <strong>Ayumu Iwasa<\/strong> tiene 14.5, mientras que <strong>Nirei Fukuzumi<\/strong> es cuarto con 11 unidades. <strong>Sacha Fenestraz<\/strong> sum\u00f3 apenas dos puntos y medio en la carrera pasada por agua del s\u00e1bado en <strong>Motegi <\/strong>y abandon\u00f3 en la prueba del domingo e ir\u00e1 por revancha en el <em>Kyushu<\/em>. <\/p>\n\n\n\n<p class=\"wp-block-paragraph\"><strong>Para no perderse nada de la actividad de la S\u00faper F\u00f3rmula en Autopolis,\u00a0estos son los horarios y las transmisiones del fin de semana para Am\u00e9rica y Espa\u00f1a:<\/strong><\/p>\n\n\n\n<figure class=\"wp-block-table\"><table class=\"has-fixed-layout\"><tbody><tr><td>PA\u00cdS<\/td><td>FP1 (24\/4)<\/td><td>QUALI (25\/4)<\/td><td>FP (25\/4)<\/td><td>CARRERA  (26\/4)<\/td><td>TV<\/td><\/tr><tr><td>CR\/HON\/ESA\/MEX<\/td><td>18:15<\/td><td>23:15 (24\/4)<\/td><td>18:40<\/td><td>23:30 (25\/4)<\/td><td>SFgo<\/td><\/tr><tr><td>COL\/PER\/ECU<\/td><td>19:15<\/td><td>0:15<\/td><td>19:40<\/td><td>0:30<\/td><td>SFgo<\/td><\/tr><tr><td>VEN\/BOL\/CHI<\/td><td>20:15<\/td><td>1:15<\/td><td>20:40<\/td><td>1:30<\/td><td>SFgo<\/td><\/tr><tr><td>PAR\/URU\/ARG<\/td><td>21:15<\/td><td>2:15<\/td><td>21:40<\/td><td>2:30<\/td><td>SFgo<\/td><\/tr><tr><td>ESP<\/td><td>2:15 (25\/4)<\/td><td>7:15<\/td><td>2:40 (26\/4)<\/td><td>7:30<\/td><td>SFgo<\/td><\/tr><\/tbody><\/table><\/figure>\n","protected":false},"excerpt":{"rendered":"<p>Tras la doble fecha disputada en Motegi hace tres semanas, la S\u00faper F\u00f3rmula viaja hasta la prefectura de Oita para correr en Autopolis una sola competencia el fin de semana, donde Sacha Fenestraz quiere revancha luego de su abandono. <\/p>\n","protected":false},"author":0,"featured_media":1010399017,"comment_status":"closed","ping_status":"closed","sticky":false,"template":"","format":"standard","meta":{"42wp_featured_image_caption":"","42wp_featured_image_credits":"","42wp_featured_video":"","42wp_featured_image_hidden":false,"42wp_authors_list":[],"footnotes":""},"categories":[45],"tags":[7284,3085,11229,12369,3385,11225,3007,11226,7286,7090],"42wp_author":[14237],"class_list":["post-1599","post","type-post","status-publish","format-standard","has-post-thumbnail","hentry","category-super-formula","tag-autopolis","tag-ayumu-iwasa","tag-kakunoshin-ohta","tag-kyushu","tag-motegi","tag-nirei-fukuzumi","tag-sacha-fenestraz","tag-sena-sakaguchi","tag-super-formula-2","tag-tokio","42wp_author-gabriel-garcia"],"_links":{"self":[{"href":"https:\/\/grandepremio.com\/es\/wp-json\/wp\/v2\/posts\/1599","targetHints":{"allow":["GET"]}}],"collection":[{"href":"https:\/\/grandepremio.com\/es\/wp-json\/wp\/v2\/posts"}],"about":[{"href":"https:\/\/grandepremio.com\/es\/wp-json\/wp\/v2\/types\/post"}],"replies":[{"embeddable":true,"href":"https:\/\/grandepremio.com\/es\/wp-json\/wp\/v2\/comments?post=1599"}],"version-history":[{"count":0,"href":"https:\/\/grandepremio.com\/es\/wp-json\/wp\/v2\/posts\/1599\/revisions"}],"wp:featuredmedia":[{"embeddable":true,"href":"https:\/\/grandepremio.com\/es\/wp-json\/wp\/v2\/media\/1010399017"}],"wp:attachment":[{"href":"https:\/\/grandepremio.com\/es\/wp-json\/wp\/v2\/media?parent=1599"}],"wp:term":[{"taxonomy":"category","embeddable":true,"href":"https:\/\/grandepremio.com\/es\/wp-json\/wp\/v2\/categories?post=1599"},{"taxonomy":"post_tag","embeddable":true,"href":"https:\/\/grandepremio.com\/es\/wp-json\/wp\/v2\/tags?post=1599"},{"taxonomy":"42wp_author","embeddable":true,"href":"https:\/\/grandepremio.com\/es\/wp-json\/wp\/v2\/42wp_author?post=1599"}],"curies":[{"name":"wp","href":"https:\/\/api.w.org\/{rel}","templated":true}]}}