{"id":15999,"date":"2023-12-04T14:35:23","date_gmt":"2023-12-04T17:35:23","guid":{"rendered":"https:\/\/grandepremio.com\/es\/2023\/12\/04\/ignacio-montenegro-triunfo-tcr-south-america-cascavel\/"},"modified":"2023-12-04T14:38:38","modified_gmt":"2023-12-04T17:38:38","slug":"ignacio-montenegro-triunfo-tcr-south-america-cascavel","status":"publish","type":"post","link":"https:\/\/grandepremio.com\/es\/turismo\/ignacio-montenegro-triunfo-tcr-south-america-cascavel\/","title":{"rendered":"Montenegro logra el t\u00edtulo de TCR Sudamericano en Cascavel"},"content":{"rendered":"\n<p class=\"wp-block-paragraph\">El piloto argentino <strong>Ignacio Montenegro<\/strong> es el campe\u00f3n de la temporada 2023 del <strong>TCR South Am\u00e9rica.<\/strong> En la doble etapa de <strong>Cascavel<\/strong>, <strong>Brasil<\/strong>, disputada el domingo, el piloto que conduce un <strong>Honda Civic<\/strong> de la <strong>Squadra Martino<\/strong> se qued\u00f3 con el trofeo tras un s\u00e9ptimo lugar en la carrera 1 y un octavo en la carrera 2.<\/p>\n\n\n\n<p class=\"wp-block-paragraph\">&#8216;Nacho&#8217; suma cuatro victorias en la temporada, en <strong>C\u00f3rdoba<\/strong>, en las dos carreras de <strong>Rosario <\/strong>y en <strong>Rivera<\/strong>. Tambi\u00e9n se impuso en la carrera 1 de <strong>El Pinar<\/strong>, que formaba parte del <strong>TCR World Tour<\/strong>, y el ganador oficial, <strong>Santiago Urrutia<\/strong>, no pudo puntuar.<\/p>\n\n\n\n<p class=\"wp-block-paragraph\">El \u00fanico piloto con opciones de arrebatarle el t\u00edtulo a Montenegro era su compatriota <strong>Bernardo Llaver<\/strong>, que lleg\u00f3 a Cascavel con 42 puntos de desventaja. Incluso con un podio en la carrera 1 y un cuarto puesto en la carrera 2, no fue suficiente.<\/p>\n\n\n\n<p class=\"wp-block-paragraph\"><strong>\u00a1Conoce el canal de Grande Pr\u00eamio en Espa\u00f1ol en&nbsp;<\/strong><a href=\"https:\/\/www.youtube.com\/channel\/UCDxWojGVUi9gWYhrY0pGbIQ\" target=\"_blank\" rel=\"noreferrer noopener\"><strong>YouTube<\/strong><\/a><strong>!<\/strong><br><strong>\u00a1Sigue a Grande Pr\u00eamio en Espa\u00f1ol en&nbsp;<\/strong><a href=\"https:\/\/twitter.com\/grandepremioES\" target=\"_blank\" rel=\"noreferrer noopener\"><strong>Twitter&nbsp;<\/strong><\/a><strong>y en&nbsp;<\/strong><a href=\"https:\/\/www.instagram.com\/grandepremioes\/\" target=\"_blank\" rel=\"noreferrer noopener\"><strong>Instagram<\/strong><\/a><strong>!<\/strong><\/p>\n\n\n\n<figure class=\"wp-block-image size-large\"><img decoding=\"async\" src=\"https:\/\/grandepremio.com\/es\/\/wp-content\/uploads\/2023\/12\/gallery-1701610978091-1024x682.jpg\" alt=\"\" class=\"wp-image-226077\"\/><figcaption class=\"wp-element-caption\">Rafael Suzuki y Diego Nunes fueron los vencedores de la \u00faltima fecha del TCR South Am\u00e9rica en 2023 (Foto: TCR South Am\u00e9rica)<\/figcaption><\/figure>\n\n\n\n<p class=\"wp-block-paragraph\">En la carrera 1, la victoria fue para <strong>Rafael Suzuki<\/strong>, de <strong>PMO Motorsport<\/strong>, a quien acompa\u00f1aron en el podio <strong>Galid Osman<\/strong> y <strong>Llaver<\/strong>. Fue la segunda victoria de Suzuki en la temporada, ya que tambi\u00e9n triunf\u00f3 en la carrera 2 en <strong>Rivera<\/strong>, <strong>Uruguay<\/strong>.<\/p>\n\n\n\n<p class=\"wp-block-paragraph\">La carrera 2 fue ganada por el brasile\u00f1o <strong>Diego Nunes<\/strong>, del <strong>Cobra Racing<\/strong>. Fue la primera de la temporada para el piloto. El podio lo completaron los argentinos<strong> Juan \u00c1ngel Rosso<\/strong> y <strong>Fabi\u00e1n Yannantuoni.<\/strong><\/p>\n\n\n\n<p class=\"wp-block-paragraph\"><\/p>\n","protected":false},"excerpt":{"rendered":"<p>Con una enorme ventaja, Ignacio Montenegro solo debi\u00f3 completar las carreras en Cascavel para conquistar el t\u00edtulo sudamericano de TCR. Rafael Suzuki y Diego Nunes fueron los vencedores de la doble jornada que puso fin al campeonato<\/p>\n","protected":false},"author":0,"featured_media":1010226078,"comment_status":"closed","ping_status":"closed","sticky":false,"template":"","format":"standard","meta":{"42wp_featured_image_caption":"","42wp_featured_image_credits":"","42wp_featured_video":"","42wp_featured_image_hidden":false,"42wp_authors_list":[],"footnotes":""},"categories":[11],"tags":[1488,6352,1460,8618,9584,9585],"42wp_author":[14239],"class_list":["post-15999","post","type-post","status-publish","format-standard","has-post-thumbnail","hentry","category-turismo","tag-grande-premio","tag-ignacio-montenegro","tag-tcr","tag-tcr-south-america-2","tag-tcr-south-america-2023","tag-temporada-2023-tcr-south-america","42wp_author-jp-otrosky"],"_links":{"self":[{"href":"https:\/\/grandepremio.com\/es\/wp-json\/wp\/v2\/posts\/15999","targetHints":{"allow":["GET"]}}],"collection":[{"href":"https:\/\/grandepremio.com\/es\/wp-json\/wp\/v2\/posts"}],"about":[{"href":"https:\/\/grandepremio.com\/es\/wp-json\/wp\/v2\/types\/post"}],"replies":[{"embeddable":true,"href":"https:\/\/grandepremio.com\/es\/wp-json\/wp\/v2\/comments?post=15999"}],"version-history":[{"count":0,"href":"https:\/\/grandepremio.com\/es\/wp-json\/wp\/v2\/posts\/15999\/revisions"}],"wp:featuredmedia":[{"embeddable":true,"href":"https:\/\/grandepremio.com\/es\/wp-json\/wp\/v2\/media\/1010226078"}],"wp:attachment":[{"href":"https:\/\/grandepremio.com\/es\/wp-json\/wp\/v2\/media?parent=15999"}],"wp:term":[{"taxonomy":"category","embeddable":true,"href":"https:\/\/grandepremio.com\/es\/wp-json\/wp\/v2\/categories?post=15999"},{"taxonomy":"post_tag","embeddable":true,"href":"https:\/\/grandepremio.com\/es\/wp-json\/wp\/v2\/tags?post=15999"},{"taxonomy":"42wp_author","embeddable":true,"href":"https:\/\/grandepremio.com\/es\/wp-json\/wp\/v2\/42wp_author?post=15999"}],"curies":[{"name":"wp","href":"https:\/\/api.w.org\/{rel}","templated":true}]}}