{"id":1601,"date":"2026-04-24T09:44:45","date_gmt":"2026-04-24T12:44:45","guid":{"rendered":"https:\/\/grandepremio.com\/es\/2026\/04\/24\/regreso-gp-turquia-f1-temporada-2027-istanbul-park\/"},"modified":"2026-04-24T10:04:24","modified_gmt":"2026-04-24T13:04:24","slug":"regreso-gp-turquia-f1-temporada-2027-istanbul-park","status":"publish","type":"post","link":"https:\/\/grandepremio.com\/es\/f1\/regreso-gp-turquia-f1-temporada-2027-istanbul-park\/","title":{"rendered":"F1 confirma el regreso del GP de Turqu\u00eda a partir de 2027"},"content":{"rendered":"\n<p class=\"wp-block-paragraph\">La <strong>F\u00f3rmula 1 <\/strong>regresa a un escenario conocido. El circuito de <strong>Istanbul Park<\/strong> regresa a la categor\u00eda en 2027 y permanecer\u00e1 en el calendario al menos hasta 2031, seg\u00fan el comunicado publicado este viernes. La \u00faltima vez que <strong>Turqu\u00eda<\/strong> alberg\u00f3 un <strong>Gran Premio<\/strong> fue en 2021.<\/p>\n\n\n\n<p class=\"wp-block-paragraph\">\ud83d\udfe5&nbsp;<strong><em>\u00a1Todas las novedades te esperan en el canal de&nbsp;<\/em><\/strong><a href=\"https:\/\/www.youtube.com\/@GrandePremioES\"><em>YouTube<\/em><\/a><strong><em>&nbsp;de Grande Pr\u00eamio en Espa\u00f1ol!<\/em><\/strong>&nbsp;\ud83d\udfe8<\/p>\n\n\n\n<p class=\"wp-block-paragraph\">El director ejecutivo de la <strong>F1, Stefano Domenicali<\/strong>, celebr\u00f3 el regreso del circuito al calendario. Seg\u00fan el italiano, <strong>Istanbul Park<\/strong> es \u00abuno de los circuitos m\u00e1s emocionantes y exigentes\u00bb del campeonato y \u00abemocionar\u00e1 a los aficionados\u00bb a partir de la pr\u00f3xima temporada.<\/p>\n\n\n\n<p class=\"wp-block-paragraph\">\u00abEstamos muy contentos de volver a la incre\u00edble y vibrante ciudad de <strong>Estambul<\/strong> a partir de 2027, para emocionar a todos nuestros aficionados en <strong>Turqu\u00eda <\/strong>y en todo el mundo con uno de los circuitos m\u00e1s emocionantes y desafiantes de la <strong>F\u00f3rmula 1<\/strong>\u00bb, declar\u00f3 <strong>Domenicali<\/strong>.<\/p>\n\n\n\n<p class=\"wp-block-paragraph\">\u00abComo ciudad, <strong>Estambul <\/strong>representa un nexo cultural entre <strong>Europa <\/strong>y <strong>Asia<\/strong>, ofreciendo una mezcla \u00fanica de historia y tradici\u00f3n con un enfoque innovador en lo que respecta al deporte, los negocios y el entretenimiento\u00bb, a\u00f1adi\u00f3.<\/p>\n\n\n\n<p class=\"wp-block-paragraph\">\u23e9\u00a0<strong><em>\u00a1Seguinos en redes por\u00a0<\/em><\/strong><a href=\"https:\/\/twitter.com\/grandepremioES\"><em>Twitter\u00a0<\/em><\/a><strong><em>e\u00a0<\/em><\/strong><a href=\"https:\/\/www.instagram.com\/grandepremioes\/\"><em>Instagram!<br><\/em><\/a>\u23e9\u00a0<strong><em>Adem\u00e1s, tenemos nuestro\u00a0<\/em><\/strong><a href=\"https:\/\/whatsapp.com\/channel\/0029VaDZ5zb0gcfDxuwxBM05\"><em>canal de Whatsapp<\/em><\/a><strong><em>\u00a0con toda la informaci\u00f3n al instante<\/em><\/strong>\u00a0\ud83c\udfc1<\/p>\n\n\n\n<figure class=\"wp-block-image size-large\"><img decoding=\"async\" src=\"https:\/\/grandepremio.com\/es\/wp-content\/uploads\/2026\/04\/XPB_1069064_HiRes_11zon-1024x683.webp\" alt=\"\" class=\"wp-image-399033\"\/><figcaption class=\"wp-element-caption\">El GP de Turqu\u00eda se disputar\u00e1 desde 2027 hasta 2031 en el Circuito de Istanbul Park (Foto: XPB Images)<\/figcaption><\/figure>\n\n\n\n<p class=\"wp-block-paragraph\">El presidente de <strong>Turqu\u00eda, Recep Tayyip Erdogan<\/strong>, tambi\u00e9n se pronunci\u00f3 sobre el acuerdo, elogiando la capacidad del pa\u00eds para organizar el evento y se\u00f1al\u00f3 que la naci\u00f3n \u00abhonrar\u00e1 la confianza\u00bb de la <strong>F1<\/strong>.<\/p>\n\n\n\n<p class=\"wp-block-paragraph\">\u00abConsidero que el regreso de <strong>Turqu\u00eda <\/strong>al calendario de <strong>F\u00f3rmula 1<\/strong> es un claro reflejo de la gran confianza depositada en nuestro pa\u00eds, nuestra s\u00f3lida capacidad organizativa, nuestra modernidad en el deporte y la salud y, por supuesto, la reconocida hospitalidad turca. Como naci\u00f3n, honraremos esa confianza una vez m\u00e1s, ofreciendo una organizaci\u00f3n impecable en todos los aspectos, tal y como hicimos en el pasado\u00bb, declar\u00f3.<\/p>\n\n\n\n<p class=\"wp-block-paragraph\">De los pilotos de la parrilla, solo dos ganaron en <strong>Istanbul Park: Lewis Hamilton<\/strong>, en 2010 y 2020, y <strong>Valtteri Bottas<\/strong>, en 2021. El piloto m\u00e1s laureado en este circuito es <strong>Felipe Massa<\/strong>, que gan\u00f3 las ediciones de 2006, 2007 y 2008.<\/p>\n\n\n\n<p class=\"wp-block-paragraph\">La&nbsp;<strong>F\u00f3rmula 1<\/strong>&nbsp;se encuentra en un receso de cinco semanas sin carreras debido a la suspensi\u00f3n de las fechas en&nbsp;<strong>Bahr\u00e9in&nbsp;<\/strong>y&nbsp;<strong>Arabia Saudita<\/strong>&nbsp;por el conflicto en&nbsp;<strong>Oriente Medio<\/strong>. El campeonato volver\u00e1 a la acci\u00f3n entre el 1 y 3 de mayo con el&nbsp;<strong>Gran Premio de Miami<\/strong>, cuarta prueba de la temporada 2026.<\/p>\n\n\n\n<figure class=\"wp-block-embed is-type-video is-provider-youtube wp-block-embed-youtube wp-embed-aspect-16-9 wp-has-aspect-ratio\"><div class=\"wp-block-embed__wrapper\">\n<iframe loading=\"lazy\" title=\"ARGENTINA QUIERE RECUPERAR LA F1 DE LA MANO DE COLAPINTO\" width=\"500\" height=\"281\" src=\"https:\/\/www.youtube.com\/embed\/P_CQYt9Ye2o?feature=oembed\" frameborder=\"0\" allow=\"accelerometer; autoplay; clipboard-write; encrypted-media; gyroscope; picture-in-picture; web-share\" referrerpolicy=\"strict-origin-when-cross-origin\" allowfullscreen><\/iframe>\n<\/div><\/figure>\n\n\n\n<p class=\"wp-block-paragraph\"><strong><u>F1 minuto a minuto: te compartimos las noticias m\u00e1s importantes del d\u00eda en la F\u00f3rmula 1<\/u><\/strong><\/p>\n\n\n\n<p class=\"wp-block-paragraph\">El equipo editorial de&nbsp;<em>GRANDE PR\u00caMIO en ESPA\u00d1OL<\/em>&nbsp;ha seleccionado las noticias m\u00e1s importantes de las \u00faltimas horas para que est\u00e9s al d\u00eda de todo lo que sucede en la&nbsp;<strong>F1<\/strong>:<\/p>\n\n\n\n<p class=\"wp-block-paragraph\">\u25b6\ufe0f&nbsp;<a href=\"https:\/\/grandepremio.com\/es\/f1\/f1-palermo-historia-gp-de-argentina-1994\/\" target=\"_blank\" rel=\"noreferrer noopener\">F1 en Palermo: la historia del fallido GP de Argentina 1994<\/a><br>\u25b6\ufe0f&nbsp;<a href=\"https:\/\/grandepremio.com\/es\/f1\/fia-extiende-duracion-practica-gp-de-miami-f1-2026\/\" target=\"_blank\" rel=\"noreferrer noopener\">FIA extiende la duraci\u00f3n de la pr\u00e1ctica del GP de Miami de F1<\/a><br>\u25b6\ufe0f&nbsp;<a href=\"https:\/\/grandepremio.com\/es\/f1\/que-es-aduo-novedades-f1-2026\/\" target=\"_blank\" rel=\"noreferrer noopener\">\u00bfQu\u00e9 es el ADUO, una de las principales novedades de la F1 2026?<\/a><br>\u25b6\ufe0f&nbsp;<a href=\"https:\/\/grandepremio.com\/es\/f1\/russell-defiende-f1-2026-dice-fans-no-necesitan-entender-reglas\/\" target=\"_blank\" rel=\"noreferrer noopener\">Russell defiende la F1 2026 y dice que los fans \u00abno necesitan entender\u00bb las reglas<\/a><br>\u25b6\ufe0f&nbsp;<a href=\"https:\/\/grandepremio.com\/es\/f1\/informacion-exhibicion-franco-colapinto-alpine-f1-2026\/\" target=\"_blank\" rel=\"noreferrer noopener\">Exhibici\u00f3n de Colapinto en Buenos Aires: entradas, horario y transmisi\u00f3n<\/a><\/p>\n","protected":false},"excerpt":{"rendered":"<p>El circuito de Istanbul Park regresar\u00e1 en la pr\u00f3xima temporada y est\u00e1 confirmado en el calendario de F\u00f3rmula 1 hasta 2031<\/p>\n","protected":false},"author":0,"featured_media":1010399034,"comment_status":"closed","ping_status":"closed","sticky":false,"template":"","format":"standard","meta":{"42wp_featured_image_caption":"","42wp_featured_image_credits":"","42wp_featured_video":"","42wp_featured_image_hidden":false,"42wp_authors_list":[],"footnotes":""},"categories":[5],"tags":[181,1680,3367,179,2429,6110,641,14056,1488,4010,13028],"42wp_author":[14239],"class_list":["post-1601","post","type-post","status-publish","format-standard","has-post-thumbnail","hentry","category-f1","tag-f1","tag-f1-2026","tag-f1-2027","tag-formula-1","tag-formula-1-2026","tag-formula-1-2027","tag-gp-de-turquia","tag-gp-de-turquia-2027","tag-grande-premio","tag-temporada-2026-f1","tag-temporada-2027-f1","42wp_author-jp-otrosky"],"_links":{"self":[{"href":"https:\/\/grandepremio.com\/es\/wp-json\/wp\/v2\/posts\/1601","targetHints":{"allow":["GET"]}}],"collection":[{"href":"https:\/\/grandepremio.com\/es\/wp-json\/wp\/v2\/posts"}],"about":[{"href":"https:\/\/grandepremio.com\/es\/wp-json\/wp\/v2\/types\/post"}],"replies":[{"embeddable":true,"href":"https:\/\/grandepremio.com\/es\/wp-json\/wp\/v2\/comments?post=1601"}],"version-history":[{"count":0,"href":"https:\/\/grandepremio.com\/es\/wp-json\/wp\/v2\/posts\/1601\/revisions"}],"wp:featuredmedia":[{"embeddable":true,"href":"https:\/\/grandepremio.com\/es\/wp-json\/wp\/v2\/media\/1010399034"}],"wp:attachment":[{"href":"https:\/\/grandepremio.com\/es\/wp-json\/wp\/v2\/media?parent=1601"}],"wp:term":[{"taxonomy":"category","embeddable":true,"href":"https:\/\/grandepremio.com\/es\/wp-json\/wp\/v2\/categories?post=1601"},{"taxonomy":"post_tag","embeddable":true,"href":"https:\/\/grandepremio.com\/es\/wp-json\/wp\/v2\/tags?post=1601"},{"taxonomy":"42wp_author","embeddable":true,"href":"https:\/\/grandepremio.com\/es\/wp-json\/wp\/v2\/42wp_author?post=1601"}],"curies":[{"name":"wp","href":"https:\/\/api.w.org\/{rel}","templated":true}]}}