{"id":16046,"date":"2023-11-30T13:18:58","date_gmt":"2023-11-30T16:18:58","guid":{"rendered":"https:\/\/grandepremio.com\/es\/2023\/11\/30\/ducati-espera-dolores-cabeza-adicionales-marc-marquez-2024\/"},"modified":"2023-11-30T13:19:13","modified_gmt":"2023-11-30T16:19:13","slug":"ducati-espera-dolores-cabeza-adicionales-marc-marquez-2024","status":"publish","type":"post","link":"https:\/\/grandepremio.com\/es\/motogp\/ducati-espera-dolores-cabeza-adicionales-marc-marquez-2024\/","title":{"rendered":"Ducati espera &#8220;dolores de cabeza adicionales&#8221; con la llegada de Marc M\u00e1rquez en 2024"},"content":{"rendered":"\n<p class=\"wp-block-paragraph\">El \u00faltimo test de la temporada 2023 de MotoGP ha servido para que <strong>Marc M\u00e1rquez <\/strong>debutara con <strong>Gresini<\/strong> y se subiera por primera vez a una moto <strong>Ducat<\/strong>i, terminando en una buena cuarta posici\u00f3n y siendo uno de los mejores pilotos de la marca italiana en la cita de <strong>Valencia.<\/strong><\/p>\n\n\n\n<p class=\"wp-block-paragraph\">Este buen resultado ya ha convertido a M\u00e1rquez en uno de los favoritos al t\u00edtulo de cara a la pr\u00f3xima temporada, junto a <strong>Francesco Bagnaia<\/strong>, <strong>Jorge Mart\u00edn<\/strong> y <strong>Marco Bezzecchi<\/strong>. Todos ellos tienen motos de Ducati, lo que podr\u00eda agitar el avispero de manera interna.<\/p>\n\n\n\n<p class=\"wp-block-paragraph\">Por esto, <strong>Paolo Ciabatti<\/strong>, el director deportivo de Ducati, ya imagina los posibles roces que puede haber entre los pilotos de la marca y las dificultades que esto conlleva, en charla con el sitio oficial de MotoGP.<\/p>\n\n\n\n<p class=\"wp-block-paragraph\"><strong>&#8220;Tenemos que demostrar que podemos controlarlo. En el pasado reciente, hemos demostrado que podemos gestionar situaciones complejas y tambi\u00e9n una rivalidad entre dos equipos, el de f\u00e1brica y el Pramac. Todos los pilotos comparten informaci\u00f3n, es algo que Ducati cree que puede controlar. Va a ser interesante, probablemente tendremos algunos quebraderos de cabeza extra esta temporada&#8221;<\/strong>, dijo.<\/p>\n\n\n\n<figure class=\"wp-block-image size-full\"><img decoding=\"async\" src=\"https:\/\/grandepremio.com\/es\/\/wp-content\/uploads\/2023\/11\/image-226.png\" alt=\"\" class=\"wp-image-225921\"\/><figcaption class=\"wp-element-caption\">Marc M\u00e1rquez en acci\u00f3n en los tests de Valencia (Foto: Red Bull Content Pool)<\/figcaption><\/figure>\n\n\n\n<p class=\"wp-block-paragraph\"><strong>&#8220;Ducati tendr\u00e1 que gestionar la situaci\u00f3n de la mejor manera posible. En el aspecto deportivo, siempre seremos justos. Algunos hablan de \u00f3rdenes de equipo, pero [Fabio] Di Giannantonio gan\u00f3 en Qatar porque se lo merec\u00eda, entre otras situaciones. Esa es nuestra pol\u00edtica, nuestra estrategia y nuestra filosof\u00eda. Intentaremos gestionarlo de la mejor manera posible&#8221;<\/strong>, a\u00f1adi\u00f3.<\/p>\n\n\n\n<p class=\"wp-block-paragraph\"><strong>\u00a1Conoce el canal de Grande Pr\u00eamio en Espa\u00f1ol en&nbsp;<\/strong><a href=\"https:\/\/www.youtube.com\/channel\/UCDxWojGVUi9gWYhrY0pGbIQ\" target=\"_blank\" rel=\"noreferrer noopener\"><strong>YouTube<\/strong><\/a><strong>!<\/strong><br><strong>\u00a1Sigue a Grande Pr\u00eamio en Espa\u00f1ol en&nbsp;<\/strong><a href=\"https:\/\/twitter.com\/grandepremioES\" target=\"_blank\" rel=\"noreferrer noopener\"><strong>Twitter&nbsp;<\/strong><\/a><strong>y en&nbsp;<\/strong><a href=\"https:\/\/www.instagram.com\/grandepremioes\/\" target=\"_blank\" rel=\"noreferrer noopener\"><strong>Instagram<\/strong><\/a><strong>!<\/strong><\/p>\n\n\n\n<p class=\"wp-block-paragraph\"><strong>MotoGP<\/strong> volver\u00e1 a la acci\u00f3n entre el 6 y el 8 de febrero de 2024, con los tests de pretemporada en Malasia, en el circuito de Sepang. <strong>GRANDE PR\u00caMIO <\/strong>ofrece una cobertura completa del evento.<\/p>\n","protected":false},"excerpt":{"rendered":"<p>La llegada de Marc M\u00e1rquez a Gresini ha agitado la parrilla de MotoGP para 2024 y ya empieza a preocupar internamente a Ducati, que espera m\u00e1s disputas entre sus pilotos la pr\u00f3xima temporada. <\/p>\n","protected":false},"author":0,"featured_media":1010225918,"comment_status":"closed","ping_status":"closed","sticky":false,"template":"","format":"standard","meta":{"42wp_featured_image_caption":"","42wp_featured_image_credits":"","42wp_featured_video":"","42wp_featured_image_hidden":false,"42wp_authors_list":[],"footnotes":""},"categories":[8],"tags":[1340,1376,2055,1526,1392,1615,2950,807],"42wp_author":[14237],"class_list":["post-16046","post","type-post","status-publish","format-standard","has-post-thumbnail","hentry","category-motogp","tag-ducati","tag-francesco-bagnaia","tag-gresini","tag-jorge-martin","tag-marc-marquez-2","tag-marco-bezzecchi","tag-paolo-ciabatti","tag-valencia","42wp_author-gabriel-garcia"],"_links":{"self":[{"href":"https:\/\/grandepremio.com\/es\/wp-json\/wp\/v2\/posts\/16046","targetHints":{"allow":["GET"]}}],"collection":[{"href":"https:\/\/grandepremio.com\/es\/wp-json\/wp\/v2\/posts"}],"about":[{"href":"https:\/\/grandepremio.com\/es\/wp-json\/wp\/v2\/types\/post"}],"replies":[{"embeddable":true,"href":"https:\/\/grandepremio.com\/es\/wp-json\/wp\/v2\/comments?post=16046"}],"version-history":[{"count":0,"href":"https:\/\/grandepremio.com\/es\/wp-json\/wp\/v2\/posts\/16046\/revisions"}],"wp:featuredmedia":[{"embeddable":true,"href":"https:\/\/grandepremio.com\/es\/wp-json\/wp\/v2\/media\/1010225918"}],"wp:attachment":[{"href":"https:\/\/grandepremio.com\/es\/wp-json\/wp\/v2\/media?parent=16046"}],"wp:term":[{"taxonomy":"category","embeddable":true,"href":"https:\/\/grandepremio.com\/es\/wp-json\/wp\/v2\/categories?post=16046"},{"taxonomy":"post_tag","embeddable":true,"href":"https:\/\/grandepremio.com\/es\/wp-json\/wp\/v2\/tags?post=16046"},{"taxonomy":"42wp_author","embeddable":true,"href":"https:\/\/grandepremio.com\/es\/wp-json\/wp\/v2\/42wp_author?post=16046"}],"curies":[{"name":"wp","href":"https:\/\/api.w.org\/{rel}","templated":true}]}}