{"id":16066,"date":"2023-11-29T11:41:33","date_gmt":"2023-11-29T14:41:33","guid":{"rendered":"https:\/\/grandepremio.com\/es\/2023\/11\/29\/albon-celebra-su-rendimiento-en-lo-que-considera-su-mejor-ano-en-formula-1\/"},"modified":"2023-11-29T11:41:43","modified_gmt":"2023-11-29T14:41:43","slug":"albon-celebra-su-rendimiento-en-lo-que-considera-su-mejor-ano-en-formula-1","status":"publish","type":"post","link":"https:\/\/grandepremio.com\/es\/f1\/albon-celebra-su-rendimiento-en-lo-que-considera-su-mejor-ano-en-formula-1\/","title":{"rendered":"Albon celebra su rendimiento en lo que considera su mejor a\u00f1o en F\u00f3rmula 1"},"content":{"rendered":"\n<p class=\"wp-block-paragraph\"><strong>&#8220;La mejor temporada en la F\u00f3rmula 1&#8221;. <\/strong><\/p>\n\n\n\n<p class=\"wp-block-paragraph\">As\u00ed es como <strong>Alexander Albon<\/strong> eval\u00faa el campeonato 2023. El piloto tailand\u00e9s debut\u00f3 en la categor\u00eda en 2019 con<strong> Toro Rosso <\/strong>y dio un r\u00e1pido salto a <strong>Red Bull<\/strong>, antes de quedarse sin lugar en el campeonato de 2021 y regresar, un a\u00f1o despu\u00e9s, a la parrilla a trav\u00e9s de <strong>Williams<\/strong>. A pesar de todo el viaje en poco tiempo, fue en el tradicional equipo ingl\u00e9s donde se encontr\u00f3 lo suficiente como para destacar su propio rendimiento.<\/p>\n\n\n\n<p class=\"wp-block-paragraph\"><strong>\u00a1Conoce el canal de Grande Pr\u00eamio en Espa\u00f1ol en&nbsp;<\/strong><a href=\"https:\/\/www.youtube.com\/channel\/UCDxWojGVUi9gWYhrY0pGbIQ\" target=\"_blank\" rel=\"noreferrer noopener\"><strong>YouTube<\/strong><\/a><strong>!<\/strong><br><strong>\u00a1Sigue a Grande Pr\u00eamio en Espa\u00f1ol en&nbsp;<\/strong><a href=\"https:\/\/twitter.com\/grandepremioES\" target=\"_blank\" rel=\"noreferrer noopener\"><strong>Twitter&nbsp;<\/strong><\/a><strong>y en&nbsp;<\/strong><a href=\"https:\/\/www.instagram.com\/grandepremioes\/\" target=\"_blank\" rel=\"noreferrer noopener\"><strong>Instagram<\/strong><\/a><strong>!<\/strong><\/p>\n\n\n\n<p class=\"wp-block-paragraph\">Despu\u00e9s de una serie de temporadas casi sin sumar puntos, ocupando el \u00faltimo o pen\u00faltimo lugar de la grilla, <strong>Williams<\/strong> logr\u00f3 ascender al s\u00e9ptimo lugar. <strong>Albon<\/strong> fue responsable de 27 de los 28 puntos y termin\u00f3 lleno de confianza, adem\u00e1s del 13\u00ba lugar en el Campeonato de Pilotos.<\/p>\n\n\n\n<figure class=\"wp-block-image size-full is-resized\"><img decoding=\"async\" src=\"https:\/\/grandepremio.com\/es\/\/wp-content\/uploads\/2023\/11\/image-210.png\" alt=\"\" class=\"wp-image-225790\" style=\"aspect-ratio:1.4970760233918128;width:840px;height:auto\"\/><figcaption class=\"wp-element-caption\">Albon tiene una excelente percepci\u00f3n de la temporada 2023 de F1 (Foto: Williams)<\/figcaption><\/figure>\n\n\n\n<p class=\"wp-block-paragraph\">&#8220;Estoy orgulloso de mi rendimiento. No soy una persona muy arrogante, dir\u00eda, pero voy a darme cr\u00e9dito a m\u00ed mismo. Siento que tuve una temporada fuerte y que la mayor\u00eda de mis carreras no fueron simples. Tuve carreras en las que luch\u00e9 todo el tiempo, pero disfrut\u00e9&#8221;, afirm\u00f3.<\/p>\n\n\n\n<p class=\"wp-block-paragraph\">&#8220;Es el tipo de ambiente en el que tengo \u00e9xito. Creo que fue mi mejor a\u00f1o en la <strong>F\u00f3rmula 1<\/strong>, y esa conexi\u00f3n que tengo con el equipo ayud\u00f3 mucho. Pudimos ejecutar todo, con todas las carreras en las que nos fue bien&#8221;, continu\u00f3.<\/p>\n\n\n\n<figure class=\"wp-block-embed is-type-video is-provider-youtube wp-block-embed-youtube wp-embed-aspect-16-9 wp-has-aspect-ratio\"><div class=\"wp-block-embed__wrapper\">\n<iframe loading=\"lazy\" title=\"VERSTAPPEN CIERRA A\u00d1O NOTABLE CON BROCHE DE ORO EN ABU DHABI\" width=\"500\" height=\"281\" src=\"https:\/\/www.youtube.com\/embed\/2dcBLuS-qwI?feature=oembed\" frameborder=\"0\" allow=\"accelerometer; autoplay; clipboard-write; encrypted-media; gyroscope; picture-in-picture; web-share\" referrerpolicy=\"strict-origin-when-cross-origin\" allowfullscreen><\/iframe>\n<\/div><\/figure>\n\n\n\n<p class=\"wp-block-paragraph\">Aunque es consciente de que Williams tiene problemas serios y urgentes que resolver para mantener esa posici\u00f3n y avanzar, Albon elogia al equipo. La operaci\u00f3n de carreras, la que se lleva a cabo en el muro de boxes, seg\u00fan \u00e9l, fue casi sin fallas.<\/p>\n\n\n\n<p class=\"wp-block-paragraph\">&#8220;Nuestro coche tiene momentos, y uno de los mayores enfoques para el pr\u00f3ximo a\u00f1o es eliminar las debilidades que tenemos, pero la ejecuci\u00f3n del trabajo ha sido muy fuerte. Sacamos el m\u00e1ximo provecho de nuestras oportunidades y es por eso que logramos quedarnos con el s\u00e9ptimo lugar&#8221;, opin\u00f3.<\/p>\n\n\n\n<p class=\"wp-block-paragraph\">&#8220;Cuando tuvimos el coche para lograr algo, puntuamos. Otros tuvieron problemas con la estrategia, cosas diferentes, pero no aprovecharon las oportunidades&#8221;, concluy\u00f3.<\/p>\n","protected":false},"excerpt":{"rendered":"<p>Alexander Albon valor\u00f3 la temporada 2023 como la mejor desde que lleg\u00f3 a la F1 y se deshizo en elogios para el equipo Williams<\/p>\n","protected":false},"author":0,"featured_media":1010219062,"comment_status":"closed","ping_status":"closed","sticky":false,"template":"","format":"standard","meta":{"42wp_featured_image_caption":"","42wp_featured_image_credits":"","42wp_featured_video":"","42wp_featured_image_hidden":false,"42wp_authors_list":[],"footnotes":""},"categories":[5],"tags":[288,7814,262,181,1676,179,1488],"42wp_author":[14235],"class_list":["post-16066","post","type-post","status-publish","format-standard","has-post-thumbnail","hentry","category-f1","tag-albon","tag-albon-williams","tag-alex-albon","tag-f1","tag-f1-2023","tag-formula-1","tag-grande-premio","42wp_author-barbara-mincioni"],"_links":{"self":[{"href":"https:\/\/grandepremio.com\/es\/wp-json\/wp\/v2\/posts\/16066","targetHints":{"allow":["GET"]}}],"collection":[{"href":"https:\/\/grandepremio.com\/es\/wp-json\/wp\/v2\/posts"}],"about":[{"href":"https:\/\/grandepremio.com\/es\/wp-json\/wp\/v2\/types\/post"}],"replies":[{"embeddable":true,"href":"https:\/\/grandepremio.com\/es\/wp-json\/wp\/v2\/comments?post=16066"}],"version-history":[{"count":0,"href":"https:\/\/grandepremio.com\/es\/wp-json\/wp\/v2\/posts\/16066\/revisions"}],"wp:featuredmedia":[{"embeddable":true,"href":"https:\/\/grandepremio.com\/es\/wp-json\/wp\/v2\/media\/1010219062"}],"wp:attachment":[{"href":"https:\/\/grandepremio.com\/es\/wp-json\/wp\/v2\/media?parent=16066"}],"wp:term":[{"taxonomy":"category","embeddable":true,"href":"https:\/\/grandepremio.com\/es\/wp-json\/wp\/v2\/categories?post=16066"},{"taxonomy":"post_tag","embeddable":true,"href":"https:\/\/grandepremio.com\/es\/wp-json\/wp\/v2\/tags?post=16066"},{"taxonomy":"42wp_author","embeddable":true,"href":"https:\/\/grandepremio.com\/es\/wp-json\/wp\/v2\/42wp_author?post=16066"}],"curies":[{"name":"wp","href":"https:\/\/api.w.org\/{rel}","templated":true}]}}