{"id":16084,"date":"2023-11-27T16:36:03","date_gmt":"2023-11-27T19:36:03","guid":{"rendered":"https:\/\/grandepremio.com\/es\/2023\/11\/27\/palou-reconoce-ruptura-del-contrato-con-mclaren-y-culpa-a-la-falta-de-proyeccion-a-la-f1\/"},"modified":"2023-11-27T16:37:19","modified_gmt":"2023-11-27T19:37:19","slug":"palou-reconoce-ruptura-del-contrato-con-mclaren-y-culpa-a-la-falta-de-proyeccion-a-la-f1","status":"publish","type":"post","link":"https:\/\/grandepremio.com\/es\/f1\/palou-reconoce-ruptura-del-contrato-con-mclaren-y-culpa-a-la-falta-de-proyeccion-a-la-f1\/","title":{"rendered":"Palou reconoce ruptura del contrato con McLaren y culpa a la falta de proyecci\u00f3n a la F1"},"content":{"rendered":"\n<p class=\"wp-block-paragraph\">La larga batalla judicial entre <strong>McLaren<\/strong> y <strong>\u00c1lex Palou<\/strong> ha sumado un nuevo cap\u00edtulo. El actual campe\u00f3n de la <strong>IndyCar<\/strong> admiti\u00f3 en el tribunal que hab\u00eda roto el contrato que manten\u00eda con el equipo brit\u00e1nico para quedarse en <strong>Ganassi<\/strong>, el equipo para el que compite desde 2021. La informaci\u00f3n fue revelada por la agencia de noticias Associated Press.<\/p>\n\n\n\n<p class=\"wp-block-paragraph\"><strong>\u00a1Conoce el canal de Grande Pr\u00eamio en Espa\u00f1ol en&nbsp;<\/strong><a href=\"https:\/\/www.youtube.com\/channel\/UCDxWojGVUi9gWYhrY0pGbIQ\" target=\"_blank\" rel=\"noreferrer noopener\"><strong>YouTube<\/strong><\/a><strong>!<\/strong><br><strong>\u00a1Sigue a Grande Pr\u00eamio en Espa\u00f1ol en&nbsp;<\/strong><a href=\"https:\/\/twitter.com\/grandepremioES\" target=\"_blank\" rel=\"noreferrer noopener\"><strong>Twitter&nbsp;<\/strong><\/a><strong>y en&nbsp;<\/strong><a href=\"https:\/\/www.instagram.com\/grandepremioes\/\" target=\"_blank\" rel=\"noreferrer noopener\"><strong>Instagram<\/strong><\/a><strong>!<\/strong><\/p>\n\n\n\n<p class=\"wp-block-paragraph\">La admisi\u00f3n de <strong>Palou<\/strong> se produjo durante un proceso judicial iniciado por <strong>McLaren<\/strong>, que busca reparaciones de casi 23 millones de d\u00f3lares por la ruptura del contrato. Ante la corte brit\u00e1nica, el piloto espa\u00f1ol afirm\u00f3 que &#8220;perdi\u00f3 la confianza en que [McLaren] realmente ten\u00eda la intenci\u00f3n de respaldar su ambici\u00f3n de correr en la <strong>F1<\/strong> y decidi\u00f3 seguir con <strong>Ganassi<\/strong> en la Indy&#8221;.<\/p>\n\n\n\n<figure class=\"wp-block-image size-full is-resized\"><img decoding=\"async\" src=\"https:\/\/grandepremio.com\/es\/\/wp-content\/uploads\/2023\/11\/image-205.png\" alt=\"\" class=\"wp-image-225645\" style=\"aspect-ratio:1.5;width:840px;height:auto\"\/><figcaption class=\"wp-element-caption\">Palou se consagr\u00f3 bicampe\u00f3n de la IndyCar en 2023 (Foto: IndyCar)<\/figcaption><\/figure>\n\n\n\n<p class=\"wp-block-paragraph\">En el documento, <strong>Palou<\/strong> tambi\u00e9n &#8220;admite que renunci\u00f3 a las obligaciones contractuales&#8221; con McLaren y que &#8220;el verdadero problema entre las partes es la cantidad que se debe pagar&#8221;. La solicitud judicial de McLaren es de 23 millones de d\u00f3lares por los da\u00f1os causados al equipo.<\/p>\n\n\n\n<p class=\"wp-block-paragraph\">El equipo incluye en la cuenta patrocinios firmados con la llegada de <strong>Palou<\/strong>, el uso del espa\u00f1ol como piloto de reserva, su desarrollo, adem\u00e1s de 400,000 d\u00f3lares en salarios adelantados para 2024. La inversi\u00f3n en la batalla legal con <strong>Ganassi<\/strong> en 2022 no se tiene en cuenta.<\/p>\n\n\n\n<p class=\"wp-block-paragraph\">Esta es la segunda fase de una larga batalla judicial que comenz\u00f3 en 2022, cuando <strong>Ganassi<\/strong> y <strong>McLaren<\/strong> a\u00fan llegaron a un acuerdo, y Palou compiti\u00f3 para el equipo de <strong>Chip Ganassi<\/strong> en 2023, pero segu\u00eda vinculado a los brit\u00e1nicos para compromisos en la F1.<\/p>\n\n\n\n<p class=\"wp-block-paragraph\">La\u00a0<strong>temporada 2024 de IndyCar\u00a0<\/strong>arranca con el\u00a0<strong>GP de St Pete<\/strong>, en Florida, el 10 de marzo. Las 500 Millas de Indian\u00e1polis est\u00e1n programadas para el 26 de mayo.<\/p>\n\n\n\n<figure class=\"wp-block-embed is-type-video is-provider-youtube wp-block-embed-youtube wp-embed-aspect-16-9 wp-has-aspect-ratio\"><div class=\"wp-block-embed__wrapper\">\n<iframe loading=\"lazy\" title=\"VERSTAPPEN CIERRA A\u00d1O NOTABLE CON BROCHE DE ORO EN ABU DHABI\" width=\"500\" height=\"281\" src=\"https:\/\/www.youtube.com\/embed\/2dcBLuS-qwI?feature=oembed\" frameborder=\"0\" allow=\"accelerometer; autoplay; clipboard-write; encrypted-media; gyroscope; picture-in-picture; web-share\" referrerpolicy=\"strict-origin-when-cross-origin\" allowfullscreen><\/iframe>\n<\/div><\/figure>\n","protected":false},"excerpt":{"rendered":"<p>En su intento por reducir la indemnizaci\u00f3n a McLaren en el proceso presentado en septiembre, \u00c1lex Palou reconoci\u00f3 haber roto el contrato que manten\u00eda con el equipo para 2024. El piloto espa\u00f1ol atribuy\u00f3 la falta de perspectiva de recibir una oportunidad en la F1 como motivo para decidir seguir compitiendo con Ganassi en la IndyCar.<\/p>\n","protected":false},"author":0,"featured_media":1010201252,"comment_status":"closed","ping_status":"closed","sticky":false,"template":"","format":"standard","meta":{"42wp_featured_image_caption":"","42wp_featured_image_credits":"","42wp_featured_video":"","42wp_featured_image_hidden":false,"42wp_authors_list":[],"footnotes":""},"categories":[5],"tags":[1667,179,987,8718,8719,310,2549,269,6366,6461,9295],"42wp_author":[14235],"class_list":["post-16084","post","type-post","status-publish","format-standard","has-post-thumbnail","hentry","category-f1","tag-alex-palou-2","tag-formula-1","tag-ganassi","tag-indy-car","tag-indy-car-2023","tag-indycar","tag-indycar-2023","tag-mclaren","tag-ntt-indy-car","tag-palou","tag-palou-mclaren","42wp_author-barbara-mincioni"],"_links":{"self":[{"href":"https:\/\/grandepremio.com\/es\/wp-json\/wp\/v2\/posts\/16084","targetHints":{"allow":["GET"]}}],"collection":[{"href":"https:\/\/grandepremio.com\/es\/wp-json\/wp\/v2\/posts"}],"about":[{"href":"https:\/\/grandepremio.com\/es\/wp-json\/wp\/v2\/types\/post"}],"replies":[{"embeddable":true,"href":"https:\/\/grandepremio.com\/es\/wp-json\/wp\/v2\/comments?post=16084"}],"version-history":[{"count":0,"href":"https:\/\/grandepremio.com\/es\/wp-json\/wp\/v2\/posts\/16084\/revisions"}],"wp:featuredmedia":[{"embeddable":true,"href":"https:\/\/grandepremio.com\/es\/wp-json\/wp\/v2\/media\/1010201252"}],"wp:attachment":[{"href":"https:\/\/grandepremio.com\/es\/wp-json\/wp\/v2\/media?parent=16084"}],"wp:term":[{"taxonomy":"category","embeddable":true,"href":"https:\/\/grandepremio.com\/es\/wp-json\/wp\/v2\/categories?post=16084"},{"taxonomy":"post_tag","embeddable":true,"href":"https:\/\/grandepremio.com\/es\/wp-json\/wp\/v2\/tags?post=16084"},{"taxonomy":"42wp_author","embeddable":true,"href":"https:\/\/grandepremio.com\/es\/wp-json\/wp\/v2\/42wp_author?post=16084"}],"curies":[{"name":"wp","href":"https:\/\/api.w.org\/{rel}","templated":true}]}}