{"id":16107,"date":"2023-11-26T14:54:59","date_gmt":"2023-11-26T17:54:59","guid":{"rendered":"https:\/\/grandepremio.com\/es\/2023\/11\/26\/alonso-bromea-con-hamilton-por-disputa-en-abu-dhabi-es-experimentado-pero-yo-mas\/"},"modified":"2023-11-26T14:55:12","modified_gmt":"2023-11-26T17:55:12","slug":"alonso-bromea-con-hamilton-por-disputa-en-abu-dhabi-es-experimentado-pero-yo-mas","status":"publish","type":"post","link":"https:\/\/grandepremio.com\/es\/f1\/alonso-bromea-con-hamilton-por-disputa-en-abu-dhabi-es-experimentado-pero-yo-mas\/","title":{"rendered":"Alonso bromea con Hamilton por disputa en Abu Dhabi: &#8220;Es experimentado, pero yo m\u00e1s&#8221;"},"content":{"rendered":"\n<p class=\"wp-block-paragraph\">La<strong> temporada 2023 de F\u00f3rmula 1 <\/strong>termin\u00f3 este domingo con el <strong>Gran Premio de Abu Dhabi<\/strong>. Fernando Alonso lleg\u00f3 en s\u00e9ptimo lugar con<strong> Aston Martin<\/strong> y vivi\u00f3 un gran momento en la carrera: la batalla con <strong>Lewis Hamilton<\/strong>. El heptacampe\u00f3n acus\u00f3 a Alonso de <em>brake-test<\/em>, pero la direcci\u00f3n de carrera consider\u00f3 que no merec\u00eda sanci\u00f3n. Despu\u00e9s de la carrera, Alonso brome\u00f3 con Hamilton sobre el incidente.<\/p>\n\n\n\n<p class=\"wp-block-paragraph\"><strong>\u00a1Conoce el canal de Grande Pr\u00eamio en Espa\u00f1ol en&nbsp;<\/strong><a href=\"https:\/\/www.youtube.com\/channel\/UCDxWojGVUi9gWYhrY0pGbIQ\" target=\"_blank\" rel=\"noreferrer noopener\"><strong>YouTube<\/strong><\/a><strong>!<\/strong><br><strong>\u00a1Sigue a Grande Pr\u00eamio en Espa\u00f1ol en&nbsp;<\/strong><a href=\"https:\/\/twitter.com\/grandepremioES\" target=\"_blank\" rel=\"noreferrer noopener\"><strong>Twitter&nbsp;<\/strong><\/a><strong>y en&nbsp;<\/strong><a href=\"https:\/\/www.instagram.com\/grandepremioes\/\" target=\"_blank\" rel=\"noreferrer noopener\"><strong>Instagram<\/strong><\/a><strong>!<\/strong><\/p>\n\n\n\n<p class=\"wp-block-paragraph\">Desde el punto de vista de <strong>Alonso<\/strong>, no ocurri\u00f3 nada malo. <strong>Hamilton<\/strong> sali\u00f3 de boxes y Alonso estaba justo detr\u00e1s de \u00e9l, pero fue adelantado sin tener muchas opciones para reaccionar debido a que ten\u00eda neum\u00e1ticos fr\u00edos. En la siguiente curva, el bicampe\u00f3n fren\u00f3 un poco antes de lo debido y oblig\u00f3 a Lewis a hacer lo mismo. El resultado fue una queja por <em>brake-test<\/em>, pero <strong>Alonso<\/strong> se\u00f1ala el motivo de esa defensa: las dificultades de<strong> Aston Martin<\/strong> en las rectas.<\/p>\n\n\n\n<p class=\"wp-block-paragraph\">&#8220;Las batallas por posiciones eran malas para nuestro lado, porque ten\u00edamos el coche m\u00e1s lento de la pista, al igual que en<strong> Las Vegas <\/strong>y en <strong>Brasil<\/strong>. Nuestro eslab\u00f3n m\u00e1s d\u00e9bil de la temporada fue la velocidad en l\u00ednea recta y, cuando est\u00e1s luchando con alguien, eso se destaca&#8221;, se\u00f1al\u00f3.<\/p>\n\n\n\n<p class=\"wp-block-paragraph\">&#8220;Aun as\u00ed, pudimos adelantar a Hamilton y Tsunoda en el \u00faltimo stint y ya est\u00e1. Hamilton se quej\u00f3 en la curva cinco porque intent\u00e9 evitar que agarrara el DRS. Esto ya hab\u00eda sucedido en el <strong>GP de Canad\u00e1 <\/strong>de <strong>2012<\/strong>: es decir, 11 a\u00f1os despu\u00e9s, hicimos el mismo juego de gato y rat\u00f3n&#8221;, record\u00f3.<\/p>\n\n\n\n<figure class=\"wp-block-image size-full is-resized\"><img decoding=\"async\" src=\"https:\/\/grandepremio.com\/es\/\/wp-content\/uploads\/2023\/11\/image-187.png\" alt=\"\" class=\"wp-image-225510\" style=\"aspect-ratio:1.8640776699029127;width:840px;height:auto\"\/><figcaption class=\"wp-element-caption\">Alonso y Hamilton pelearon durante el GP de Abu Dhabi (Foto: Reproducci\u00f3n)<\/figcaption><\/figure>\n\n\n\n<p class=\"wp-block-paragraph\"><strong>&#8220;Tiene mucha calidad y tambi\u00e9n mucha experiencia, pero yo tengo m\u00e1s&#8221;, brome\u00f3.<\/strong><\/p>\n\n\n\n<p class=\"wp-block-paragraph\">Adem\u00e1s, <strong>Alonso<\/strong> evalu\u00f3 la carrera de <strong>Abu Dhabi <\/strong>como complicada, debido a la falta de velocidad en l\u00ednea recta de<strong> Aston Martin<\/strong>.<\/p>\n\n\n\n<p class=\"wp-block-paragraph\">&#8220;Fue una carrera dif\u00edcil porque desde el principio est\u00e1bamos en el tr\u00e1fico con <strong>Tsunoda<\/strong> y los dos <strong>McLaren<\/strong>, adem\u00e1s de Gasly justo detr\u00e1s. Est\u00e1bamos jadeando tratando de mantener el ritmo&#8221;, afirm\u00f3.<\/p>\n\n\n\n<p class=\"wp-block-paragraph\">&#8220;La noche en que los neum\u00e1ticos no durar\u00edan lo suficiente para hacer una parada, as\u00ed que en la vuelta 16 paramos y comenzamos el efecto domin\u00f3 que hizo que todos comenzaran a parar. Durante toda la carrera, tuve tr\u00e1fico a mi alrededor, adelante o atr\u00e1s, nunca tuve un momento tranquilo&#8221;, evalu\u00f3.<\/p>\n\n\n\n<p class=\"wp-block-paragraph\">La actividad continuar\u00e1 el pr\u00f3ximo a\u00f1o, cuando la categor\u00eda inicie&nbsp;<strong>su temporada 2024 en el GP de Bahr\u00e9in.<\/strong>&nbsp;<strong>Grande Pr\u00eamio en Espa\u00f1ol<\/strong>&nbsp;sigue&nbsp;<strong>EN VIVO Y EN TIEMPO REAL<\/strong>&nbsp;todas las actividades del Mundial de&nbsp;<a href=\"https:\/\/grandepremio.com\/es\/\/f1\/\" target=\"_blank\" rel=\"noreferrer noopener\"><\/a><a href=\"https:\/\/grandepremio.com\/es\/\/f1\/\" target=\"_blank\" rel=\"noreferrer noopener\"><\/a><a href=\"https:\/\/grandepremio.com\/es\/\/f1\/\" target=\"_blank\" rel=\"noreferrer noopener\"><\/a><a href=\"https:\/\/grandepremio.com\/es\/\/f1\/\" target=\"_blank\" rel=\"noreferrer noopener\"><\/a><a href=\"https:\/\/grandepremio.com\/es\/\/f1\/\" target=\"_blank\" rel=\"noreferrer noopener\"><\/a><a href=\"https:\/\/grandepremio.com\/es\/\/f1\/\" target=\"_blank\" rel=\"noreferrer noopener\"><\/a><a href=\"https:\/\/grandepremio.com\/es\/\/f1\/\" target=\"_blank\" rel=\"noreferrer noopener\"><\/a><a href=\"https:\/\/grandepremio.com\/es\/\/f1\/\" target=\"_blank\" rel=\"noreferrer noopener\"><\/a><a href=\"https:\/\/grandepremio.com\/es\/\/f1\/\" target=\"_blank\" rel=\"noreferrer noopener\"><\/a><a href=\"https:\/\/grandepremio.com\/es\/\/f1\/\" target=\"_blank\" rel=\"noreferrer noopener\"><\/a><a href=\"https:\/\/grandepremio.com\/es\/\/f1\/\" target=\"_blank\" rel=\"noreferrer noopener\"><\/a><a href=\"https:\/\/grandepremio.com\/es\/\/f1\/\" target=\"_blank\" rel=\"noreferrer noopener\"><\/a><a href=\"https:\/\/grandepremio.com\/es\/\/f1\/\" target=\"_blank\" rel=\"noreferrer noopener\"><\/a><a href=\"https:\/\/grandepremio.com\/es\/\/f1\/\" target=\"_blank\" rel=\"noreferrer noopener\"><\/a><a href=\"https:\/\/grandepremio.com\/es\/\/f1\/\" target=\"_blank\" rel=\"noreferrer noopener\"><\/a><a href=\"https:\/\/grandepremio.com\/es\/\/f1\/\" target=\"_blank\" rel=\"noreferrer noopener\"><\/a><a href=\"https:\/\/grandepremio.com\/es\/\/f1\/\" target=\"_blank\" rel=\"noreferrer noopener\"><\/a><a href=\"https:\/\/grandepremio.com\/es\/\/f1\/\" target=\"_blank\" rel=\"noreferrer noopener\"><\/a><a href=\"https:\/\/grandepremio.com\/es\/\/f1\/\" target=\"_blank\" rel=\"noreferrer noopener\"><\/a><a href=\"https:\/\/grandepremio.com\/es\/\/f1\/\" target=\"_blank\" rel=\"noreferrer noopener\"><\/a><a href=\"https:\/\/grandepremio.com\/es\/\/f1\/\" target=\"_blank\" rel=\"noreferrer noopener\"><\/a><a href=\"https:\/\/grandepremio.com\/es\/\/f1\/\" target=\"_blank\" rel=\"noreferrer noopener\"><\/a><a href=\"https:\/\/grandepremio.com\/es\/\/f1\/\" target=\"_blank\" rel=\"noreferrer noopener\"><\/a><a href=\"https:\/\/grandepremio.com\/es\/\/f1\/\" target=\"_blank\" rel=\"noreferrer noopener\"><\/a><a href=\"https:\/\/grandepremio.com\/es\/\/f1\/\" target=\"_blank\" rel=\"noreferrer noopener\"><\/a><a href=\"https:\/\/grandepremio.com\/es\/\/f1\/\" target=\"_blank\" rel=\"noreferrer noopener\">F\u00f3rmula 1<\/a>.<\/p>\n","protected":false},"excerpt":{"rendered":"<p>Fernando Alonso explic\u00f3 c\u00f3mo fue la pelea por la que Lewis Hamilton se quej\u00f3 y provoc\u00f3 a su antiguo rival de la F\u00f3rmula 1.<\/p>\n","protected":false},"author":0,"featured_media":1000759519,"comment_status":"closed","ping_status":"closed","sticky":false,"template":"","format":"standard","meta":{"42wp_featured_image_caption":"","42wp_featured_image_credits":"","42wp_featured_video":"","42wp_featured_image_hidden":false,"42wp_authors_list":[],"footnotes":""},"categories":[5],"tags":[1179,9573,209,181,1676,184,179,1488,199],"42wp_author":[14235],"class_list":["post-16107","post","type-post","status-publish","format-standard","has-post-thumbnail","hentry","category-f1","tag-abu-dhabi","tag-abu-dhabi-2023","tag-aston-martin","tag-f1","tag-f1-2023","tag-fernando-alonso","tag-formula-1","tag-grande-premio","tag-lewis-hamilton","42wp_author-barbara-mincioni"],"_links":{"self":[{"href":"https:\/\/grandepremio.com\/es\/wp-json\/wp\/v2\/posts\/16107","targetHints":{"allow":["GET"]}}],"collection":[{"href":"https:\/\/grandepremio.com\/es\/wp-json\/wp\/v2\/posts"}],"about":[{"href":"https:\/\/grandepremio.com\/es\/wp-json\/wp\/v2\/types\/post"}],"replies":[{"embeddable":true,"href":"https:\/\/grandepremio.com\/es\/wp-json\/wp\/v2\/comments?post=16107"}],"version-history":[{"count":0,"href":"https:\/\/grandepremio.com\/es\/wp-json\/wp\/v2\/posts\/16107\/revisions"}],"wp:featuredmedia":[{"embeddable":true,"href":"https:\/\/grandepremio.com\/es\/wp-json\/wp\/v2\/media\/1000759519"}],"wp:attachment":[{"href":"https:\/\/grandepremio.com\/es\/wp-json\/wp\/v2\/media?parent=16107"}],"wp:term":[{"taxonomy":"category","embeddable":true,"href":"https:\/\/grandepremio.com\/es\/wp-json\/wp\/v2\/categories?post=16107"},{"taxonomy":"post_tag","embeddable":true,"href":"https:\/\/grandepremio.com\/es\/wp-json\/wp\/v2\/tags?post=16107"},{"taxonomy":"42wp_author","embeddable":true,"href":"https:\/\/grandepremio.com\/es\/wp-json\/wp\/v2\/42wp_author?post=16107"}],"curies":[{"name":"wp","href":"https:\/\/api.w.org\/{rel}","templated":true}]}}