{"id":16177,"date":"2023-11-23T15:43:59","date_gmt":"2023-11-23T18:43:59","guid":{"rendered":"https:\/\/grandepremio.com\/es\/2023\/11\/23\/marc-marquez-salario-gresini-motogp-2024\/"},"modified":"2023-11-23T15:44:12","modified_gmt":"2023-11-23T18:44:12","slug":"marc-marquez-salario-gresini-motogp-2024","status":"publish","type":"post","link":"https:\/\/grandepremio.com\/es\/motogp\/marc-marquez-salario-gresini-motogp-2024\/","title":{"rendered":"M\u00e1rquez revela datos de su salario en Gresini: &#8221;Seguir\u00e9 siendo uno de los mejores pagos&#8221;"},"content":{"rendered":"\n<p class=\"wp-block-paragraph\"><strong>Marc M\u00e1rquez<\/strong> no quiere hablar de cifras, pero ha dejado entrever que seguir\u00e1 estando muy bien pagado, incluso con su fichaje por <strong>Gresini<\/strong>. El seis veces campe\u00f3n de <strong>MotoGP <\/strong>ha revelado que &#8220;seguir\u00e1 siendo uno de los mejor pagados de la parrilla&#8221;.<\/p>\n\n\n\n<p class=\"wp-block-paragraph\">M\u00e1rquez renunci\u00f3 a la fortuna que recib\u00eda de Honda para terminar su contrato un a\u00f1o antes y correr con <strong>Gresini <\/strong>en 2024, con la <strong>Ducati GP23<\/strong>, la moto que utilizaron <strong>Francesco Bagnaia<\/strong> y <strong>Jorge Mart\u00edn<\/strong>, por ejemplo, en la lucha por el campeonato de 2023.<\/p>\n\n\n\n<p class=\"wp-block-paragraph\">&#8220;Obviamente, el dinero es importante para todos, y quien diga que no lo es miente. Pero nunca ha sido mi prioridad n\u00famero uno&#8221;, dijo. &#8220;Mira, vivo a 1 hora y 15 minutos de Andorra&#8221;, a\u00f1adi\u00f3, en referencia al pa\u00eds europeo donde el impuesto sobre la renta es del 10%, un tipo inferior al de muchos pa\u00edses vecinos.<\/p>\n\n\n\n<p class=\"wp-block-paragraph\">Hace nueve a\u00f1os, Marc lleg\u00f3 a llorar en una rueda de prensa por las numerosas cr\u00edticas que recibi\u00f3 por dejar Cervera para vivir en una regi\u00f3n cercana al Principado. La mudanza, sin embargo, no se hizo esperar. Hoy, el piloto vive en Madrid, adonde se traslad\u00f3 para tratarse su lesi\u00f3n en el brazo.<\/p>\n\n\n\n<p class=\"wp-block-paragraph\"><strong>\u00a1Conoce el canal de Grande Pr\u00eamio en Espa\u00f1ol en\u00a0<\/strong><a href=\"https:\/\/www.youtube.com\/channel\/UCDxWojGVUi9gWYhrY0pGbIQ\" target=\"_blank\" rel=\"noreferrer noopener\"><strong>YouTube<\/strong><\/a><strong>!<\/strong><br><strong>\u00a1Sigue a Grande Pr\u00eamio en Espa\u00f1ol en\u00a0<\/strong><a href=\"https:\/\/twitter.com\/grandepremioES\" target=\"_blank\" rel=\"noreferrer noopener\"><strong>Twitter\u00a0<\/strong><\/a><strong>y en\u00a0<\/strong><a href=\"https:\/\/www.instagram.com\/grandepremioes\/\" target=\"_blank\" rel=\"noreferrer noopener\"><strong>Instagram<\/strong><\/a><strong>!<\/strong><\/p>\n\n\n\n<figure class=\"wp-block-image size-large\"><img decoding=\"async\" src=\"https:\/\/grandepremio.com\/es\/\/wp-content\/uploads\/2023\/11\/000_34476A2-1024x682.jpg\" alt=\"\" class=\"wp-image-224959\"\/><figcaption class=\"wp-element-caption\">Marc M\u00e1rquez emigra a Gresini en 2024, luego de disputar toda su carrera deportiva en MotoGP junto a Honda (Foto: AFP)<\/figcaption><\/figure>\n\n\n\n<p class=\"wp-block-paragraph\">&#8220;Era muy joven. Y tuve una casa en Andorra durante tres o cuatro a\u00f1os&#8221;, recuerda. &#8220;Este invierno, si estoy bien f\u00edsicamente, ir\u00e9 a Andorra, pero ya no tengo casa all\u00ed, porque no pod\u00eda usarla debido a mis lesiones, as\u00ed que la vend\u00ed. Pero me quedar\u00e9 unos d\u00edas en un hotel&#8221;, dijo.<\/p>\n\n\n\n<p class=\"wp-block-paragraph\">&#8220;Tengo los Pirineos muy cerca y me gusta. Si fuera por dinero, ya me habr\u00eda trasladado all\u00ed&#8221;, dijo, reconociendo que, tambi\u00e9n en t\u00e9rminos fiscales, el traslado a Madrid le ha reportado beneficios. &#8220;S\u00ed, pero si fuera por eso, me ir\u00eda a Andorra, que est\u00e1 a hora y media de casa&#8221;.<\/p>\n\n\n\n<p class=\"wp-block-paragraph\">&#8220;Volviendo al hecho de renunciar a tanto dinero, ahora estoy en una posici\u00f3n diferente. A lo largo de los a\u00f1os, he tenido mucha suerte de que todo me haya ido bien en todos los sentidos, as\u00ed que ahora eso ya no es una prioridad para m\u00ed&#8221;, subraya.<\/p>\n\n\n\n<p class=\"wp-block-paragraph\">Aunque no mencione una cifra, Marc, que ya ha declarado que no correr\u00e1 gratis para <strong>Gresini<\/strong>, dej\u00f3 claro que seguir\u00e1 ganando un buen sueldo.<\/p>\n\n\n\n<p class=\"wp-block-paragraph\">&#8220;El a\u00f1o que viene seguir\u00e9 siendo uno de los mejores pagados de la parrilla&#8221;, revel\u00f3.<\/p>\n\n\n\n<p class=\"wp-block-paragraph\">A la pregunta de si aportar\u00e1 algunos de sus patrocinadores personales al equipo de Nadia Padovani, Marc respondi\u00f3: &#8220;De momento, estoy invirtiendo en mi carrera, para ser feliz, sonre\u00edr bajo el casco y seguir muchos a\u00f1os m\u00e1s. Para m\u00ed, eso es una inversi\u00f3n.<\/p>\n\n\n\n<p class=\"wp-block-paragraph\">El&nbsp;<strong><a href=\"https:\/\/www.grandepremio.com\/br\/motogp\/\" target=\"_blank\" rel=\"noreferrer noopener\"><\/a><a href=\"https:\/\/www.grandepremio.com\/br\/motogp\/\" target=\"_blank\" rel=\"noreferrer noopener\">MotoGP<\/a><\/strong>&nbsp;vuelve a acelerar este fin de semana, con el&nbsp;<strong>GP de la Comunidad Valenciana<\/strong>, en el circuito de Valencia, para la etapa que cierra la temporada 2023.&nbsp;<strong>GRANDE PR\u00caMIO<\/strong>&nbsp;realiza la cobertura de la actividad.<\/p>\n","protected":false},"excerpt":{"rendered":"<p>En una entrevista concedida al diario espa\u00f1ol AS, Marc M\u00e1rquez ha evitado hablar de cifras, pero ha dejado claro que estar\u00e1 muy bien pagado corriendo para Gresini. El espa\u00f1ol ya hab\u00eda negado que fuera a correr gratis<\/p>\n","protected":false},"author":0,"featured_media":1000753158,"comment_status":"closed","ping_status":"closed","sticky":false,"template":"","format":"standard","meta":{"42wp_featured_image_caption":"","42wp_featured_image_credits":"","42wp_featured_video":"","42wp_featured_image_hidden":false,"42wp_authors_list":[],"footnotes":""},"categories":[8],"tags":[1488,221,1392,2657,6571],"42wp_author":[14239],"class_list":["post-16177","post","type-post","status-publish","format-standard","has-post-thumbnail","hentry","category-motogp","tag-grande-premio","tag-honda","tag-marc-marquez-2","tag-motogp-2023","tag-temporada-2023-motogp","42wp_author-jp-otrosky"],"_links":{"self":[{"href":"https:\/\/grandepremio.com\/es\/wp-json\/wp\/v2\/posts\/16177","targetHints":{"allow":["GET"]}}],"collection":[{"href":"https:\/\/grandepremio.com\/es\/wp-json\/wp\/v2\/posts"}],"about":[{"href":"https:\/\/grandepremio.com\/es\/wp-json\/wp\/v2\/types\/post"}],"replies":[{"embeddable":true,"href":"https:\/\/grandepremio.com\/es\/wp-json\/wp\/v2\/comments?post=16177"}],"version-history":[{"count":0,"href":"https:\/\/grandepremio.com\/es\/wp-json\/wp\/v2\/posts\/16177\/revisions"}],"wp:featuredmedia":[{"embeddable":true,"href":"https:\/\/grandepremio.com\/es\/wp-json\/wp\/v2\/media\/1000753158"}],"wp:attachment":[{"href":"https:\/\/grandepremio.com\/es\/wp-json\/wp\/v2\/media?parent=16177"}],"wp:term":[{"taxonomy":"category","embeddable":true,"href":"https:\/\/grandepremio.com\/es\/wp-json\/wp\/v2\/categories?post=16177"},{"taxonomy":"post_tag","embeddable":true,"href":"https:\/\/grandepremio.com\/es\/wp-json\/wp\/v2\/tags?post=16177"},{"taxonomy":"42wp_author","embeddable":true,"href":"https:\/\/grandepremio.com\/es\/wp-json\/wp\/v2\/42wp_author?post=16177"}],"curies":[{"name":"wp","href":"https:\/\/api.w.org\/{rel}","templated":true}]}}