{"id":16186,"date":"2023-11-23T11:50:44","date_gmt":"2023-11-23T14:50:44","guid":{"rendered":"https:\/\/grandepremio.com\/es\/2023\/11\/23\/mclaren-anuncia-oward-test-post-reserva\/"},"modified":"2023-11-23T11:50:59","modified_gmt":"2023-11-23T14:50:59","slug":"mclaren-anuncia-oward-test-post-reserva","status":"publish","type":"post","link":"https:\/\/grandepremio.com\/es\/f1\/mclaren-anuncia-oward-test-post-reserva\/","title":{"rendered":"McLaren anuncia a O&#8217;Ward para test post-Abu Dhabi y como piloto reserva para 2024"},"content":{"rendered":"\n<p class=\"wp-block-paragraph\">El principal piloto de <strong>McLaren<\/strong> en la <strong>IndyCar<\/strong>, <strong>Patricio O\u2019Ward<\/strong>, ser\u00e1 el piloto de reserva de la escuder\u00eda en la F\u00f3rmula 1, siendo el primero en reemplazar a <strong>Lando Norris<\/strong> o a <strong>Oscar Piastri<\/strong>, llegado el caso de ser necesario.<\/p>\n\n\n\n<p class=\"wp-block-paragraph\">O\u2019Ward, que no pudo ganar este a\u00f1o en la categor\u00eda norteamericana, cumplir\u00e1 con sus primeras labores en su nuevo rol en el test de pilotos debutantes del 28 de noviembre venidero, en el circuito de Yas Marina, luego de la disputa del<strong> GP de Abu Dhabi<\/strong>.<\/p>\n\n\n\n<p class=\"wp-block-paragraph\">Hay que recordar que el mexicano estar\u00e1 junto a<strong> Ryo Hirakawa<\/strong> como pilotos de reserva. Ambos compiten a tiempo completo en otra categor\u00eda, ya que el japon\u00e9s es piloto de Toyota en el Mundial de Resistencia. Se cree que Pato podr\u00eda ser llamado in situ si hiciera falta.<\/p>\n\n\n\n<p class=\"wp-block-paragraph\"><strong>&#8220;Estoy emocionado de asumir este nuevo papel dentro de la familia McLaren Racing&#8221;<\/strong>, celebr\u00f3 O&#8217;Ward. <strong>&#8220;He pasado mucho tiempo con el equipo de F1, he pilotado en entrenamientos libres antes y he hecho algunas pruebas. Siempre he dicho que no es un mal d\u00eda cuando tienes la oportunidad de subirte a un coche de F1, as\u00ed que estoy deseando unirme al grupo de pilotos reserva el a\u00f1o que viene junto con mis obligaciones en McLaren Indy. Doy las gracias a Andrea [Stella, director del equipo] y a Zak [Brown, director general] por esta gran oportunidad&#8221;<\/strong>, concluy\u00f3.<\/p>\n\n\n\n<figure class=\"wp-block-image size-full\"><img decoding=\"async\" src=\"https:\/\/grandepremio.com\/es\/\/wp-content\/uploads\/2023\/11\/image-151.png\" alt=\"\" class=\"wp-image-224913\"\/><figcaption class=\"wp-element-caption\">Pato O&#8217;Ward toma un rol cada vez m\u00e1s relevante en McLaren (Foto: McLaren)<\/figcaption><\/figure>\n\n\n\n<p class=\"wp-block-paragraph\">Andrea Stella, jefe del equipo, tambi\u00e9n elogi\u00f3 al piloto. <strong>&#8220;McLaren est\u00e1 encantada de dar la bienvenida a Pato O&#8217;Ward a nuestra alineaci\u00f3n de pilotos reserva para la temporada 2024&#8221;<\/strong>, dijo.<\/p>\n\n\n\n<p class=\"wp-block-paragraph\"><strong>&#8220;Pato tuvo una temporada impresionante en IndyCar y se desempe\u00f1\u00f3 bien en las pruebas de desarrollo de pilotos, por lo que parec\u00eda natural dar este siguiente paso ahora que es elegible para la S\u00faper Licencia de la FIA&#8221;<\/strong>, continu\u00f3.<\/p>\n\n\n\n<p class=\"wp-block-paragraph\"><strong>&#8220;Con la ampliaci\u00f3n del calendario, es prudente asegurarnos de tener un amplio grupo de pilotos a los que podamos recurrir en caso de necesidad. Estamos deseando verle en este nuevo papel&#8221;<\/strong>, a\u00f1adi\u00f3.<\/p>\n\n\n\n<p class=\"wp-block-paragraph\"><strong>\u00a1Conoce el canal de Grande Pr\u00eamio en Espa\u00f1ol en&nbsp;<\/strong><a href=\"https:\/\/www.youtube.com\/channel\/UCDxWojGVUi9gWYhrY0pGbIQ\" target=\"_blank\" rel=\"noreferrer noopener\"><strong>YouTube<\/strong><\/a><strong>!<\/strong><br><strong>\u00a1Sigue a Grande Pr\u00eamio en Espa\u00f1ol en&nbsp;<\/strong><a href=\"https:\/\/twitter.com\/grandepremioES\" target=\"_blank\" rel=\"noreferrer noopener\"><strong>Twitter&nbsp;<\/strong><\/a><strong>y en&nbsp;<\/strong><a href=\"https:\/\/www.instagram.com\/grandepremioes\/\" target=\"_blank\" rel=\"noreferrer noopener\"><strong>Instagram<\/strong><\/a><strong>!<\/strong><\/p>\n\n\n\n<p class=\"wp-block-paragraph\">GRANDE PREMIO sigue en DIRECTO y EN TIEMPO REAL todas las actividades del Gran Premio de Abu Dhabi de F\u00f3rmula 1.<\/p>\n","protected":false},"excerpt":{"rendered":"<p>Pato O&#8217;Ward ser\u00e1 el piloto reserva del equipo McLaren para la temporada 2024 de F\u00f3rmula 1 junto a Ryo Hirakawa, adem\u00e1s de que girar\u00e1 con el coche en la FP1 del GP de Abu Dhabi. <\/p>\n","protected":false},"author":0,"featured_media":1000757196,"comment_status":"closed","ping_status":"closed","sticky":false,"template":"","format":"standard","meta":{"42wp_featured_image_caption":"","42wp_featured_image_credits":"","42wp_featured_video":"","42wp_featured_image_hidden":false,"42wp_authors_list":[],"footnotes":""},"categories":[5],"tags":[181,1676,179,1884,310,268,269,278,7300,3326],"42wp_author":[14237],"class_list":["post-16186","post","type-post","status-publish","format-standard","has-post-thumbnail","hentry","category-f1","tag-f1","tag-f1-2023","tag-formula-1","tag-gp-de-abu-dhabi","tag-indycar","tag-lando-norris","tag-mclaren","tag-oscar-piastri","tag-patricio-oward-2","tag-ryo-hirakawa","42wp_author-gabriel-garcia"],"_links":{"self":[{"href":"https:\/\/grandepremio.com\/es\/wp-json\/wp\/v2\/posts\/16186","targetHints":{"allow":["GET"]}}],"collection":[{"href":"https:\/\/grandepremio.com\/es\/wp-json\/wp\/v2\/posts"}],"about":[{"href":"https:\/\/grandepremio.com\/es\/wp-json\/wp\/v2\/types\/post"}],"replies":[{"embeddable":true,"href":"https:\/\/grandepremio.com\/es\/wp-json\/wp\/v2\/comments?post=16186"}],"version-history":[{"count":0,"href":"https:\/\/grandepremio.com\/es\/wp-json\/wp\/v2\/posts\/16186\/revisions"}],"wp:featuredmedia":[{"embeddable":true,"href":"https:\/\/grandepremio.com\/es\/wp-json\/wp\/v2\/media\/1000757196"}],"wp:attachment":[{"href":"https:\/\/grandepremio.com\/es\/wp-json\/wp\/v2\/media?parent=16186"}],"wp:term":[{"taxonomy":"category","embeddable":true,"href":"https:\/\/grandepremio.com\/es\/wp-json\/wp\/v2\/categories?post=16186"},{"taxonomy":"post_tag","embeddable":true,"href":"https:\/\/grandepremio.com\/es\/wp-json\/wp\/v2\/tags?post=16186"},{"taxonomy":"42wp_author","embeddable":true,"href":"https:\/\/grandepremio.com\/es\/wp-json\/wp\/v2\/42wp_author?post=16186"}],"curies":[{"name":"wp","href":"https:\/\/api.w.org\/{rel}","templated":true}]}}