{"id":16207,"date":"2023-11-21T16:10:27","date_gmt":"2023-11-21T19:10:27","guid":{"rendered":"https:\/\/grandepremio.com\/es\/2023\/11\/21\/aleix-espargaro-enfrentamiento-franco-morbidelli-motogp-2023\/"},"modified":"2023-11-21T16:12:51","modified_gmt":"2023-11-21T19:12:51","slug":"aleix-espargaro-enfrentamiento-franco-morbidelli-motogp-2023","status":"publish","type":"post","link":"https:\/\/grandepremio.com\/es\/motogp\/aleix-espargaro-enfrentamiento-franco-morbidelli-motogp-2023\/","title":{"rendered":"Espargar\u00f3 responde a Morbidelli : &#8221;Se meti\u00f3 con mis hijos, esto no terminar\u00e1 aqu\u00ed&#8221;"},"content":{"rendered":"\n<p class=\"wp-block-paragraph\">Uno de los momentos de mayor tensi\u00f3n en el <strong>GP de Qatar<\/strong> de <strong>MotoGP <\/strong>este pasado fin de semana fue el incidente entre<strong> Aleix Espargar\u00f3<\/strong> y <strong>Franco Morbidelli<\/strong> en el primer entrenamiento libre del s\u00e1bado. El espa\u00f1ol se encontr\u00f3 al italiano en la pista, interrumpi\u00f3 su circulaci\u00f3n y, en respuesta, Espargar\u00f3 le peg\u00f3 en el casco al piloto de Yamaha, vali\u00e9ndole esto una sanci\u00f3n de seis posiciones para la carrera del domingo y una multa econ\u00f3mica de 10.000 euros.  <\/p>\n\n\n\n<p class=\"wp-block-paragraph\">Morbidelli reaccion\u00f3 ante el golpe en su casco acusando al piloto de <strong>Aprilia <\/strong>de reaccionar desmedidamente: &#8221;Lo hemos visto reaccionar de forma exagerada muchas veces a lo largo de su carrera. Tiene muchos m\u00e1s episodios de los que avergonzarse. Me pregunto qu\u00e9 les dir\u00e1 a sus hijos&#8221;. Mencion\u00f3 el italiano en declaraciones de prensa, y esto no repercuti\u00f3 de buena manera en el piloto catal\u00e1n.<\/p>\n\n\n\n<p class=\"wp-block-paragraph\"><strong>\u00a1Conoce el canal de Grande Pr\u00eamio en Espa\u00f1ol en&nbsp;<\/strong><a href=\"https:\/\/www.youtube.com\/channel\/UCDxWojGVUi9gWYhrY0pGbIQ\" target=\"_blank\" rel=\"noreferrer noopener\"><strong>YouTube<\/strong><\/a><strong>!<\/strong><br><strong>\u00a1Sigue a Grande Pr\u00eamio en Espa\u00f1ol en&nbsp;<\/strong><a href=\"https:\/\/twitter.com\/grandepremioES\" target=\"_blank\" rel=\"noreferrer noopener\"><strong>Twitter&nbsp;<\/strong><\/a><strong>y en&nbsp;<\/strong><a href=\"https:\/\/www.instagram.com\/grandepremioes\/\" target=\"_blank\" rel=\"noreferrer noopener\"><strong>Instagram<\/strong><\/a><strong>!<\/strong><\/p>\n\n\n\n<figure class=\"wp-block-video\"><video class=\"video-js vjs-big-play-centered\" data-gp-vjs=\"1\" controls src=\"https:\/\/grandepremio.com\/es\/\/wp-content\/uploads\/2023\/11\/ssstwitter.com_1700592737591.mp4\"><\/video><figcaption class=\"wp-element-caption\">El incidente entre Espargar\u00f3 y Morbidelli en la FP1 del GP de Qatar (Video: Divulgaci\u00f3n\/MotoGP)<\/figcaption><\/figure>\n\n\n\n<p class=\"wp-block-paragraph\">&#8221;\u00c9l (Morbidelli) lleva m\u00e1s de un a\u00f1o pase\u00e1ndose por los circuitos y causando problemas en todas las carreras, en la fecha pasada insult\u00f3 a <strong>Marc <\/strong>(<strong>M\u00e1rquez<\/strong>). Yo merezco mi sanci\u00f3n, pero no vale mirar solamente el final de la maniobra&#8221;, mencion\u00f3 el espa\u00f1ol al medio Motorsport.com, y luego a\u00f1adi\u00f3: &#8221;Me molest\u00f3 que en sus declaraciones metiera a mi familia y mis hijos. All\u00ed cruz\u00f3 una l\u00ednea muy sagrada; eso no quedar\u00e1 as\u00ed&#8221;. <\/p>\n\n\n\n<p class=\"wp-block-paragraph\"><strong>Aleix Espargar\u00f3<\/strong> sufri\u00f3 una fractura en la carrera Sprint del GP de Qatar, por lo que no pudo disputar la competencia principal en <strong>Lusail <\/strong>y su participaci\u00f3n en la \u00faltima fecha de la Temporada 2023 de MotoGP, a disputarse en <strong>Valencia, <\/strong>est\u00e1 en duda. <strong>Franco Morbidelli,<\/strong> en cambio, finaliz\u00f3 decimosexto en la carrera dominical, lejos del s\u00e9ptimo lugar donde se ubic\u00f3 su compa\u00f1ero de equipo, <strong>Fabio Quartararo. <\/strong><\/p>\n\n\n\n<p class=\"wp-block-paragraph\">El&nbsp;<strong>MotoGP<\/strong>&nbsp;retornar\u00e1 el pr\u00f3ximo fin de semana, con el&nbsp;<strong>GP de la Comunidad Valenciana<\/strong>&nbsp;para cerrar la temporada 2023.&nbsp;<strong>GRANDE PR\u00caMIO en Espa\u00f1ol<\/strong>&nbsp;llevar\u00e1 a cabo una cobertura completa del fin de semana.<\/p>\n","protected":false},"excerpt":{"rendered":"<p>Aleix Espargar\u00f3 respondi\u00f3 con dureza los comentarios que Franco Morbidelli realiz\u00f3 luego de la pol\u00e9mica en los entrenamientos del GP de Qatar, y asegur\u00f3 que el conflicto con el piloto de Yamaha escal\u00f3 a una &#8221;cuesti\u00f3n personal&#8221;.<\/p>\n","protected":false},"author":0,"featured_media":1010224769,"comment_status":"closed","ping_status":"closed","sticky":false,"template":"","format":"standard","meta":{"42wp_featured_image_caption":"","42wp_featured_image_credits":"","42wp_featured_video":"","42wp_featured_image_hidden":false,"42wp_authors_list":[],"footnotes":""},"categories":[8],"tags":[1377,1394,1488,2657,6571],"42wp_author":[14239],"class_list":["post-16207","post","type-post","status-publish","format-standard","has-post-thumbnail","hentry","category-motogp","tag-aleix-espargaro","tag-aprilia","tag-grande-premio","tag-motogp-2023","tag-temporada-2023-motogp","42wp_author-jp-otrosky"],"_links":{"self":[{"href":"https:\/\/grandepremio.com\/es\/wp-json\/wp\/v2\/posts\/16207","targetHints":{"allow":["GET"]}}],"collection":[{"href":"https:\/\/grandepremio.com\/es\/wp-json\/wp\/v2\/posts"}],"about":[{"href":"https:\/\/grandepremio.com\/es\/wp-json\/wp\/v2\/types\/post"}],"replies":[{"embeddable":true,"href":"https:\/\/grandepremio.com\/es\/wp-json\/wp\/v2\/comments?post=16207"}],"version-history":[{"count":0,"href":"https:\/\/grandepremio.com\/es\/wp-json\/wp\/v2\/posts\/16207\/revisions"}],"wp:featuredmedia":[{"embeddable":true,"href":"https:\/\/grandepremio.com\/es\/wp-json\/wp\/v2\/media\/1010224769"}],"wp:attachment":[{"href":"https:\/\/grandepremio.com\/es\/wp-json\/wp\/v2\/media?parent=16207"}],"wp:term":[{"taxonomy":"category","embeddable":true,"href":"https:\/\/grandepremio.com\/es\/wp-json\/wp\/v2\/categories?post=16207"},{"taxonomy":"post_tag","embeddable":true,"href":"https:\/\/grandepremio.com\/es\/wp-json\/wp\/v2\/tags?post=16207"},{"taxonomy":"42wp_author","embeddable":true,"href":"https:\/\/grandepremio.com\/es\/wp-json\/wp\/v2\/42wp_author?post=16207"}],"curies":[{"name":"wp","href":"https:\/\/api.w.org\/{rel}","templated":true}]}}