{"id":16352,"date":"2023-11-13T11:30:35","date_gmt":"2023-11-13T14:30:35","guid":{"rendered":"https:\/\/grandepremio.com\/es\/2023\/11\/13\/alpine-estrena-diseno-camuflado-para-el-gran-premio-de-las-vegas\/"},"modified":"2023-11-13T11:30:45","modified_gmt":"2023-11-13T14:30:45","slug":"alpine-estrena-diseno-camuflado-para-el-gran-premio-de-las-vegas","status":"publish","type":"post","link":"https:\/\/grandepremio.com\/es\/f1\/alpine-estrena-diseno-camuflado-para-el-gran-premio-de-las-vegas\/","title":{"rendered":"Alpine estrena dise\u00f1o &#8216;camuflado&#8217; para el Gran Premio de Las Vegas"},"content":{"rendered":"\n<p class=\"wp-block-paragraph\">Con motivo del retorno de la <strong>F\u00f3rmula 1 <\/strong>a <strong>Las Vegas<\/strong> por primera vez desde la d\u00e9cada de 1980, <strong>Alpine<\/strong> present\u00f3 este lunes la nueva est\u00e9tica del coche para la etapa estadounidense del pr\u00f3ximo fin de semana. En colaboraci\u00f3n con las marcas de ropa <strong>Palace<\/strong> y <strong>Kappa<\/strong>, proveedores del equipo franc\u00e9s, el coche llevar\u00e1 un dise\u00f1o de &#8216;camuflaje&#8217; especial para recorrer las calles de la ciudad estadounidense.<\/p>\n\n\n\n<p class=\"wp-block-paragraph\"><strong>\u00a1Conoce el canal de Grande Pr\u00eamio en Espa\u00f1ol en&nbsp;<\/strong><a href=\"https:\/\/www.youtube.com\/channel\/UCDxWojGVUi9gWYhrY0pGbIQ\" target=\"_blank\" rel=\"noreferrer noopener\"><strong>YouTube<\/strong><\/a><strong>!<\/strong><br><strong>\u00a1Sigue a Grande Pr\u00eamio en Espa\u00f1ol en&nbsp;<\/strong><a href=\"https:\/\/twitter.com\/grandepremioES\" target=\"_blank\" rel=\"noreferrer noopener\"><strong>Twitter&nbsp;<\/strong><\/a><strong>y en&nbsp;<\/strong><a href=\"https:\/\/www.instagram.com\/grandepremioes\/\" target=\"_blank\" rel=\"noreferrer noopener\"><strong>Instagram<\/strong><\/a><strong>!<\/strong><\/p>\n\n\n\n<figure class=\"wp-block-image size-large\"><img decoding=\"async\" src=\"https:\/\/grandepremio.com\/es\/\/wp-content\/uploads\/2023\/11\/image-62-1024x576.png\" alt=\"\" class=\"wp-image-223705\"\/><figcaption class=\"wp-element-caption\">La escuder\u00eda francesa tendr\u00e1 un monoplaza &#8216;camuflado&#8217; en el escenario americano (Foto: Alpine)<\/figcaption><\/figure>\n\n\n\n<p class=\"wp-block-paragraph\">La gran diferencia en el monoplaza, adem\u00e1s de la introducci\u00f3n de nuevos logotipos de <strong>Palace<\/strong>, es la inclusi\u00f3n de dibujos estilo &#8216;marca de agua&#8217; en las partes azul y rosa del coche. En el resto, la m\u00e1quina francesa contin\u00faa siendo mayormente negra carbono, como la mayor\u00eda de los monoplazas.<\/p>\n\n\n\n<p class=\"wp-block-paragraph\">Sin embargo, los cambios no se limitan al coche. Los titulares del equipo franc\u00e9s, <strong>Esteban Ocon <\/strong>y <strong>Pierre Gasly<\/strong>, tambi\u00e9n lucir\u00e1n nuevos uniformes este fin de semana.<\/p>\n\n\n\n<figure class=\"wp-block-image size-large\"><img decoding=\"async\" src=\"https:\/\/grandepremio.com\/es\/\/wp-content\/uploads\/2023\/11\/image-61-683x1024.png\" alt=\"\" class=\"wp-image-223704\"\/><figcaption class=\"wp-element-caption\">Ocon y Gasly tambi\u00e9n tendr\u00e1n uniformes diferentes en Las Vegas (Foto: Alpine)<\/figcaption><\/figure>\n\n\n\n<p class=\"wp-block-paragraph\">El cambio principal se realiz\u00f3 en la parte posterior de los uniformes, que llevar\u00e1n el logotipo triangular de la marca Palace. El equipo anunci\u00f3 que la nueva indumentaria estar\u00e1 disponible para los fan\u00e1ticos a partir del jueves 16.<\/p>\n\n\n\n<p class=\"wp-block-paragraph\">La<strong>\u00a0<a href=\"https:\/\/grandepremio.com\/es\/\/f1\/\" target=\"_blank\" rel=\"noreferrer noopener\"><\/a><a href=\"https:\/\/grandepremio.com\/es\/\/f1\/\" target=\"_blank\" rel=\"noreferrer noopener\"><\/a><a href=\"https:\/\/grandepremio.com\/es\/\/f1\/\" target=\"_blank\" rel=\"noreferrer noopener\">F\u00f3rmula 1<\/a><\/strong>\u00a0regresa la pr\u00f3xima semana con el\u00a0<strong>Gran Premio de Las Vegas<\/strong>, pen\u00faltima prueba de la temporada, que se celebrar\u00e1 entre el 17 y el 19 de noviembre.\u00a0<strong>GRANDE PR\u00caMIO<\/strong>\u00a0cubrir\u00e1 \u00edntegramente el evento.<\/p>\n\n\n\n<figure class=\"wp-block-embed is-type-video is-provider-youtube wp-block-embed-youtube wp-embed-aspect-16-9 wp-has-aspect-ratio\"><div class=\"wp-block-embed__wrapper\">\n<iframe loading=\"lazy\" title=\"MERCEDES PONE EL FOCO EN 2026 PARA DESTRONAR A RED BULL\" width=\"500\" height=\"281\" src=\"https:\/\/www.youtube.com\/embed\/ZNuwn0Ems2Y?feature=oembed\" frameborder=\"0\" allow=\"accelerometer; autoplay; clipboard-write; encrypted-media; gyroscope; picture-in-picture; web-share\" referrerpolicy=\"strict-origin-when-cross-origin\" allowfullscreen><\/iframe>\n<\/div><\/figure>\n","protected":false},"excerpt":{"rendered":"<p>As\u00ed como Ferrari, Alpine decidi\u00f3 innovar y difundi\u00f3 una pintura y trajes diferentes para Esteban Ocon y Pierre Gasly en el regreso de la F\u00f3rmula 1 a Las Vegas, el pr\u00f3ximo fin de semana.<\/p>\n","protected":false},"author":0,"featured_media":1010223703,"comment_status":"closed","ping_status":"closed","sticky":false,"template":"","format":"standard","meta":{"42wp_featured_image_caption":"","42wp_featured_image_credits":"","42wp_featured_video":"","42wp_featured_image_hidden":false,"42wp_authors_list":[],"footnotes":""},"categories":[5],"tags":[678,5642,362,181,1676,179,2138,1488,2137,8546,427],"42wp_author":[14235],"class_list":["post-16352","post","type-post","status-publish","format-standard","has-post-thumbnail","hentry","category-f1","tag-alpine","tag-alpine-2023","tag-esteban-ocon","tag-f1","tag-f1-2023","tag-formula-1","tag-gp-de-las-vegas","tag-grande-premio","tag-las-vegas","tag-las-vegas-f1","tag-pierre-gasly","42wp_author-barbara-mincioni"],"_links":{"self":[{"href":"https:\/\/grandepremio.com\/es\/wp-json\/wp\/v2\/posts\/16352","targetHints":{"allow":["GET"]}}],"collection":[{"href":"https:\/\/grandepremio.com\/es\/wp-json\/wp\/v2\/posts"}],"about":[{"href":"https:\/\/grandepremio.com\/es\/wp-json\/wp\/v2\/types\/post"}],"replies":[{"embeddable":true,"href":"https:\/\/grandepremio.com\/es\/wp-json\/wp\/v2\/comments?post=16352"}],"version-history":[{"count":0,"href":"https:\/\/grandepremio.com\/es\/wp-json\/wp\/v2\/posts\/16352\/revisions"}],"wp:featuredmedia":[{"embeddable":true,"href":"https:\/\/grandepremio.com\/es\/wp-json\/wp\/v2\/media\/1010223703"}],"wp:attachment":[{"href":"https:\/\/grandepremio.com\/es\/wp-json\/wp\/v2\/media?parent=16352"}],"wp:term":[{"taxonomy":"category","embeddable":true,"href":"https:\/\/grandepremio.com\/es\/wp-json\/wp\/v2\/categories?post=16352"},{"taxonomy":"post_tag","embeddable":true,"href":"https:\/\/grandepremio.com\/es\/wp-json\/wp\/v2\/tags?post=16352"},{"taxonomy":"42wp_author","embeddable":true,"href":"https:\/\/grandepremio.com\/es\/wp-json\/wp\/v2\/42wp_author?post=16352"}],"curies":[{"name":"wp","href":"https:\/\/api.w.org\/{rel}","templated":true}]}}