{"id":16388,"date":"2023-11-10T10:00:00","date_gmt":"2023-11-10T13:00:00","guid":{"rendered":"https:\/\/grandepremio.com\/es\/2023\/11\/10\/max-jos-verstappen-disciplina-f1\/"},"modified":"2023-11-09T15:59:49","modified_gmt":"2023-11-09T18:59:49","slug":"max-jos-verstappen-disciplina-f1","status":"publish","type":"post","link":"https:\/\/grandepremio.com\/es\/f1\/max-jos-verstappen-disciplina-f1\/","title":{"rendered":"Verstappen recuerda a\u00f1os de formaci\u00f3n y relaci\u00f3n con su padre: &#8220;Tuve discusiones&#8221;"},"content":{"rendered":"\n<p class=\"wp-block-paragraph\">Muchos son ac\u00e9rrimos creyentes de la frase &#8220;El fin justifica los medios&#8221;. Sin embargo, en la creaci\u00f3n de un campe\u00f3n de la talla de <strong>Max Verstappen<\/strong>, esta frase puede no aplicar para muchas personas. Durante los \u00faltimos a\u00f1os vimos la formaci\u00f3n de un joven talento que termin\u00f3 convirti\u00e9ndose en un tricampe\u00f3n absoluto que, con todo dicho en la <strong>temporada 2023 de F\u00f3rmula 1<\/strong>, ahora va por los r\u00e9cords. <\/p>\n\n\n\n<p class=\"wp-block-paragraph\"><strong>\u00a1Conoce el canal de Grande Pr\u00eamio en Espa\u00f1ol en&nbsp;<\/strong><a href=\"https:\/\/www.youtube.com\/channel\/UCDxWojGVUi9gWYhrY0pGbIQ\" target=\"_blank\" rel=\"noreferrer noopener\"><strong>YouTube<\/strong><\/a><strong>!<\/strong><br><strong>\u00a1Sigue a Grande Pr\u00eamio en Espa\u00f1ol en&nbsp;<\/strong><a href=\"https:\/\/twitter.com\/grandepremioES\" target=\"_blank\" rel=\"noreferrer noopener\"><strong>Twitter&nbsp;<\/strong><\/a><strong>y en&nbsp;<\/strong><a href=\"https:\/\/www.instagram.com\/grandepremioes\/\" target=\"_blank\" rel=\"noreferrer noopener\"><strong>Instagram<\/strong><\/a><strong>!<\/strong><\/p>\n\n\n\n<p class=\"wp-block-paragraph\">Proveniente de una familia abocada al automovilismo, Max es un piloto que encant\u00f3 desde sus inicios. Sin embargo, detr\u00e1s de sus primeros a\u00f1os en el karting estuvo su padre, tambi\u00e9n piloto de <strong>F1<\/strong>, <strong>Jos Verstappen<\/strong>. <\/p>\n\n\n\n<p class=\"wp-block-paragraph\">Jos debut\u00f3 en F1 en 1994 en un <strong>Benneton<\/strong> y pas\u00f3 por equipos como <strong>Footwork<\/strong>, <strong>Simtek<\/strong>, <strong>Tyrrell<\/strong>, <strong>Stewart<\/strong>, <strong>Arrows<\/strong> y <strong>Minardi<\/strong>, siendo \u00e9ste \u00faltimo donde se retir\u00f3 en 2003. Como padre, estuvo presente en los a\u00f1os de kart de Max siendo consciente de formar profesionalmente y el car\u00e1cter de un futuro campe\u00f3n del mundo. <\/p>\n\n\n\n<figure class=\"wp-block-image size-full\"><img decoding=\"async\" src=\"https:\/\/www.grandepremio.com\/br\/wp-content\/uploads\/2022\/07\/jos-verstappen-dutch-gp-2021-planetf1-1200x630-1.jpg\" alt=\"\" class=\"wp-image-78100\"\/><figcaption class=\"wp-element-caption\">Jos Verstappen fue cuestionado por la disciplina aplicada a su hijo cuando iniciaba en karting (Foto: Planet F1)<\/figcaption><\/figure>\n\n\n\n<p class=\"wp-block-paragraph\">&#8220;Desde joven ve\u00eda a otros ni\u00f1os corriendo, jugando, sin pensar realmente en el futuro. Pero mi pap\u00e1 ten\u00eda un plan. Y yo ten\u00eda que ce\u00f1irme al plan&#8221;, declar\u00f3 Max en una entrevista para la revista TIME en la previa del <strong>GP en Las Vegas<\/strong>. &#8220;A veces pensaba que era un poco harag\u00e1n&#8221;. <\/p>\n\n\n\n<p class=\"wp-block-paragraph\">Muchas personas cuestionaron a Jos por sus m\u00e9todos estrictos al momento de formar el car\u00e1cter de Max. Aunque los resultados est\u00e9n a la vista, fue duramente cuestionado. Seg\u00fan la misma entrevista al tricampe\u00f3n en TIME, se devela que Jos debi\u00f3 enfrentarse a la ley por acusaciones de abuso y violencia sobre su hijo. Incluso, el expiloto reconoce que s\u00f3lo le peg\u00f3 a su hijo en su casco en una ocasi\u00f3n antes de largar una carrera, aunque justifica su acci\u00f3n con que &#8220;fue necesaria&#8221; ya que luego, gan\u00f3.<\/p>\n\n\n\n<figure class=\"wp-block-embed is-type-video is-provider-youtube wp-block-embed-youtube wp-embed-aspect-16-9 wp-has-aspect-ratio\"><div class=\"wp-block-embed__wrapper\">\n<iframe loading=\"lazy\" title=\"\u00bfCU\u00c1L ES EL PR\u00d3XIMO DESAF\u00cdO PARA ALBON EN LA F\u00d3RMULA 1?\" width=\"500\" height=\"281\" src=\"https:\/\/www.youtube.com\/embed\/o-VlZ47MBGo?feature=oembed\" frameborder=\"0\" allow=\"accelerometer; autoplay; clipboard-write; encrypted-media; gyroscope; picture-in-picture; web-share\" referrerpolicy=\"strict-origin-when-cross-origin\" allowfullscreen><\/iframe>\n<\/div><\/figure>\n\n\n\n<p class=\"wp-block-paragraph\">&#8220;Definitivamente tuve discusiones con mi pap\u00e1 al respecto&#8221;, agreg\u00f3 Max, y vuelve a citar la famosa historia de la gasoliner\u00eda en donde fue dejado unas horas tras chocar en una carrera de karting en N\u00e1poles. Jos adem\u00e1s de ser piloto de <strong>F1<\/strong>, era mec\u00e1nico y asesor de su hijo en los a\u00f1os de las primeras carreras, fue su apuesta m\u00e1s ambiciosa. <\/p>\n\n\n\n<p class=\"wp-block-paragraph\">&#8220;Quer\u00eda hablar y \u00e9l no quer\u00eda hablar&#8221;, dice Max. &#8220;As\u00ed que dijo, &#8216;Si no te callas, te dejo aqu\u00ed'&#8221;, record\u00f3. Despu\u00e9s del conocido episodio, Jos no le dirigi\u00f3 la palabra por una semana. Max logr\u00f3 escalar r\u00e1pidamente a la<strong> F\u00f3rmula 3<\/strong> y ah\u00ed recibi\u00f3 el visto bueno de <strong>Helmut Marko<\/strong>. A partir de ah\u00ed, todo es historia conocida. <\/p>\n\n\n\n<p class=\"wp-block-paragraph\">La<strong>\u00a0F\u00f3rmula 1<\/strong>\u00a0regresa la pr\u00f3xima semana con el\u00a0<strong>Gran Premio de Las Vegas<\/strong>, pen\u00faltima prueba de la temporada, que se celebrar\u00e1 entre el 17 y el 19 de noviembre.\u00a0<strong>GRANDE PR\u00caMIO<\/strong>\u00a0cubrir\u00e1 \u00edntegramente el evento.<\/p>\n","protected":false},"excerpt":{"rendered":"<p>La actitud de Jos Verstappen en la formaci\u00f3n de su hijo tricampe\u00f3n de F\u00f3rmula 1 fue cuestionada por varias personas. <\/p>\n","protected":false},"author":0,"featured_media":1000750408,"comment_status":"closed","ping_status":"closed","sticky":false,"template":"","format":"standard","meta":{"42wp_featured_image_caption":"","42wp_featured_image_credits":"","42wp_featured_video":"","42wp_featured_image_hidden":false,"42wp_authors_list":[],"footnotes":""},"categories":[5],"tags":[3457,181,1488,823,249,5574,206],"42wp_author":[14235],"class_list":["post-16388","post","type-post","status-publish","format-standard","has-post-thumbnail","hentry","category-f1","tag-campeonato-verstappen","tag-f1","tag-grande-premio","tag-jos-verstappen","tag-max-verstappen","tag-max-verstappen-2023","tag-red-bull","42wp_author-barbara-mincioni"],"_links":{"self":[{"href":"https:\/\/grandepremio.com\/es\/wp-json\/wp\/v2\/posts\/16388","targetHints":{"allow":["GET"]}}],"collection":[{"href":"https:\/\/grandepremio.com\/es\/wp-json\/wp\/v2\/posts"}],"about":[{"href":"https:\/\/grandepremio.com\/es\/wp-json\/wp\/v2\/types\/post"}],"replies":[{"embeddable":true,"href":"https:\/\/grandepremio.com\/es\/wp-json\/wp\/v2\/comments?post=16388"}],"version-history":[{"count":0,"href":"https:\/\/grandepremio.com\/es\/wp-json\/wp\/v2\/posts\/16388\/revisions"}],"wp:featuredmedia":[{"embeddable":true,"href":"https:\/\/grandepremio.com\/es\/wp-json\/wp\/v2\/media\/1000750408"}],"wp:attachment":[{"href":"https:\/\/grandepremio.com\/es\/wp-json\/wp\/v2\/media?parent=16388"}],"wp:term":[{"taxonomy":"category","embeddable":true,"href":"https:\/\/grandepremio.com\/es\/wp-json\/wp\/v2\/categories?post=16388"},{"taxonomy":"post_tag","embeddable":true,"href":"https:\/\/grandepremio.com\/es\/wp-json\/wp\/v2\/tags?post=16388"},{"taxonomy":"42wp_author","embeddable":true,"href":"https:\/\/grandepremio.com\/es\/wp-json\/wp\/v2\/42wp_author?post=16388"}],"curies":[{"name":"wp","href":"https:\/\/api.w.org\/{rel}","templated":true}]}}