{"id":16431,"date":"2023-11-06T16:22:44","date_gmt":"2023-11-06T19:22:44","guid":{"rendered":"https:\/\/grandepremio.com\/es\/2023\/11\/06\/agresion-publico-gp-sao-paulo-f1\/"},"modified":"2023-11-06T16:24:50","modified_gmt":"2023-11-06T19:24:50","slug":"agresion-publico-gp-sao-paulo-f1","status":"publish","type":"post","link":"https:\/\/grandepremio.com\/es\/f1\/agresion-publico-gp-sao-paulo-f1\/","title":{"rendered":"Aficionado agrede a guardia tras invasi\u00f3n a la pista al final del GP de S\u00e3o Paulo"},"content":{"rendered":"\n<figure class=\"wp-block-embed is-type-video is-provider-youtube wp-block-embed-youtube wp-embed-aspect-16-9 wp-has-aspect-ratio\"><div class=\"wp-block-embed__wrapper\">\n<iframe loading=\"lazy\" title=\"ALONSO Y P\u00c9REZ ANIMAN SHOW DE VERSTAPPEN EN GP DE SAO PAULO\" width=\"500\" height=\"281\" src=\"https:\/\/www.youtube.com\/embed\/-MYBlEbCwIU?feature=oembed\" frameborder=\"0\" allow=\"accelerometer; autoplay; clipboard-write; encrypted-media; gyroscope; picture-in-picture; web-share\" referrerpolicy=\"strict-origin-when-cross-origin\" allowfullscreen><\/iframe>\n<\/div><\/figure>\n\n\n\n<p class=\"wp-block-paragraph\">La tradicional invasi\u00f3n de la pista del<strong> GP de S\u00e3o Paulo <\/strong>gener\u00f3 escenas lamentables, con agresiones a trabajadores e incluso a fan\u00e1ticos dentro de la pista antes de que terminara la carrera, lo que provoc\u00f3 una investigaci\u00f3n de la <strong>Federaci\u00f3n Internacional del Autom\u00f3vil<\/strong> (<strong>FIA<\/strong>) y la elaboraci\u00f3n de un informe para su discusi\u00f3n en el <strong>Consejo Mundial del Deporte Motor<\/strong>.<\/p>\n\n\n\n<p class=\"wp-block-paragraph\"><strong>\u00a1Conoce el canal de Grande Pr\u00eamio en Espa\u00f1ol en&nbsp;<\/strong><a href=\"https:\/\/www.youtube.com\/channel\/UCDxWojGVUi9gWYhrY0pGbIQ\" target=\"_blank\" rel=\"noreferrer noopener\"><strong>YouTube<\/strong><\/a><strong>!<\/strong><br><strong>\u00a1Sigue a Grande Pr\u00eamio en Espa\u00f1ol en&nbsp;<\/strong><a href=\"https:\/\/twitter.com\/grandepremioES\" target=\"_blank\" rel=\"noreferrer noopener\"><strong>Twitter&nbsp;<\/strong><\/a><strong>y en&nbsp;<\/strong><a href=\"https:\/\/www.instagram.com\/grandepremioes\/\" target=\"_blank\" rel=\"noreferrer noopener\"><strong>Instagram<\/strong><\/a><strong>!<\/strong><\/p>\n\n\n\n<p class=\"wp-block-paragraph\">Las im\u00e1genes difundidas por el sitio Metr\u00f3poles muestran a seguidores del sector Heineken Village, ubicado en la Jun\u00e7\u00e3o, saltando vallas e intentando invadir la pista con una escalera. Cuando aparecen los guardias de seguridad, un hombre agrede al empleado con una patada por la espalda. En menor n\u00famero, los guardias de seguridad se ven acorralados y presionados.<\/p>\n\n\n\n<p class=\"wp-block-paragraph\">Seg\u00fan los comisarios de la <strong>FIA<\/strong>, un gran grupo de espectadores logr\u00f3 romper la barrera de seguridad e ingresar a la pista en el \u00e1rea de escape del &#8220;S do Senna&#8221;. Los organizadores de la carrera admitieron la falla en cuanto al protocolo de seguridad. Tambi\u00e9n reconocieron que situaciones similares ya hab\u00edan ocurrido en Interlagos anteriormente en la<strong> F\u00f3rmula 1 <\/strong>y es un caso inaceptable que podr\u00eda haber tenido consecuencias graves.<\/p>\n\n\n\n<figure class=\"wp-block-video\"><video class=\"video-js vjs-big-play-centered\" data-gp-vjs=\"1\" controls src=\"https:\/\/grandepremio.com\/es\/\/wp-content\/uploads\/2023\/11\/invasao-interlagos-violencia.mp4\"><\/video><figcaption class=\"wp-element-caption\">La invasi\u00f3n en Interlagos deriv\u00f3 en ataque a un empleado y caos (Video: Reproducci\u00f3n\/Metr\u00f3poles)<\/figcaption><\/figure>\n\n\n\n<p class=\"wp-block-paragraph\">El <strong>GP de S\u00e3o Paulo <\/strong>se comprometi\u00f3 a llevar a cabo una investigaci\u00f3n para tomar medidas y remediar la situaci\u00f3n a tiempo para la pr\u00f3xima carrera en Interlagos, programada para el 3 de noviembre de 2024. Hasta el 30 de enero, se debe presentar un plan de remediaci\u00f3n a la FIA que resuelva las preocupaciones mencionadas el pasado domingo.<\/p>\n\n\n\n<p class=\"wp-block-paragraph\">Las invasiones de pista han sido tradicionales en la<strong> F\u00f3rmula 1<\/strong> en los \u00faltimos a\u00f1os, pero casos recientes han llamado la atenci\u00f3n. A\u00fan este a\u00f1o, en <strong>Australia<\/strong>, se sorprendi\u00f3 a seguidores invadiendo el circuito de <strong>Melbourne<\/strong> antes de que ondeara la bandera a cuadros, sin las im\u00e1genes de caos y violencia vistas en <strong>Interlagos<\/strong>.<\/p>\n","protected":false},"excerpt":{"rendered":"<p>Im\u00e1genes difundidas en redes sociales muestran a seguidores usando una escalera para invadir la pista antes de tiempo, incluso un hombre agredi\u00f3 a un empleado de seguridad.<\/p>\n","protected":false},"author":0,"featured_media":1010223245,"comment_status":"closed","ping_status":"closed","sticky":false,"template":"","format":"standard","meta":{"42wp_featured_image_caption":"","42wp_featured_image_credits":"","42wp_featured_video":"","42wp_featured_image_hidden":false,"42wp_authors_list":[],"footnotes":""},"categories":[5],"tags":[181,1676,179,2534,1468,3880,1488],"42wp_author":[14235],"class_list":["post-16431","post","type-post","status-publish","format-standard","has-post-thumbnail","hentry","category-f1","tag-f1","tag-f1-2023","tag-formula-1","tag-formula-1-2023","tag-gp-de-sao-paulo","tag-gp-de-sao-paulo-2023","tag-grande-premio","42wp_author-barbara-mincioni"],"_links":{"self":[{"href":"https:\/\/grandepremio.com\/es\/wp-json\/wp\/v2\/posts\/16431","targetHints":{"allow":["GET"]}}],"collection":[{"href":"https:\/\/grandepremio.com\/es\/wp-json\/wp\/v2\/posts"}],"about":[{"href":"https:\/\/grandepremio.com\/es\/wp-json\/wp\/v2\/types\/post"}],"replies":[{"embeddable":true,"href":"https:\/\/grandepremio.com\/es\/wp-json\/wp\/v2\/comments?post=16431"}],"version-history":[{"count":0,"href":"https:\/\/grandepremio.com\/es\/wp-json\/wp\/v2\/posts\/16431\/revisions"}],"wp:featuredmedia":[{"embeddable":true,"href":"https:\/\/grandepremio.com\/es\/wp-json\/wp\/v2\/media\/1010223245"}],"wp:attachment":[{"href":"https:\/\/grandepremio.com\/es\/wp-json\/wp\/v2\/media?parent=16431"}],"wp:term":[{"taxonomy":"category","embeddable":true,"href":"https:\/\/grandepremio.com\/es\/wp-json\/wp\/v2\/categories?post=16431"},{"taxonomy":"post_tag","embeddable":true,"href":"https:\/\/grandepremio.com\/es\/wp-json\/wp\/v2\/tags?post=16431"},{"taxonomy":"42wp_author","embeddable":true,"href":"https:\/\/grandepremio.com\/es\/wp-json\/wp\/v2\/42wp_author?post=16431"}],"curies":[{"name":"wp","href":"https:\/\/api.w.org\/{rel}","templated":true}]}}