{"id":16437,"date":"2023-11-06T11:57:42","date_gmt":"2023-11-06T14:57:42","guid":{"rendered":"https:\/\/grandepremio.com\/es\/2023\/11\/06\/alpine-mejora-sao-paulo\/"},"modified":"2023-11-06T11:57:51","modified_gmt":"2023-11-06T14:57:51","slug":"alpine-mejora-sao-paulo","status":"publish","type":"post","link":"https:\/\/grandepremio.com\/es\/f1\/alpine-mejora-sao-paulo\/","title":{"rendered":"Alpine atribuye la &#8220;mejora significativa&#8221; en S\u00e3o Paulo al &#8220;gran esfuerzo del equipo&#8221;"},"content":{"rendered":"\n<p class=\"wp-block-paragraph\">La escuder\u00eda <strong>Alpine<\/strong> ha sufrido demasiado en la temporada 2023 de la F\u00f3rmula 1, alcanzando apenas dos podios como mejores resultados, peor ha fallado en consistencia y regularidad, lo que motiv\u00f3 el despido de parte de la c\u00fapula y del ex jefe de equipo,<strong> Otmar Szafnauer<\/strong>.<\/p>\n\n\n\n<p class=\"wp-block-paragraph\">Pero, durante el <strong>Gran Premio de Sao Paulo<\/strong>, la tendencia se revirti\u00f3 en parte durante la carrera principal, ya que pudieron superar a los <strong>Mercedes<\/strong> con <strong>Pierre Gasly, <\/strong>para acabar s\u00e9ptimo, mientras que<strong> Esteban Ocon<\/strong> super\u00f3 muchos problemas para sumar puntos en d\u00e9cima colocaci\u00f3n. Hay que recordar que los dos pilotos largaban solo 14\u00b0 y 15\u00b0.<\/p>\n\n\n\n<p class=\"wp-block-paragraph\">Debido al resultado con ambos autos en los puntos, el jefe interino de Alpine,<strong> Bruno Famin<\/strong>, celebr\u00f3 lo sucedido en carrera: <strong>&#8220;Ha sido un gran esfuerzo de equipo el de hoy, en el que hemos conseguido mejorar significativamente nuestro rendimiento en comparaci\u00f3n con la carrera sprint del viernes y convertir nuestras dif\u00edciles posiciones en parrilla en puntos con ambos coches. No ha sido una carrera f\u00e1cil de gestionar, tanto para el equipo, con las decisiones estrat\u00e9gicas y las paradas en boxes, como para los pilotos, que han tenido que trabajar con inteligencia para superar el caos de la salida&#8221;.<\/strong><\/p>\n\n\n\n<figure class=\"wp-block-image size-full\"><img decoding=\"async\" src=\"https:\/\/grandepremio.com\/es\/\/wp-content\/uploads\/2023\/11\/image-38.png\" alt=\"\" class=\"wp-image-223210\"\/><figcaption class=\"wp-element-caption\">Pierre Gasly registr\u00f3 el mejor tiempo en el GP de S\u00e3o Paulo (Foto: Rodrigo Berton\/Warm Up)<\/figcaption><\/figure>\n\n\n\n<p class=\"wp-block-paragraph\"><strong>&#8220;Al final, son siete puntos fuertes para el equipo, que es una buena manera de redondear estas tres semanas de carreras. En las dos \u00faltimas carreras de la temporada, tenemos que mantener la cabeza baja, encontrar la manera de ser m\u00e1s r\u00e1pidos desde el principio del fin de semana para que podamos estar en una mejor posici\u00f3n en la parrilla el domingo. Me impresion\u00f3 la uni\u00f3n y el trabajo en equipo de todos y ahora estamos deseando llegar a Las Vegas para la pen\u00faltima carrera de la temporada&#8221;<\/strong>, concluy\u00f3.<\/p>\n\n\n\n<p class=\"wp-block-paragraph\">Hasta el momento, Alpine se encuentra sexta en el campeonato Mundial de Constructores, con 108 puntos, muy lejos de <strong>McLaren<\/strong>, equipo que los super\u00f3 este a\u00f1o, y de <strong>Aston Martin<\/strong>, que acumul\u00f3 un nuevo podio en Brasil. <\/p>\n\n\n\n<p class=\"wp-block-paragraph\"><strong>\u00a1Conoce el canal de Grande Pr\u00eamio en Espa\u00f1ol en&nbsp;<\/strong><a href=\"https:\/\/www.youtube.com\/channel\/UCDxWojGVUi9gWYhrY0pGbIQ\" target=\"_blank\" rel=\"noreferrer noopener\"><strong>YouTube<\/strong><\/a><strong>!<\/strong><br><strong>\u00a1Sigue a Grande Pr\u00eamio en Espa\u00f1ol en&nbsp;<\/strong><a href=\"https:\/\/twitter.com\/grandepremioES\" target=\"_blank\" rel=\"noreferrer noopener\"><strong>Twitter&nbsp;<\/strong><\/a><strong>y en&nbsp;<\/strong><a href=\"https:\/\/www.instagram.com\/grandepremioes\/\" target=\"_blank\" rel=\"noreferrer noopener\"><strong>Instagram<\/strong><\/a><strong>!<\/strong><\/p>\n\n\n\n<p class=\"wp-block-paragraph\">La <strong>F\u00f3rmula 1 <\/strong>regresa dentro de quince d\u00edas con el GP de Las Vegas, pen\u00faltima prueba de la temporada, que se disputar\u00e1 entre el 17 y el 19 de noviembre. GRANDE PR\u00caMIO cubrir\u00e1 \u00edntegramente el evento.<\/p>\n","protected":false},"excerpt":{"rendered":"<p>Bruno Famin, jefe interino de Alpine, celebr\u00f3 el resultado en Interlagos, pero ya ha centrado su atenci\u00f3n en las dos \u00faltimas carreras de la temporada de F\u00f3rmula 1, en Las Vegas y Abu Dhabi.<\/p>\n","protected":false},"author":0,"featured_media":1010223213,"comment_status":"closed","ping_status":"closed","sticky":false,"template":"","format":"standard","meta":{"42wp_featured_image_caption":"","42wp_featured_image_credits":"","42wp_featured_video":"","42wp_featured_image_hidden":false,"42wp_authors_list":[],"footnotes":""},"categories":[5],"tags":[678,209,2233,362,181,1676,179,1491,474,269,197,1562,427],"42wp_author":[14237],"class_list":["post-16437","post","type-post","status-publish","format-standard","has-post-thumbnail","hentry","category-f1","tag-alpine","tag-aston-martin","tag-bruno-famin","tag-esteban-ocon","tag-f1","tag-f1-2023","tag-formula-1","tag-gp-de-sao-paulo-2","tag-interlagos","tag-mclaren","tag-mercedes","tag-otmar-szafnauer","tag-pierre-gasly","42wp_author-gabriel-garcia"],"_links":{"self":[{"href":"https:\/\/grandepremio.com\/es\/wp-json\/wp\/v2\/posts\/16437","targetHints":{"allow":["GET"]}}],"collection":[{"href":"https:\/\/grandepremio.com\/es\/wp-json\/wp\/v2\/posts"}],"about":[{"href":"https:\/\/grandepremio.com\/es\/wp-json\/wp\/v2\/types\/post"}],"replies":[{"embeddable":true,"href":"https:\/\/grandepremio.com\/es\/wp-json\/wp\/v2\/comments?post=16437"}],"version-history":[{"count":0,"href":"https:\/\/grandepremio.com\/es\/wp-json\/wp\/v2\/posts\/16437\/revisions"}],"wp:featuredmedia":[{"embeddable":true,"href":"https:\/\/grandepremio.com\/es\/wp-json\/wp\/v2\/media\/1010223213"}],"wp:attachment":[{"href":"https:\/\/grandepremio.com\/es\/wp-json\/wp\/v2\/media?parent=16437"}],"wp:term":[{"taxonomy":"category","embeddable":true,"href":"https:\/\/grandepremio.com\/es\/wp-json\/wp\/v2\/categories?post=16437"},{"taxonomy":"post_tag","embeddable":true,"href":"https:\/\/grandepremio.com\/es\/wp-json\/wp\/v2\/tags?post=16437"},{"taxonomy":"42wp_author","embeddable":true,"href":"https:\/\/grandepremio.com\/es\/wp-json\/wp\/v2\/42wp_author?post=16437"}],"curies":[{"name":"wp","href":"https:\/\/api.w.org\/{rel}","templated":true}]}}