{"id":16505,"date":"2023-11-03T18:21:38","date_gmt":"2023-11-03T21:21:38","guid":{"rendered":"https:\/\/grandepremio.com\/es\/2023\/11\/03\/russell-sao-paulo-de-locos\/"},"modified":"2023-11-03T18:21:52","modified_gmt":"2023-11-03T21:21:52","slug":"russell-sao-paulo-de-locos","status":"publish","type":"post","link":"https:\/\/grandepremio.com\/es\/f1\/russell-sao-paulo-de-locos\/","title":{"rendered":"Russell &#8220;nunca ha visto un cambio tan dr\u00e1stico en el tiempo&#8221; como en S\u00e3o Paulo: &#8220;De locos&#8221;"},"content":{"rendered":"\n<p class=\"wp-block-paragraph\">\u00a1Qu\u00e9 cosas! La tarde del viernes termin\u00f3 con un escenario de Armaged\u00f3n en <strong>Interlagos<\/strong> y la clasificaci\u00f3n del <strong>Gran Premio de S\u00e3o Paulo<\/strong> termin\u00f3 prematuramente. Incluso antes de la interrupci\u00f3n y de la lluvia, la pista ya hab\u00eda empezado a enfriarse alocadamente y hab\u00eda alterado todo lo que se hab\u00eda visto tanto en la Q1 como en la Q2. \u00a0<\/p>\n\n\n\n<p class=\"wp-block-paragraph\">Con este tel\u00f3n de fondo, <strong>George Russell<\/strong> ocup\u00f3 la sexta plaza de la parrilla, pero se mostr\u00f3 sorprendido por el tiempo: <strong>&#8220;En primer lugar, es absolutamente demencial. Nunca hab\u00eda visto un cambio tan dr\u00e1stico en el tiempo&#8221;.<\/strong><\/p>\n\n\n\n<p class=\"wp-block-paragraph\">El ingl\u00e9s dijo que se sinti\u00f3 mal en la vuelta de la Q3. La pista estaba empeorando y Russell no estaba contento con la situaci\u00f3n. Jur\u00f3 que ser\u00eda \u00faltimo, pero acab\u00f3 sexto y ahora ya piensa en el podio de la carrera del domingo.<\/p>\n\n\n\n<figure class=\"wp-block-image size-full\"><img decoding=\"async\" src=\"https:\/\/grandepremio.com\/es\/\/wp-content\/uploads\/2023\/11\/image-10.png\" alt=\"\" class=\"wp-image-222753\"\/><figcaption class=\"wp-element-caption\">George Russell se mostr\u00f3 sorprendido por el cambio de tiempo en S\u00e3o Paulo (Foto: Mercedes)<\/figcaption><\/figure>\n\n\n\n<p class=\"wp-block-paragraph\">Acerca de su vuelta en la Q3, el brit\u00e1nico fue muy descriptivo: <strong>&#8220;Estaba decepcionado con mi vuelta: resbalaba y faltaba agarre. No vi tanta lluvia en la pantalla, sent\u00ed que estaba a 1s y ped\u00ed parar. Pens\u00e9 que ser\u00eda \u00faltimo y acab\u00e9 sexto. Aunque fue decepcionante y frustrante, el sexto puesto es una buena posici\u00f3n de salida. El equipo ha hecho un buen trabajo, el coche es bueno y tenemos buen ritmo de carrera. Vamos a ver c\u00f3mo va el domingo&#8221;.<\/strong><\/p>\n\n\n\n<p class=\"wp-block-paragraph\"><strong>&#8220;Definitivamente el podio [es el objetivo]. Aston Martin parece haber encontrado su forma de nuevo, lo que es sorprendente, pero espero que nuestro ritmo de carrera sea mejor que el suyo. Va a ser dif\u00edcil seguir el ritmo de Max. Charles est\u00e1 en primera l\u00ednea, as\u00ed que est\u00e1 bien situado. Creo que va a ser una carrera de dos o tres, as\u00ed que todo est\u00e1 abierto&#8221;<\/strong>, prosigui\u00f3.<\/p>\n\n\n\n<p class=\"wp-block-paragraph\">Y termin\u00f3 con otra maravilla sobre el tiempo. <strong>&#8220;Es genial aqu\u00ed: hay constantes rel\u00e1mpagos [delante]&#8221;<\/strong>, concluy\u00f3.<\/p>\n\n\n\n<p class=\"wp-block-paragraph\"><strong>\u00a1Conoce el canal de Grande Pr\u00eamio en Espa\u00f1ol en&nbsp;<\/strong><a href=\"https:\/\/www.youtube.com\/channel\/UCDxWojGVUi9gWYhrY0pGbIQ\" target=\"_blank\" rel=\"noreferrer noopener\"><strong>YouTube<\/strong><\/a><strong>!<\/strong><br><strong>\u00a1Sigue a Grande Pr\u00eamio en Espa\u00f1ol en&nbsp;<\/strong><a href=\"https:\/\/twitter.com\/grandepremioES\" target=\"_blank\" rel=\"noreferrer noopener\"><strong>Twitter&nbsp;<\/strong><\/a><strong>y en&nbsp;<\/strong><a href=\"https:\/\/www.instagram.com\/grandepremioes\/\" target=\"_blank\" rel=\"noreferrer noopener\"><strong>Instagram<\/strong><\/a><strong>!<\/strong><\/p>\n\n\n\n<p class=\"wp-block-paragraph\"><strong>GRANDE PR\u00caMIO<\/strong> sigue todas las actividades EN VIVO y EN TIEMPO REAL y cubre el Gran Premio de <strong>F\u00f3rmula 1<\/strong> de S\u00e3o Paulo con equipo completo durante el fin de semana.<\/p>\n","protected":false},"excerpt":{"rendered":"<p>George Russell acab\u00f3 sexto en la clasificaci\u00f3n del Gran Premio de Sao Paulo de la F\u00f3rmula 1, antes de que comenzara el del escenario apocal\u00edptico clim\u00e1ticamente hablando, que forz\u00f3 a suspender la Q3 con bandera roja. <\/p>\n","protected":false},"author":0,"featured_media":1010222750,"comment_status":"closed","ping_status":"closed","sticky":false,"template":"","format":"standard","meta":{"42wp_featured_image_caption":"","42wp_featured_image_credits":"","42wp_featured_video":"","42wp_featured_image_hidden":false,"42wp_authors_list":[],"footnotes":""},"categories":[5],"tags":[181,1676,179,8886,1491,474,197],"42wp_author":[14237],"class_list":["post-16505","post","type-post","status-publish","format-standard","has-post-thumbnail","hentry","category-f1","tag-f1","tag-f1-2023","tag-formula-1","tag-george-russelll","tag-gp-de-sao-paulo-2","tag-interlagos","tag-mercedes","42wp_author-gabriel-garcia"],"_links":{"self":[{"href":"https:\/\/grandepremio.com\/es\/wp-json\/wp\/v2\/posts\/16505","targetHints":{"allow":["GET"]}}],"collection":[{"href":"https:\/\/grandepremio.com\/es\/wp-json\/wp\/v2\/posts"}],"about":[{"href":"https:\/\/grandepremio.com\/es\/wp-json\/wp\/v2\/types\/post"}],"replies":[{"embeddable":true,"href":"https:\/\/grandepremio.com\/es\/wp-json\/wp\/v2\/comments?post=16505"}],"version-history":[{"count":0,"href":"https:\/\/grandepremio.com\/es\/wp-json\/wp\/v2\/posts\/16505\/revisions"}],"wp:featuredmedia":[{"embeddable":true,"href":"https:\/\/grandepremio.com\/es\/wp-json\/wp\/v2\/media\/1010222750"}],"wp:attachment":[{"href":"https:\/\/grandepremio.com\/es\/wp-json\/wp\/v2\/media?parent=16505"}],"wp:term":[{"taxonomy":"category","embeddable":true,"href":"https:\/\/grandepremio.com\/es\/wp-json\/wp\/v2\/categories?post=16505"},{"taxonomy":"post_tag","embeddable":true,"href":"https:\/\/grandepremio.com\/es\/wp-json\/wp\/v2\/tags?post=16505"},{"taxonomy":"42wp_author","embeddable":true,"href":"https:\/\/grandepremio.com\/es\/wp-json\/wp\/v2\/42wp_author?post=16505"}],"curies":[{"name":"wp","href":"https:\/\/api.w.org\/{rel}","templated":true}]}}