{"id":16535,"date":"2023-11-02T13:53:00","date_gmt":"2023-11-02T16:53:00","guid":{"rendered":"https:\/\/grandepremio.com\/es\/2023\/11\/02\/drugovich-aston-martin-reserva-abu-dhabi\/"},"modified":"2023-11-02T13:53:37","modified_gmt":"2023-11-02T16:53:37","slug":"drugovich-aston-martin-reserva-abu-dhabi","status":"publish","type":"post","link":"https:\/\/grandepremio.com\/es\/f1\/drugovich-aston-martin-reserva-abu-dhabi\/","title":{"rendered":"Drugovich se queda con Aston Martin como reserva para F1 2024 y hace FP1 en Abu Dhabi"},"content":{"rendered":"\n<p class=\"wp-block-paragraph\">Este jueves por la ma\u00f1ana, en la previa del <strong>GP de Sao Paulo<\/strong>, se dio a conocer que <strong>Felipe Drugovich <\/strong>seguir\u00e1 como piloto de reserva y desarrollo de <strong>Aston Martin<\/strong>, y tomar\u00e1 contacto con el AMR23 en la FP1 del GP de Abu Dhabi.<\/p>\n\n\n\n<p class=\"wp-block-paragraph\">Hay que recordar que el brasile\u00f1o ya se subi\u00f3 al coche en la <strong>FP1 del GP de Italia<\/strong> y reemplaz\u00f3 a <strong>Lance Stroll<\/strong> en los test de pretemporada, ante la lesi\u00f3n del canadiense.<\/p>\n\n\n\n<p class=\"wp-block-paragraph\">Sobre su continuidad, Felipe coment\u00f3: <strong>&#8220;Estoy muy orgulloso de unirme a Aston Martin para mi segunda temporada. He aprendido mucho este a\u00f1o, no s\u00f3lo en la pista, sino trabajando con los ingenieros en el simulador, as\u00ed como el programa de desarrollo que han hecho conmigo. Estoy deseando volver a pilotar el coche y seguir trabajando con los ingenieros de cara a 2024&#8221;.<\/strong><\/p>\n\n\n\n<p class=\"wp-block-paragraph\"><strong>&#8220;Todo el mundo en Aston Martin est\u00e1 incre\u00edblemente contento de que Felipe se una a nosotros en 2024. Se toma muy en serio su trabajo, ya demostr\u00f3 velocidad y experiencia cuando Stroll se lesion\u00f3 en pretemporada en Bahr\u00e9in. Cada vez que vuelve a ponerse al volante, vemos su contribuci\u00f3n en ritmo, reacciones y compromiso<\/strong>&#8220;, dijo el jefe Mike Krack.<\/p>\n\n\n\n<figure class=\"wp-block-image size-full\"><img decoding=\"async\" src=\"https:\/\/grandepremio.com\/es\/\/wp-content\/uploads\/2023\/11\/image-4.png\" alt=\"\" class=\"wp-image-222572\"\/><figcaption class=\"wp-element-caption\">Felipe Drugovich pilot\u00f3 el FP1 en Italia y repetir\u00e1 la haza\u00f1a en Abu Dhabi (Foto: Aston Martin)<\/figcaption><\/figure>\n\n\n\n<p class=\"wp-block-paragraph\">Durante la temporada 2023, se pens\u00f3 que era posible que a Drugovich se le ofreciera un asiento en <strong>Alfa Romeo<\/strong> en medio de las dudas sobre el futuro de Guanyu Zhou en el equipo italo-suizo, pero no sucedi\u00f3. A Zhou se le acab\u00f3 renovando el contrato. Williams, que a\u00fan no ha confirmado a <strong>Logan Sargeant<\/strong>, tambi\u00e9n parec\u00eda una alternativa, pero est\u00e1 claro que no ser\u00e1 un destino en 2023.<\/p>\n\n\n\n<p class=\"wp-block-paragraph\">Mientras que Drugovich continuar\u00e1 con Aston Martin, el campe\u00f3n 2022 de la F\u00f3rmula 2 revel\u00f3 en una rueda de prensa, que tuvo la presencia de GRANDE PR\u00caMIO, que rechaz\u00f3 oportunidades de competir en otras categor\u00edas, a la espera de poder correr en la F\u00f3rmula 1.<\/p>\n\n\n\n<p class=\"wp-block-paragraph\">Se cree que Maserati le habr\u00eda ofrecido ser el compa\u00f1ero de Maximilian G\u00fcnther tras la prueba de pilotos debutantes en el eP de Roma de la F\u00f3rmula E, pero el que ocupar\u00e1 esa butaca es Jehan Daruvala.<\/p>\n\n\n\n<figure class=\"wp-block-image size-full is-resized\"><img decoding=\"async\" src=\"https:\/\/grandepremio.com\/es\/\/wp-content\/uploads\/2023\/11\/image-5.png\" alt=\"\" class=\"wp-image-222573\" style=\"aspect-ratio:1.499267935578331;width:840px;height:auto\"\/><figcaption class=\"wp-element-caption\">Felipe Drugovich cree que Aston Martin es el camino a seguir en la F\u00f3rmula 1 (Foto: Aston Martin)<\/figcaption><\/figure>\n\n\n\n<p class=\"wp-block-paragraph\">De momento, su plan es ser piloto de pruebas: <strong>&#8220;El a\u00f1o que viene, en el equipo [Aston Martin], parece que no habr\u00e1 vacantes, as\u00ed que el plan es que me quede aqu\u00ed como reserva. Ese es el plan. Como todos saben, estuvimos hablando con Williams y otros equipos, no creo que el equipo me retuviera si tuvieran otro asiento, no creo que ning\u00fan equipo de F\u00f3rmula 1 hiciera eso con un piloto que est\u00e1 en la cola&#8221;.<\/strong><\/p>\n\n\n\n<p class=\"wp-block-paragraph\"><strong>&#8220;El plan ahora es no buscar otro equipo y centrarme realmente aqu\u00ed, porque vemos que tengo futuro aqu\u00ed en los pr\u00f3ximos a\u00f1os&#8221;,<\/strong> subray\u00f3 Drugovich. Por ahora, Lance Stroll, hijo del due\u00f1o, y <strong>Fernando Alonso<\/strong>, seguir\u00e1n como pilotos titulares de la escuder\u00eda con base en Silverstone.<\/p>\n\n\n\n<p class=\"wp-block-paragraph\"><strong>\u00a1Conoce el canal de Grande Pr\u00eamio en Espa\u00f1ol en&nbsp;<\/strong><a href=\"https:\/\/www.youtube.com\/channel\/UCDxWojGVUi9gWYhrY0pGbIQ\" target=\"_blank\" rel=\"noreferrer noopener\"><strong>YouTube<\/strong><\/a><strong>!<\/strong><br><strong>\u00a1Sigue a Grande Pr\u00eamio en Espa\u00f1ol en&nbsp;<\/strong><a href=\"https:\/\/twitter.com\/grandepremioES\" target=\"_blank\" rel=\"noreferrer noopener\"><strong>Twitter&nbsp;<\/strong><\/a><strong>y en&nbsp;<\/strong><a href=\"https:\/\/www.instagram.com\/grandepremioes\/\" target=\"_blank\" rel=\"noreferrer noopener\"><strong>Instagram<\/strong><\/a><strong>!<\/strong><\/p>\n\n\n\n<p class=\"wp-block-paragraph\">Por \u00faltimo, el corredor de 23 a\u00f1os reconoci\u00f3 que dej\u00f3 pasar ofertas para competir en otras categor\u00edas, y que ser\u00e1 su b\u00fasqueda en 2024: <strong>&#8220;Como esper\u00e9 tanto a lo que iba a pasar, acab\u00e9 diciendo que no a muchas oportunidades fuera de la F1&#8221;.<\/strong><\/p>\n","protected":false},"excerpt":{"rendered":"<p>Felipe Drugovich continuar\u00e1 como piloto de reserva de Aston Martin en la F1 y har\u00e1 el primer entrenamiento libre del GP de Abu Dhabi, pero reconoci\u00f3 que dijo que no a correr en otras categor\u00edas para quedarse a esperar una oportunidad en la m\u00e1xima categor\u00eda del automovilismo. <\/p>\n","protected":false},"author":0,"featured_media":1010222559,"comment_status":"closed","ping_status":"closed","sticky":false,"template":"","format":"standard","meta":{"42wp_featured_image_caption":"","42wp_featured_image_credits":"","42wp_featured_video":"","42wp_featured_image_hidden":false,"42wp_authors_list":[],"footnotes":""},"categories":[5],"tags":[295,4309,209,181,1676,256,184,179,1491,359,285,2045],"42wp_author":[14237],"class_list":["post-16535","post","type-post","status-publish","format-standard","has-post-thumbnail","hentry","category-f1","tag-alfa-romeo","tag-amr23","tag-aston-martin","tag-f1","tag-f1-2023","tag-felipe-drugovich","tag-fernando-alonso","tag-formula-1","tag-gp-de-sao-paulo-2","tag-lance-stroll","tag-logan-sargeant","tag-mike-krack","42wp_author-gabriel-garcia"],"_links":{"self":[{"href":"https:\/\/grandepremio.com\/es\/wp-json\/wp\/v2\/posts\/16535","targetHints":{"allow":["GET"]}}],"collection":[{"href":"https:\/\/grandepremio.com\/es\/wp-json\/wp\/v2\/posts"}],"about":[{"href":"https:\/\/grandepremio.com\/es\/wp-json\/wp\/v2\/types\/post"}],"replies":[{"embeddable":true,"href":"https:\/\/grandepremio.com\/es\/wp-json\/wp\/v2\/comments?post=16535"}],"version-history":[{"count":0,"href":"https:\/\/grandepremio.com\/es\/wp-json\/wp\/v2\/posts\/16535\/revisions"}],"wp:featuredmedia":[{"embeddable":true,"href":"https:\/\/grandepremio.com\/es\/wp-json\/wp\/v2\/media\/1010222559"}],"wp:attachment":[{"href":"https:\/\/grandepremio.com\/es\/wp-json\/wp\/v2\/media?parent=16535"}],"wp:term":[{"taxonomy":"category","embeddable":true,"href":"https:\/\/grandepremio.com\/es\/wp-json\/wp\/v2\/categories?post=16535"},{"taxonomy":"post_tag","embeddable":true,"href":"https:\/\/grandepremio.com\/es\/wp-json\/wp\/v2\/tags?post=16535"},{"taxonomy":"42wp_author","embeddable":true,"href":"https:\/\/grandepremio.com\/es\/wp-json\/wp\/v2\/42wp_author?post=16535"}],"curies":[{"name":"wp","href":"https:\/\/api.w.org\/{rel}","templated":true}]}}