{"id":16615,"date":"2023-10-28T20:14:00","date_gmt":"2023-10-28T23:14:00","guid":{"rendered":"https:\/\/grandepremio.com\/es\/2023\/10\/28\/sainz-admite-sorpresa-ferrari-mexico\/"},"modified":"2023-10-28T20:14:10","modified_gmt":"2023-10-28T23:14:10","slug":"sainz-admite-sorpresa-ferrari-mexico","status":"publish","type":"post","link":"https:\/\/grandepremio.com\/es\/f1\/sainz-admite-sorpresa-ferrari-mexico\/","title":{"rendered":"Sainz admite su sorpresa por la primera fila de Ferrari en M\u00e9xico: &#8220;Fue algo muy extra\u00f1o&#8221;"},"content":{"rendered":"\n<p class=\"wp-block-paragraph\">Muy pocos esperaban o imaginaban que <strong>Ferrari<\/strong> podr\u00eda batir a <strong>Max Verstappen<\/strong>, y finalmente lo hizo con <strong>Charles Leclerc<\/strong> y <strong>Carlos Sainz<\/strong>, dejando al campe\u00f3n del mundo en la tercera posici\u00f3n de la clasificaci\u00f3n en el aut\u00f3dromo Hermanos Rodr\u00edguez.<\/p>\n\n\n\n<p class=\"wp-block-paragraph\">Sainz expres\u00f3 que tienen que comprender lo que hace el coche con el ritmo de carrera, pero se enfoca en la posibilidad de sumar muchos puntos para la escuder\u00eda de <strong>Maranello<\/strong>. Y es que se qued\u00f3 a solo 0.067s de Leclerc, y dej\u00f3 a Verstappen fuera de la primera fila de la carrera de ma\u00f1ana.<\/p>\n\n\n\n<p class=\"wp-block-paragraph\">Al cabo de la clasificaci\u00f3n, esto coment\u00f3 el espa\u00f1ol: <strong>&#8220;Sinceramente, fue muy extra\u00f1o. Luch\u00e9 todo el fin de semana para hacer una vuelta r\u00e1pida, y la primera vez que lo hice me puse primero. Luego Charles me gan\u00f3 por 0s050, 0s100. No puedo entender c\u00f3mo de repente podemos encontrar 0s5 y luego ir m\u00e1s lentos en la siguiente vuelta&#8221;.<\/strong><\/p>\n\n\n\n<p class=\"wp-block-paragraph\"><strong>&#8220;Es muy complicado con los neum\u00e1ticos, la sensaci\u00f3n del coche es muy extra\u00f1a en este circuito. Pero hemos conseguido hacer una buena vuelta cuando importaba y eso nos coloca en una buena posici\u00f3n para ma\u00f1ana&#8221;<\/strong>, a\u00f1adi\u00f3.<\/p>\n\n\n\n<figure class=\"wp-block-image size-full\"><img decoding=\"async\" src=\"https:\/\/grandepremio.com\/es\/\/wp-content\/uploads\/2023\/10\/image-89.png\" alt=\"\" class=\"wp-image-222031\"\/><figcaption class=\"wp-element-caption\">Sainz dijo que, aunque no entiende el coche, espera estar delante el domingo (Foto: Ferrari)<\/figcaption><\/figure>\n\n\n\n<p class=\"wp-block-paragraph\">Por otro lado, el #55 coment\u00f3 que no se siente tan fuerte en ritmo de carrera, pero que Ferrari puede intentar capitalizar la primera fila al completo, en un circuito que ofrece pocas posibilidades de sobrepaso.<\/p>\n\n\n\n<p class=\"wp-block-paragraph\"><strong>&#8220;Est\u00e1 claro que no somos tan fuertes con el dep\u00f3sito lleno como con el vac\u00edo. Creo que nuestro coche se beneficia mucho de la sensaci\u00f3n de los neum\u00e1ticos nuevos y veremos c\u00f3mo lo hacemos ma\u00f1ana para que sigan rindiendo bien y dejar atr\u00e1s a Red Bull. Tener dos coches delante es una buena ventaja, as\u00ed que daremos lo mejor de nosotros&#8221;<\/strong>, concluy\u00f3 el espa\u00f1ol.<\/p>\n\n\n\n<p class=\"wp-block-paragraph\"><strong>\u00a1Conoce el canal de Grande Pr\u00eamio en Espa\u00f1ol en&nbsp;<\/strong><a href=\"https:\/\/www.youtube.com\/channel\/UCDxWojGVUi9gWYhrY0pGbIQ\" target=\"_blank\" rel=\"noreferrer noopener\"><strong>YouTube<\/strong><\/a><strong>!<\/strong><br><strong>\u00a1Sigue a Grande Pr\u00eamio en Espa\u00f1ol en&nbsp;<\/strong><a href=\"https:\/\/twitter.com\/grandepremioES\" target=\"_blank\" rel=\"noreferrer noopener\"><strong>Twitter&nbsp;<\/strong><\/a><strong>y en&nbsp;<\/strong><a href=\"https:\/\/www.instagram.com\/grandepremioes\/\" target=\"_blank\" rel=\"noreferrer noopener\"><strong>Instagram<\/strong><\/a><strong>!<\/strong><\/p>\n\n\n\n<p class=\"wp-block-paragraph\"><strong>GRANDE PR\u00caMIO<\/strong> sigue en VIVO y EN TIEMPO REAL todas las actividades del Gran Premio de M\u00e9xico de <strong>F\u00f3rmula 1<\/strong>. Para ma\u00f1ana, el inicio de la carrera est\u00e1 previsto para las 17.00, hora de Brasilia y Buenos Aires.<\/p>\n","protected":false},"excerpt":{"rendered":"<p>Carlos Sainz se mostr\u00f3 sorprendido por el segundo puesto en la clasificaci\u00f3n del Gran Premio de M\u00e9xico, pero lo celebra diciendo que Ferrari dio lo mejor de s\u00ed cuando m\u00e1s importaba.<\/p>\n","protected":false},"author":0,"featured_media":1010222026,"comment_status":"closed","ping_status":"closed","sticky":false,"template":"","format":"standard","meta":{"42wp_featured_image_caption":"","42wp_featured_image_credits":"","42wp_featured_video":"","42wp_featured_image_hidden":false,"42wp_authors_list":[],"footnotes":""},"categories":[5],"tags":[302,247,181,1676,179,1665,249,206,8887],"42wp_author":[14237],"class_list":["post-16615","post","type-post","status-publish","format-standard","has-post-thumbnail","hentry","category-f1","tag-carlos-sainz","tag-charles-leclerc","tag-f1","tag-f1-2023","tag-formula-1","tag-gp-de-mexico","tag-max-verstappen","tag-red-bull","tag-sainz-ferrari","42wp_author-gabriel-garcia"],"_links":{"self":[{"href":"https:\/\/grandepremio.com\/es\/wp-json\/wp\/v2\/posts\/16615","targetHints":{"allow":["GET"]}}],"collection":[{"href":"https:\/\/grandepremio.com\/es\/wp-json\/wp\/v2\/posts"}],"about":[{"href":"https:\/\/grandepremio.com\/es\/wp-json\/wp\/v2\/types\/post"}],"replies":[{"embeddable":true,"href":"https:\/\/grandepremio.com\/es\/wp-json\/wp\/v2\/comments?post=16615"}],"version-history":[{"count":0,"href":"https:\/\/grandepremio.com\/es\/wp-json\/wp\/v2\/posts\/16615\/revisions"}],"wp:featuredmedia":[{"embeddable":true,"href":"https:\/\/grandepremio.com\/es\/wp-json\/wp\/v2\/media\/1010222026"}],"wp:attachment":[{"href":"https:\/\/grandepremio.com\/es\/wp-json\/wp\/v2\/media?parent=16615"}],"wp:term":[{"taxonomy":"category","embeddable":true,"href":"https:\/\/grandepremio.com\/es\/wp-json\/wp\/v2\/categories?post=16615"},{"taxonomy":"post_tag","embeddable":true,"href":"https:\/\/grandepremio.com\/es\/wp-json\/wp\/v2\/tags?post=16615"},{"taxonomy":"42wp_author","embeddable":true,"href":"https:\/\/grandepremio.com\/es\/wp-json\/wp\/v2\/42wp_author?post=16615"}],"curies":[{"name":"wp","href":"https:\/\/api.w.org\/{rel}","templated":true}]}}