{"id":16658,"date":"2023-10-26T17:19:33","date_gmt":"2023-10-26T20:19:33","guid":{"rendered":"https:\/\/grandepremio.com\/es\/2023\/10\/26\/thierry-neuville-lider-rally-europa-central-wrc-2023\/"},"modified":"2023-10-26T17:19:40","modified_gmt":"2023-10-26T20:19:40","slug":"thierry-neuville-lider-rally-europa-central-wrc-2023","status":"publish","type":"post","link":"https:\/\/grandepremio.com\/es\/rally\/thierry-neuville-lider-rally-europa-central-wrc-2023\/","title":{"rendered":"Neuville adelanta a T\u00e4nak y lidera en el comienzo del Rally de Europa Central"},"content":{"rendered":"\n<p class=\"wp-block-paragraph\"><strong>Thierry Neuville<\/strong>, de <strong>Hyundai<\/strong>, abri\u00f3 el Rally de Europa Central en cabeza. Despu\u00e9s de las dos primeras etapas en <strong>Praga<\/strong>, <strong>Rep\u00fablica Checa<\/strong>, el jueves (26), el piloto tom\u00f3 la delantera tras una gran actuaci\u00f3n en la etapa de Klatovy.<\/p>\n\n\n\n<p class=\"wp-block-paragraph\">&#8220;No ha sido la mejor especial. Estaba indeciso entre los neum\u00e1ticos de lluvia y los blandos y me decid\u00ed por los blandos en el \u00faltimo momento. Los dispositivos reflejaban la luz y no pod\u00edamos ver bien, pero hicimos un stint limpio&#8221;, dijo Neuville.<\/p>\n\n\n\n<p class=\"wp-block-paragraph\">El piloto estonio de <strong>Ford<\/strong> <strong>Ott T\u00e4nak<\/strong> se hizo con la segunda plaza, a 1s2 del belga. Tercero fue el ocho veces campe\u00f3n <strong>S\u00e9bastien Ogier<\/strong>, con un <strong>Toyota<\/strong>, a 5s8 de Neuville.<\/p>\n\n\n\n<p class=\"wp-block-paragraph\"><strong>\u00a1Conoce el canal de Grande Pr\u00eamio en Espa\u00f1ol en\u00a0<\/strong><a href=\"https:\/\/www.youtube.com\/channel\/UCDxWojGVUi9gWYhrY0pGbIQ\" target=\"_blank\" rel=\"noreferrer noopener\"><strong>YouTube<\/strong><\/a><strong>!<\/strong><br><strong>\u00a1Sigue a Grande Pr\u00eamio en Espa\u00f1ol en\u00a0<\/strong><a href=\"https:\/\/twitter.com\/grandepremioES\" target=\"_blank\" rel=\"noreferrer noopener\"><strong>Twitter\u00a0<\/strong><\/a><strong>y en\u00a0<\/strong><a href=\"https:\/\/www.instagram.com\/grandepremioes\/\" target=\"_blank\" rel=\"noreferrer noopener\"><strong>Instagram<\/strong><\/a><strong>!<\/strong><\/p>\n\n\n\n<figure class=\"wp-block-image size-full\"><img decoding=\"async\" src=\"https:\/\/grandepremio.com\/es\/\/wp-content\/uploads\/2023\/10\/imagem_2023-10-26_164250675-1024x576-1.png\" alt=\"\" class=\"wp-image-221705\"\/><figcaption class=\"wp-element-caption\">Apertura del WRC en el Rally de Europa Central, que se disputar\u00e1 en tres pa\u00edses (Foto: WRC)<\/figcaption><\/figure>\n\n\n\n<p class=\"wp-block-paragraph\"><strong>Kalle Rovanper\u00e4<\/strong>, actual l\u00edder del campeonato y con opciones de ganar su segundo t\u00edtulo este fin de semana, fue cuarto, tambi\u00e9n con <strong>Toyota<\/strong>. Complet\u00f3 los cinco primeros el finland\u00e9s <strong>Teemu Suninen<\/strong>, de <strong>Hyundai<\/strong>. <strong>Elfyn Evans<\/strong>, que podr\u00eda arrebatarle el t\u00edtulo a Rovanper\u00e4, s\u00f3lo fue octavo, por detr\u00e1s de <strong>Takamoto Katsuta<\/strong> y <strong>Pierre-Louis Loubet.<\/strong><\/p>\n\n\n\n<p class=\"wp-block-paragraph\">El Rally de Europa Central contin\u00faa el viernes con seis etapas m\u00e1s, todas en Rep\u00fablica Checa. El rally tambi\u00e9n pasa por <strong>Austria<\/strong> y <strong>Alemania<\/strong>.<\/p>\n\n\n\n<p class=\"wp-block-paragraph\"><\/p>\n","protected":false},"excerpt":{"rendered":"<p>Thierry Neuville abri\u00f3 el Rally Centroeuropeo de Chequia en cabeza. Kalle Rovanper\u00e4, que podr\u00eda ganar el t\u00edtulo este fin de semana, llega al viernes en cuarta posici\u00f3n.<\/p>\n","protected":false},"author":0,"featured_media":1010221709,"comment_status":"closed","ping_status":"closed","sticky":false,"template":"","format":"standard","meta":{"42wp_featured_image_caption":"","42wp_featured_image_credits":"","42wp_featured_video":"","42wp_featured_image_hidden":false,"42wp_authors_list":[],"footnotes":""},"categories":[9],"tags":[2575,1488,8454,1226,5175],"42wp_author":[14239],"class_list":["post-16658","post","type-post","status-publish","format-standard","has-post-thumbnail","hentry","category-rally","tag-campeonato-mundial-de-rally","tag-grande-premio","tag-temporada-2023-wrc","tag-wrc","tag-wrc-2023","42wp_author-jp-otrosky"],"_links":{"self":[{"href":"https:\/\/grandepremio.com\/es\/wp-json\/wp\/v2\/posts\/16658","targetHints":{"allow":["GET"]}}],"collection":[{"href":"https:\/\/grandepremio.com\/es\/wp-json\/wp\/v2\/posts"}],"about":[{"href":"https:\/\/grandepremio.com\/es\/wp-json\/wp\/v2\/types\/post"}],"replies":[{"embeddable":true,"href":"https:\/\/grandepremio.com\/es\/wp-json\/wp\/v2\/comments?post=16658"}],"version-history":[{"count":0,"href":"https:\/\/grandepremio.com\/es\/wp-json\/wp\/v2\/posts\/16658\/revisions"}],"wp:featuredmedia":[{"embeddable":true,"href":"https:\/\/grandepremio.com\/es\/wp-json\/wp\/v2\/media\/1010221709"}],"wp:attachment":[{"href":"https:\/\/grandepremio.com\/es\/wp-json\/wp\/v2\/media?parent=16658"}],"wp:term":[{"taxonomy":"category","embeddable":true,"href":"https:\/\/grandepremio.com\/es\/wp-json\/wp\/v2\/categories?post=16658"},{"taxonomy":"post_tag","embeddable":true,"href":"https:\/\/grandepremio.com\/es\/wp-json\/wp\/v2\/tags?post=16658"},{"taxonomy":"42wp_author","embeddable":true,"href":"https:\/\/grandepremio.com\/es\/wp-json\/wp\/v2\/42wp_author?post=16658"}],"curies":[{"name":"wp","href":"https:\/\/api.w.org\/{rel}","templated":true}]}}