{"id":16689,"date":"2023-10-25T09:06:23","date_gmt":"2023-10-25T12:06:23","guid":{"rendered":"https:\/\/grandepremio.com\/es\/2023\/10\/25\/fia-gm-andretti-alianza-f1\/"},"modified":"2023-10-25T13:34:49","modified_gmt":"2023-10-25T16:34:49","slug":"fia-gm-andretti-alianza-f1","status":"publish","type":"post","link":"https:\/\/grandepremio.com\/es\/f1\/fia-gm-andretti-alianza-f1\/","title":{"rendered":"Equipos de F1 analizan asociaci\u00f3n con GM y descartan Andretti para 2025"},"content":{"rendered":"\n<p class=\"wp-block-paragraph\">La saga sobre el intento de\u00a0<strong>Andretti<\/strong>\u00a0de formar parte de la parrilla\u00a0de <strong>F\u00f3rmula 1<\/strong>\u00a0contin\u00faa y este martes se revel\u00f3 otro nuevo cap\u00edtulo.\u00a0Si bien los jefes de equipo niegan que exista alguna raz\u00f3n personal para bloquear la entrada de la marca estadounidense en la categor\u00eda, la agencia\u00a0<em>Associated\u00a0Press<\/em>\u00a0revel\u00f3 que\u00a0la F1\u00a0incluso analiz\u00f3 si\u00a0<strong>General Motors<\/strong>\u00a0estar\u00eda abierta a una asociaci\u00f3n con otro equipo que no sea el de\u00a0<strong>Michael\u00a0Andretti<\/strong>.<\/p>\n\n\n\n<p class=\"wp-block-paragraph\"><strong>\u00a1Conoce el canal de Grande Pr\u00eamio en Espa\u00f1ol en&nbsp;<\/strong><a href=\"https:\/\/www.youtube.com\/channel\/UCDxWojGVUi9gWYhrY0pGbIQ\" target=\"_blank\" rel=\"noreferrer noopener\"><strong>YouTube<\/strong><\/a><strong>!<\/strong><br><strong>\u00a1Sigue a Grande Pr\u00eamio en Espa\u00f1ol en&nbsp;<\/strong><a href=\"https:\/\/twitter.com\/grandepremioES\" target=\"_blank\" rel=\"noreferrer noopener\"><strong>Twitter&nbsp;<\/strong><\/a><strong>y en&nbsp;<\/strong><a href=\"https:\/\/www.instagram.com\/grandepremioes\/\" target=\"_blank\" rel=\"noreferrer noopener\"><strong>Instagram<\/strong><\/a><strong>!<\/strong><\/p>\n\n\n\n<p class=\"wp-block-paragraph\">La informaci\u00f3n proviene de agentes involucrados en la conversaci\u00f3n, luego de que se conociera que <strong>Andretti<\/strong> ya construy\u00f3 un coche para la<strong> F\u00f3rmula 1<\/strong> y planea realizar pruebas en el t\u00fanel de viento. Ante la pregunta sobre si el rechazo a <strong>Andretti<\/strong> se debe a un &#8220;asunto personal&#8221;, <strong>Mohammed Ben Sulayem<\/strong>, presidente de la <strong>FIA<\/strong>, declar\u00f3 que la cuesti\u00f3n central es el dinero.<\/p>\n\n\n\n<figure class=\"wp-block-embed is-type-video is-provider-youtube wp-block-embed-youtube wp-embed-aspect-16-9 wp-has-aspect-ratio\"><div class=\"wp-block-embed__wrapper\">\n<iframe loading=\"lazy\" title=\"\u00a1LAS 5 CLAVES DEL GRAN PREMIO DE ESTADOS UNIDOS DE F\u00d3RMULA 1!\" width=\"500\" height=\"281\" src=\"https:\/\/www.youtube.com\/embed\/kPspJ0CZx0A?feature=oembed\" frameborder=\"0\" allow=\"accelerometer; autoplay; clipboard-write; encrypted-media; gyroscope; picture-in-picture; web-share\" referrerpolicy=\"strict-origin-when-cross-origin\" allowfullscreen><\/iframe>\n<\/div><\/figure>\n\n\n\n<p class=\"wp-block-paragraph\">&#8220;Es sobre el dinero, es todo sobre el dinero&#8221;, afirm\u00f3 Ben Sulayem. &#8220;Eso es personal. No quieren compartir el dinero&#8221;, agreg\u00f3. Otros directores de equipo, como <strong>Guenther Steiner<\/strong> y <strong>Toto Wolff<\/strong>, negaron que el problema con <strong>Andretti<\/strong> sea personal. <strong>Wolff<\/strong>, de <strong>Mercedes<\/strong>, incluso dijo que no conoce a Michael personalmente.<\/p>\n\n\n\n<p class=\"wp-block-paragraph\">La <strong>FIA<\/strong> ha confirmado la aprobaci\u00f3n de la entrada de <strong>Andretti Global<\/strong> a la<strong> F\u00f3rmula 1<\/strong> a partir de 2025, pero ahora el conglomerado estadounidense debe abordar cuestiones comerciales y obtener la aprobaci\u00f3n de la Formula One Management (<strong>FOM<\/strong>) para oficializar su participaci\u00f3n.<\/p>\n\n\n\n<figure class=\"wp-block-image size-large\"><img decoding=\"async\" src=\"https:\/\/grandepremio.com\/es\/\/wp-content\/uploads\/2023\/09\/000_33MH7XX-1-1024x683.jpg\" alt=\"\" class=\"wp-image-203962\"\/><figcaption class=\"wp-element-caption\">Toto Wolff neg\u00f3 conocer a Andretti personalmente incluso. (Foto: AFP)<\/figcaption><\/figure>\n\n\n\n<p class=\"wp-block-paragraph\">La mayor\u00eda de los actuales equipos\u00a0de <strong>F\u00f3rmula 1 <\/strong>sin embargo, adoptaron discursos de rechazo ante la llegada de los estadounidenses.\u00a0Afirman que un nuevo miembro diluir\u00eda considerablemente los ingresos de los equipos, aunque el nuevo miembro tendr\u00eda que pagar una tarifa de al menos 100 millones de d\u00f3lares.<\/p>\n\n\n\n<p class=\"wp-block-paragraph\">Fundada en 2003 tras adquirir gran parte del Team Green, <strong>Andretti<\/strong> opera actualmente en ocho categor\u00edas: Indy,\u00a0F\u00f3rmula E\u00a0, IMSA, Extreme E, Indy NXT, V8 Supercars, Super2 y Super Cup.\u00a0El sue\u00f1o de entrar a la F1 es de larga data.\u00a0En 2021, el equipo solicit\u00f3 comprar <strong>Sauber<\/strong> [actualmente Alfa Romeo], sin embargo, el acuerdo termin\u00f3 colapsando en el \u00faltimo minuto.<\/p>\n","protected":false},"excerpt":{"rendered":"<p>La F\u00f3rmula 1 ha consultado a General Motors, socia de Andretti en su intento de ingresar a la categor\u00eda, sobre la posibilidad de asociarse con otro equipo actual en la parrilla. <\/p>\n","protected":false},"author":0,"featured_media":1010220770,"comment_status":"closed","ping_status":"closed","sticky":false,"template":"","format":"standard","meta":{"42wp_featured_image_caption":"","42wp_featured_image_credits":"","42wp_featured_video":"","42wp_featured_image_hidden":false,"42wp_authors_list":[],"footnotes":""},"categories":[5],"tags":[597,2263,181,1710,263,179,2236,920,569],"42wp_author":[14235],"class_list":["post-16689","post","type-post","status-publish","format-standard","has-post-thumbnail","hentry","category-f1","tag-andretti","tag-andretti-en-f1","tag-f1","tag-f1-2025","tag-fia","tag-formula-1","tag-grande-premio-2","tag-michael-andretti","tag-toto-wolff","42wp_author-barbara-mincioni"],"_links":{"self":[{"href":"https:\/\/grandepremio.com\/es\/wp-json\/wp\/v2\/posts\/16689","targetHints":{"allow":["GET"]}}],"collection":[{"href":"https:\/\/grandepremio.com\/es\/wp-json\/wp\/v2\/posts"}],"about":[{"href":"https:\/\/grandepremio.com\/es\/wp-json\/wp\/v2\/types\/post"}],"replies":[{"embeddable":true,"href":"https:\/\/grandepremio.com\/es\/wp-json\/wp\/v2\/comments?post=16689"}],"version-history":[{"count":0,"href":"https:\/\/grandepremio.com\/es\/wp-json\/wp\/v2\/posts\/16689\/revisions"}],"wp:featuredmedia":[{"embeddable":true,"href":"https:\/\/grandepremio.com\/es\/wp-json\/wp\/v2\/media\/1010220770"}],"wp:attachment":[{"href":"https:\/\/grandepremio.com\/es\/wp-json\/wp\/v2\/media?parent=16689"}],"wp:term":[{"taxonomy":"category","embeddable":true,"href":"https:\/\/grandepremio.com\/es\/wp-json\/wp\/v2\/categories?post=16689"},{"taxonomy":"post_tag","embeddable":true,"href":"https:\/\/grandepremio.com\/es\/wp-json\/wp\/v2\/tags?post=16689"},{"taxonomy":"42wp_author","embeddable":true,"href":"https:\/\/grandepremio.com\/es\/wp-json\/wp\/v2\/42wp_author?post=16689"}],"curies":[{"name":"wp","href":"https:\/\/api.w.org\/{rel}","templated":true}]}}