{"id":16695,"date":"2023-10-24T14:56:58","date_gmt":"2023-10-24T17:56:58","guid":{"rendered":"https:\/\/grandepremio.com\/es\/2023\/10\/24\/gabriele-mini-formula-3-test-postemporada-2023\/"},"modified":"2023-10-24T14:57:12","modified_gmt":"2023-10-24T17:57:12","slug":"gabriele-mini-formula-3-test-postemporada-2023","status":"publish","type":"post","link":"https:\/\/grandepremio.com\/es\/f3\/gabriele-mini-formula-3-test-postemporada-2023\/","title":{"rendered":"Min\u00ec repite liderato en entrenamientos de postemporada de F\u00f3rmula 3 en Imola"},"content":{"rendered":"\n<p class=\"wp-block-paragraph\">La <strong>F\u00f3rmula 3<\/strong> cerr\u00f3 su periodo de postemporada el martes (24) con el segundo d\u00eda de pruebas en <strong>Imola<\/strong>, y <strong>Gabriele Min\u00ec<\/strong>, de <strong>Prema<\/strong>, repiti\u00f3 su resultado del d\u00eda anterior al registrar el mejor tiempo de la sesi\u00f3n. El italiano se asegur\u00f3 la posici\u00f3n con una vuelta por la ma\u00f1ana, con 1min30s679, suficiente para situarse por delante de <strong>Mari Boya<\/strong>, de <strong>Campos<\/strong>.<\/p>\n\n\n\n<p class=\"wp-block-paragraph\">Una vez m\u00e1s, la categor\u00eda dividi\u00f3 la sesi\u00f3n en dos partes, una por la ma\u00f1ana y otra por la tarde. La segunda sesi\u00f3n tuvo incluso la pista mojada, lo que hizo subir los tiempos de todos los pilotos.<\/p>\n\n\n\n<p class=\"wp-block-paragraph\">Como resultado, todos los mejores tiempos se registraron en la primera parte del d\u00eda, y Min\u00ec encabez\u00f3 un pelot\u00f3n en el que tambi\u00e9n estaban Boya, <strong>Dino Beganovic, Nikola Tsolov, Gr\u00e9goire Saucy, Oliver Goethe, Leonardo Fornaroli, Sebasti\u00e1n Montoya, Arvid Lindblad <\/strong>y<strong> Alex Dunne<\/strong>, que complet\u00f3 el top-10.<\/p>\n\n\n\n<p class=\"wp-block-paragraph\"><strong>\u00a1Conoce el canal de Grande Pr\u00eamio en Espa\u00f1ol en\u00a0<\/strong><a href=\"https:\/\/www.youtube.com\/channel\/UCDxWojGVUi9gWYhrY0pGbIQ\" target=\"_blank\" rel=\"noreferrer noopener\"><strong>YouTube<\/strong><\/a><strong>!<\/strong><br><strong>\u00a1Sigue a Grande Pr\u00eamio en Espa\u00f1ol en\u00a0<\/strong><a href=\"https:\/\/twitter.com\/grandepremioES\" target=\"_blank\" rel=\"noreferrer noopener\"><strong>Twitter\u00a0<\/strong><\/a><strong>y en\u00a0<\/strong><a href=\"https:\/\/www.instagram.com\/grandepremioes\/\" target=\"_blank\" rel=\"noreferrer noopener\"><strong>Instagram<\/strong><\/a><strong>!<\/strong><\/p>\n\n\n\n<figure class=\"wp-block-image size-full\"><img decoding=\"async\" src=\"https:\/\/grandepremio.com\/es\/\/wp-content\/uploads\/2023\/10\/GettyImages-1754182602.jpg\" alt=\"\" class=\"wp-image-221488\"\/><figcaption class=\"wp-element-caption\">Alex Dunne lider\u00f3 la sesi\u00f3n de entrenamientos en la tarde (Foto: F3)<\/figcaption><\/figure>\n\n\n\n<p class=\"wp-block-paragraph\">Por la tarde, Dunne encabez\u00f3 la clasificaci\u00f3n con 1min39s730, relegando a <strong>Charlie Wurz<\/strong> al segundo puesto. Beganovic volvi\u00f3 a ser tercero, seguido de <strong>Min\u00ec<\/strong>, <strong>Max Esterson<\/strong>, <strong>Goethe<\/strong>, <strong>Fornaroli<\/strong>, <strong>Laurens van Hoepen, Boya <\/strong>y <strong>Tsolov.<\/strong><\/p>\n\n\n\n<p class=\"wp-block-paragraph\">En los instantes finales de la sesi\u00f3n, Tsolov vio c\u00f3mo su coche se calaba en la pista, lo que provoc\u00f3 la activaci\u00f3n de una bandera roja. Como consecuencia, los comisarios decidieron dar por concluida la sesi\u00f3n a falta de cinco minutos para el final.<\/p>\n\n\n\n<p class=\"has-medium-font-size wp-block-paragraph\"><strong>F\u00f3rmula 3 2023, Test de Postemporada (D\u00eda 2), Imola: <\/strong><\/p>\n\n\n\n<figure class=\"wp-block-table\"><table><tbody><tr><td>1<\/td><td>G MIN\u00cc<\/td><td>Prema<\/td><td>1:30.679<\/td><td>&nbsp;<\/td><\/tr><tr><td>2<\/td><td>M BOYA<\/td><td>Campos<\/td><td>1:30.706<\/td><td>+0.027<\/td><\/tr><tr><td>3<\/td><td>D BEGANOVIC<\/td><td>Prema<\/td><td>1:30.752<\/td><td>+0.073<\/td><\/tr><tr><td>4<\/td><td>N TSOLOV<\/td><td>ART<\/td><td>1:30.836<\/td><td>+0.157<\/td><\/tr><tr><td>5<\/td><td>G SAUCY<\/td><td>MP<\/td><td>1:30.926<\/td><td>+0.247<\/td><\/tr><tr><td>6<\/td><td>O GOETHE<\/td><td>Campos<\/td><td>1:30.937<\/td><td>+0.258<\/td><\/tr><tr><td>7<\/td><td>L FORNAROLI<\/td><td>Trident<\/td><td>1:30.985<\/td><td>+0.306<\/td><\/tr><tr><td>8<\/td><td>S MONTOYA<\/td><td>Campos<\/td><td>1:31.007<\/td><td>+0.328<\/td><\/tr><tr><td>9<\/td><td>A LINDBLAD<\/td><td>Prema<\/td><td>1:31.085<\/td><td>+0.406<\/td><\/tr><tr><td>10<\/td><td>A DUNNE<\/td><td>Hitech<\/td><td>1:31.091<\/td><td>+0.412<\/td><\/tr><tr><td>11<\/td><td>C WURZ<\/td><td>Jenzer<\/td><td>1:31.094<\/td><td>+0.415<\/td><\/tr><tr><td>12<\/td><td>K SZTUKA<\/td><td>MP<\/td><td>1:31.213<\/td><td>+0.534<\/td><\/tr><tr><td>13<\/td><td>T TRAMNITZ<\/td><td>MP<\/td><td>1:31.233<\/td><td>+0.554<\/td><\/tr><tr><td>14<\/td><td>M STENSHORNE<\/td><td>Hitech<\/td><td>1:31.450<\/td><td>+0.771<\/td><\/tr><tr><td>15<\/td><td>S RAMOS<\/td><td>Trident<\/td><td>1:31.564<\/td><td>+0.885<\/td><\/tr><tr><td>16<\/td><td>L VAN HOEPEN<\/td><td>ART<\/td><td>1:31.669<\/td><td>+0.990<\/td><\/tr><tr><td>17<\/td><td>T SMITH<\/td><td>Van Amersfoort<\/td><td>1:31.684<\/td><td>+1.005<\/td><\/tr><tr><td>18<\/td><td>M ESTERSON<\/td><td>Jenzer<\/td><td>1:31.695<\/td><td>+1.016<\/td><\/tr><tr><td>19<\/td><td>N LE\u00d3N<\/td><td>Van Amersfoort<\/td><td>1:31.756<\/td><td>+1.077<\/td><\/tr><tr><td>20<\/td><td>C MANSELL<\/td><td>ART<\/td><td>1:31.756<\/td><td>+1.077<\/td><\/tr><tr><td>21<\/td><td>S MEGUETOUNIF<\/td><td>Trident<\/td><td>1:31.768<\/td><td>+1.089<\/td><\/tr><tr><td>22<\/td><td>U UGOCHUKWU<\/td><td>Carlin<\/td><td>1:31.771<\/td><td>+1.092<\/td><\/tr><tr><td>23<\/td><td>M ZAGAZETA<\/td><td>Jenzer<\/td><td>1:31.884<\/td><td>+1.205<\/td><\/tr><tr><td>24<\/td><td>S FL\u00d6RSCH<\/td><td>Van Amersfoort<\/td><td>1:31.912<\/td><td>+1.233<\/td><\/tr><tr><td>25<\/td><td>C VOISIN<\/td><td>Carlin<\/td><td>1:32.105<\/td><td>+1.426<\/td><\/tr><tr><td>26<\/td><td>C SHIELDS<\/td><td>Hitech<\/td><td>1:32.117<\/td><td>+1.438<\/td><\/tr><tr><td>27<\/td><td>J DUFEK<\/td><td>PHM<\/td><td>1:32.180<\/td><td>+1.501<\/td><\/tr><tr><td>28<\/td><td>L SHARP<\/td><td>Carlin<\/td><td>1:32.331<\/td><td>+1.652<\/td><\/tr><tr><td>29<\/td><td>T INTHRAPHUVASAK<\/td><td>PHM<\/td><td>1:32.635<\/td><td>+1.956<\/td><\/tr><tr><td>30<\/td><td>J D\u00dcRKSEN<\/td><td>PHM<\/td><td>1:32.639<\/td><td>+1.960<\/td><\/tr><\/tbody><\/table><\/figure>\n","protected":false},"excerpt":{"rendered":"<p>En una sesi\u00f3n que termin\u00f3 con bandera roja, Gabriele Min\u00ec repiti\u00f3 el resultado del d\u00eda anterior y termin\u00f3 el periodo de pruebas de postemporada de la F\u00f3rmula 3 con el liderato en Imola.<\/p>\n","protected":false},"author":0,"featured_media":1010221489,"comment_status":"closed","ping_status":"closed","sticky":false,"template":"","format":"standard","meta":{"42wp_featured_image_caption":"","42wp_featured_image_credits":"","42wp_featured_video":"","42wp_featured_image_hidden":false,"42wp_authors_list":[],"footnotes":""},"categories":[4],"tags":[1128,3657,1488,4624],"42wp_author":[14239],"class_list":["post-16695","post","type-post","status-publish","format-standard","has-post-thumbnail","hentry","category-f3","tag-formula-3","tag-formula-3-2023","tag-grande-premio","tag-temporada-2023-f3","42wp_author-jp-otrosky"],"_links":{"self":[{"href":"https:\/\/grandepremio.com\/es\/wp-json\/wp\/v2\/posts\/16695","targetHints":{"allow":["GET"]}}],"collection":[{"href":"https:\/\/grandepremio.com\/es\/wp-json\/wp\/v2\/posts"}],"about":[{"href":"https:\/\/grandepremio.com\/es\/wp-json\/wp\/v2\/types\/post"}],"replies":[{"embeddable":true,"href":"https:\/\/grandepremio.com\/es\/wp-json\/wp\/v2\/comments?post=16695"}],"version-history":[{"count":0,"href":"https:\/\/grandepremio.com\/es\/wp-json\/wp\/v2\/posts\/16695\/revisions"}],"wp:featuredmedia":[{"embeddable":true,"href":"https:\/\/grandepremio.com\/es\/wp-json\/wp\/v2\/media\/1010221489"}],"wp:attachment":[{"href":"https:\/\/grandepremio.com\/es\/wp-json\/wp\/v2\/media?parent=16695"}],"wp:term":[{"taxonomy":"category","embeddable":true,"href":"https:\/\/grandepremio.com\/es\/wp-json\/wp\/v2\/categories?post=16695"},{"taxonomy":"post_tag","embeddable":true,"href":"https:\/\/grandepremio.com\/es\/wp-json\/wp\/v2\/tags?post=16695"},{"taxonomy":"42wp_author","embeddable":true,"href":"https:\/\/grandepremio.com\/es\/wp-json\/wp\/v2\/42wp_author?post=16695"}],"curies":[{"name":"wp","href":"https:\/\/api.w.org\/{rel}","templated":true}]}}