{"id":16744,"date":"2023-10-21T22:58:35","date_gmt":"2023-10-22T01:58:35","guid":{"rendered":"https:\/\/grandepremio.com\/es\/2023\/10\/21\/motogp-philip-island-sprint-suspendido\/"},"modified":"2023-10-21T22:58:47","modified_gmt":"2023-10-22T01:58:47","slug":"motogp-philip-island-sprint-suspendido","status":"publish","type":"post","link":"https:\/\/grandepremio.com\/es\/motogp\/motogp-philip-island-sprint-suspendido\/","title":{"rendered":"MotoGP cancela carrera sprint en Australia por medidas de seguridad"},"content":{"rendered":"\n<p class=\"wp-block-paragraph\">El mal clima en<strong> Phillip Island<\/strong> provoc\u00f3 la <strong>cancelaci\u00f3n de la carrera sprint del GP de Australia<\/strong>. La carrera corta hab\u00eda sido trasladada para este domingo por la previsi\u00f3n de vientos muy fuertes.<\/p>\n\n\n\n<p class=\"wp-block-paragraph\"><strong>\u00a1Conoce el canal de Grande Pr\u00eamio en Espa\u00f1ol en&nbsp;<\/strong><a href=\"https:\/\/www.youtube.com\/channel\/UCDxWojGVUi9gWYhrY0pGbIQ\" target=\"_blank\" rel=\"noreferrer noopener\"><strong>YouTube<\/strong><\/a><strong>!<\/strong><br><strong>\u00a1Sigue a Grande Pr\u00eamio en Espa\u00f1ol en&nbsp;<\/strong><a href=\"https:\/\/twitter.com\/grandepremioES\" target=\"_blank\" rel=\"noreferrer noopener\"><strong>Twitter&nbsp;<\/strong><\/a><strong>y en&nbsp;<\/strong><a href=\"https:\/\/www.instagram.com\/grandepremioes\/\" target=\"_blank\" rel=\"noreferrer noopener\"><strong>Instagram<\/strong><\/a><strong>!<\/strong><\/p>\n\n\n\n<p class=\"wp-block-paragraph\">Temiendo por la condici\u00f3n de los vientos previstos para este domingo, el <strong>Mundial de Motociclismo <\/strong>dio marcha atr\u00e1s, reprogramando el GP completo al s\u00e1bado y dejando para el domingo la carrera sprint , disput\u00e1ndose la carrera en funci\u00f3n de las condiciones meteorol\u00f3gicas.<\/p>\n\n\n\n<figure class=\"wp-block-image size-large\"><img decoding=\"async\" src=\"https:\/\/grandepremio.com\/es\/\/wp-content\/uploads\/2023\/10\/australia-chuva-motogp-1024x600.jpg\" alt=\"\" class=\"wp-image-221096\"\/><figcaption class=\"wp-element-caption\">Las condiciones clim\u00e1ticas obligaron a replantear la actividad del Moto GP en Australia (Foto: Reproducci\u00f3n)<\/figcaption><\/figure>\n\n\n\n<p class=\"wp-block-paragraph\">Y el fuerte viento previsto se hizo presente, acompa\u00f1ado de lluvia y fr\u00edo. La carrera de <strong>Moto3<\/strong> se disput\u00f3 en condiciones muy peligrosas, pero se pudo finalizar. En cuanto a la <strong>Moto2<\/strong> pas\u00f3 todo lo contrario y se vio interrumpida antes con s\u00f3lo la mitad de los puntos repartidos ya que los pilotos no alcanzaron la mitad de la distancia estimada.<\/p>\n\n\n\n<p class=\"wp-block-paragraph\">Cuando empez\u00f3 el calentamiento del <strong>MotoGP<\/strong> las condiciones clim\u00e1ticas ya eran otras. La lluvia hab\u00eda cesado pero el fr\u00edo persist\u00eda, con los term\u00f3metros marcando 13\u00b0C y el asfalto alcanzando los 15\u00b0C. La velocidad del viento hab\u00eda aumentado a 42 km\/h.<\/p>\n\n\n\n<p class=\"wp-block-paragraph\">Con este escenario, los jefes de equipo se reunieron con la direcci\u00f3n de carrera para discutir la realizaci\u00f3n o no de la sprint. En declaraciones a la retransmisi\u00f3n oficial de <strong>MotoGP<\/strong>, <strong>Davide Tardozzi<\/strong>, jefe de <strong>Ducati<\/strong> evalu\u00f3 que era \u201cmuy peligroso\u201d y asegur\u00f3 que seg\u00fan su parecer, la carrera no deb\u00eda celebrarse.<\/p>\n\n\n\n<p class=\"wp-block-paragraph\">El <strong>MotoGP<\/strong> vuelve a las pistas la pr\u00f3xima semana, entre el 27 y el 29 de noviembre, para el<strong> GP de Tailandia<\/strong> en el circuito de <strong>Chang<\/strong>. <strong>GRANDE PR\u00caMIO<\/strong> ofrece una cobertura completa de la prueba, as\u00ed como de las dem\u00e1s categor\u00edas del <strong>Campeonato del Mundo de Motociclismo<\/strong>.<\/p>\n","protected":false},"excerpt":{"rendered":"<p>Tras una reuni\u00f3n entre los jefes de equipo, MotoGP anunci\u00f3 la cancelaci\u00f3n de la carrera sprint en Phillip Island. Dirigentes consideraron que era muy peligroso continuar con la competencia.<\/p>\n","protected":false},"author":0,"featured_media":1010220552,"comment_status":"closed","ping_status":"closed","sticky":false,"template":"","format":"standard","meta":{"42wp_featured_image_caption":"","42wp_featured_image_credits":"","42wp_featured_video":"","42wp_featured_image_hidden":false,"42wp_authors_list":[],"footnotes":""},"categories":[8],"tags":[675,7112,1551,3460,6328,9267,8587,1304,4658],"42wp_author":[14235],"class_list":["post-16744","post","type-post","status-publish","format-standard","has-post-thumbnail","hentry","category-motogp","tag-australia","tag-calendario-2023-motogp","tag-calendario-motogp","tag-calendario-motogp-2023","tag-carrara-sprint-motogp","tag-corrida-sprint-motogp","tag-grandepremio-moto-gp","tag-moto-gp","tag-moto-gp-2023","42wp_author-barbara-mincioni"],"_links":{"self":[{"href":"https:\/\/grandepremio.com\/es\/wp-json\/wp\/v2\/posts\/16744","targetHints":{"allow":["GET"]}}],"collection":[{"href":"https:\/\/grandepremio.com\/es\/wp-json\/wp\/v2\/posts"}],"about":[{"href":"https:\/\/grandepremio.com\/es\/wp-json\/wp\/v2\/types\/post"}],"replies":[{"embeddable":true,"href":"https:\/\/grandepremio.com\/es\/wp-json\/wp\/v2\/comments?post=16744"}],"version-history":[{"count":0,"href":"https:\/\/grandepremio.com\/es\/wp-json\/wp\/v2\/posts\/16744\/revisions"}],"wp:featuredmedia":[{"embeddable":true,"href":"https:\/\/grandepremio.com\/es\/wp-json\/wp\/v2\/media\/1010220552"}],"wp:attachment":[{"href":"https:\/\/grandepremio.com\/es\/wp-json\/wp\/v2\/media?parent=16744"}],"wp:term":[{"taxonomy":"category","embeddable":true,"href":"https:\/\/grandepremio.com\/es\/wp-json\/wp\/v2\/categories?post=16744"},{"taxonomy":"post_tag","embeddable":true,"href":"https:\/\/grandepremio.com\/es\/wp-json\/wp\/v2\/tags?post=16744"},{"taxonomy":"42wp_author","embeddable":true,"href":"https:\/\/grandepremio.com\/es\/wp-json\/wp\/v2\/42wp_author?post=16744"}],"curies":[{"name":"wp","href":"https:\/\/api.w.org\/{rel}","templated":true}]}}