{"id":16769,"date":"2023-10-20T23:39:42","date_gmt":"2023-10-21T02:39:42","guid":{"rendered":"https:\/\/grandepremio.com\/es\/2023\/10\/20\/mclaren-qualy-austin-f1\/"},"modified":"2023-10-20T23:39:50","modified_gmt":"2023-10-21T02:39:50","slug":"mclaren-qualy-austin-f1","status":"publish","type":"post","link":"https:\/\/grandepremio.com\/es\/f1\/mclaren-qualy-austin-f1\/","title":{"rendered":"McLaren evidencia \u201critmo prometedor\u201d y celebra 2\u00ba puesto de Norris en clasificaci\u00f3n"},"content":{"rendered":"\n<p class=\"wp-block-paragraph\"><strong>McLaren<\/strong> pas\u00f3 gran parte del tiempo corriendo a un ritmo inferior al esperado en la clasificaci\u00f3n para el <strong>GP de Estados Unidos<\/strong>, celebrada este viernes, pero logr\u00f3 recuperar el ritmo necesario en la parte final de la actividad, al menos con uno de sus autos. Aunque <strong>Oscar Piastri<\/strong> no pudo pasar del d\u00e9cimo puesto, <strong>Lando Norris<\/strong> qued\u00f3 segundo y recibi\u00f3 elogios por parte del jefe del equipo,<strong> Andrea Stella<\/strong>. <\/p>\n\n\n\n<p class=\"wp-block-paragraph\"><strong>\u00a1Conoce el canal de Grande Pr\u00eamio en Espa\u00f1ol en&nbsp;<\/strong><a href=\"https:\/\/www.youtube.com\/channel\/UCDxWojGVUi9gWYhrY0pGbIQ\" target=\"_blank\" rel=\"noreferrer noopener\"><strong>YouTube<\/strong><\/a><strong>!<\/strong><br><strong>\u00a1Sigue a Grande Pr\u00eamio en Espa\u00f1ol en&nbsp;<\/strong><a href=\"https:\/\/twitter.com\/grandepremioES\" target=\"_blank\" rel=\"noreferrer noopener\"><strong>Twitter&nbsp;<\/strong><\/a><strong>y en&nbsp;<\/strong><a href=\"https:\/\/www.instagram.com\/grandepremioes\/\" target=\"_blank\" rel=\"noreferrer noopener\"><strong>Instagram<\/strong><\/a><strong>!<\/strong><\/p>\n\n\n\n<p class=\"wp-block-paragraph\">&#8220;En general, estamos contentos con el potencial del coche en una pista que esper\u00e1bamos que fuera menos adaptable que las \u00faltimas etapas&#8221;, dijo. \u201cLando [Norris] asegur\u00f3 la primera fila e hizo un gran trabajo. Le cost\u00f3 un poco repetir el ritmo de la <strong>Q1<\/strong>, pero todo volvi\u00f3 cuando importaba, en la <strong>Q3<\/strong>\u201d, destac\u00f3.<\/p>\n\n\n\n<figure class=\"wp-block-image size-large\"><img decoding=\"async\" src=\"https:\/\/grandepremio.com\/es\/\/wp-content\/uploads\/2023\/10\/estados-unidos-2023-f1-classificacao-mclaren-lando-norris-04-1024x683.jpg\" alt=\"\" class=\"wp-image-220913\"\/><figcaption class=\"wp-element-caption\">Norris largar\u00e1 segundo este domingo en Austin (Foto: AFP)<\/figcaption><\/figure>\n\n\n\n<p class=\"wp-block-paragraph\">\u201cPara Oscar [Piastri], el tiempo de vuelta en la Q3 baj\u00f3 debido a un trompo a la salida de la curva 11, que sobrecalent\u00f3 los neum\u00e1ticos y comprometi\u00f3 completamente el resto de la vuelta\u201d, lament\u00f3.<\/p>\n\n\n\n<p class=\"wp-block-paragraph\">Seg\u00fan <strong>Stella<\/strong>, el<strong> Circuito de las Am\u00e9ricas <\/strong>present\u00f3 condiciones complicadas por el calor y el desgaste de los neum\u00e1ticos. Adem\u00e1s, los pilotos tuvieron que preocuparse una vez m\u00e1s por los l\u00edmites de la pista, lo que incluso provoc\u00f3 la exclusi\u00f3n de la vuelta de <strong>Max Verstappen<\/strong> en la <strong>Q3<\/strong>, lo que le habr\u00eda dado la pole.<\/p>\n\n\n\n<p class=\"wp-block-paragraph\">\u201cComo siempre aqu\u00ed en <strong>Austin<\/strong>, hoy tuvimos condiciones dif\u00edciles\u201d, dijo <strong>Stella<\/strong>.\u00a0\u201cLa pista estaba caliente y los neum\u00e1ticos blandos s\u00f3lo sirven para una vuelta.\u00a0Por lo tanto, los pilotos ten\u00edan que aprovechar sus vueltas r\u00e1pidas\u201d, explic\u00f3.<\/p>\n\n\n\n<p class=\"wp-block-paragraph\">\u201cS\u00famale a eso el reto que supone sortear los l\u00edmites de la pista y el resultado es una sesi\u00f3n muy complicada\u201d, admiti\u00f3. A pesar de los problemas, <strong>Stella<\/strong> sigue confiando en el ritmo del coche y cree que tanto <strong>Norris<\/strong> como <strong>Piastri<\/strong> pueden lograr un buen resultado en la carrera principal del domingo.<\/p>\n\n\n\n<figure class=\"wp-block-embed is-type-video is-provider-youtube wp-block-embed-youtube wp-embed-aspect-16-9 wp-has-aspect-ratio\"><div class=\"wp-block-embed__wrapper\">\n<iframe loading=\"lazy\" title=\"P\u00c9REZ SE JUEGA TODO EN LA BATALLA POR EL SUBCAMPEONATO DE F1\" width=\"500\" height=\"281\" src=\"https:\/\/www.youtube.com\/embed\/UMeUdntXEB0?feature=oembed\" frameborder=\"0\" allow=\"accelerometer; autoplay; clipboard-write; encrypted-media; gyroscope; picture-in-picture; web-share\" referrerpolicy=\"strict-origin-when-cross-origin\" allowfullscreen><\/iframe>\n<\/div><\/figure>\n\n\n\n<p class=\"wp-block-paragraph\">\u201cEstamos en condiciones de sumar buenos puntos el domingo, nuestro objetivo para este fin de semana.\u00a0Tambi\u00e9n tenemos por delante toda la sprint del s\u00e1bado y un coche con un ritmo prometedor.\u00a0Tomemos lo que aprendimos hoy e intentemos llevar esta buena etapa a ma\u00f1ana\u201d, concluy\u00f3.<\/p>\n\n\n\n<p class=\"wp-block-paragraph\">GRANDE&nbsp;<strong>PR\u00caMIO<\/strong>&nbsp;sigue&nbsp;<strong>EN<\/strong>&nbsp;<strong>VIVO<\/strong>&nbsp;y&nbsp;<strong>EN<\/strong>&nbsp;<strong>TIEMPO<\/strong>&nbsp;<strong>REAL<\/strong>&nbsp;todas las actividades del&nbsp;<strong>Gran Premio de los Estados Unidos<\/strong>&nbsp;de&nbsp;<strong><a href=\"https:\/\/grandepremio.com\/es\/\/f1\/\" target=\"_blank\" rel=\"noreferrer noopener\">F\u00f3rmula 1<\/a><\/strong>. El s\u00e1bado, la clasificaci\u00f3n sprint se llevar\u00e1 a cabo a las 14:30 (GMT-3), con la salida de la carrera corta a las 19:00.<\/p>\n\n\n\n<p class=\"wp-block-paragraph\"> <\/p>\n","protected":false},"excerpt":{"rendered":"<p>Andrea Stella, jefe de McLaren se mostr\u00f3 satisfecho con el resultado de Lando Norris en la clasificaci\u00f3n del GP de Estados Unidos y mostr\u00f3 confianza en el ritmo del coche ingl\u00e9s para la carrera.<\/p>\n","protected":false},"author":0,"featured_media":1000742481,"comment_status":"closed","ping_status":"closed","sticky":false,"template":"","format":"standard","meta":{"42wp_featured_image_caption":"","42wp_featured_image_credits":"","42wp_featured_video":"","42wp_featured_image_hidden":false,"42wp_authors_list":[],"footnotes":""},"categories":[5],"tags":[4497,5619,181,1676,179,1488,269,5646],"42wp_author":[14235],"class_list":["post-16769","post","type-post","status-publish","format-standard","has-post-thumbnail","hentry","category-f1","tag-andrea-stella","tag-carro-mclaren-2023","tag-f1","tag-f1-2023","tag-formula-1","tag-grande-premio","tag-mclaren","tag-mclaren-2023","42wp_author-barbara-mincioni"],"_links":{"self":[{"href":"https:\/\/grandepremio.com\/es\/wp-json\/wp\/v2\/posts\/16769","targetHints":{"allow":["GET"]}}],"collection":[{"href":"https:\/\/grandepremio.com\/es\/wp-json\/wp\/v2\/posts"}],"about":[{"href":"https:\/\/grandepremio.com\/es\/wp-json\/wp\/v2\/types\/post"}],"replies":[{"embeddable":true,"href":"https:\/\/grandepremio.com\/es\/wp-json\/wp\/v2\/comments?post=16769"}],"version-history":[{"count":0,"href":"https:\/\/grandepremio.com\/es\/wp-json\/wp\/v2\/posts\/16769\/revisions"}],"wp:featuredmedia":[{"embeddable":true,"href":"https:\/\/grandepremio.com\/es\/wp-json\/wp\/v2\/media\/1000742481"}],"wp:attachment":[{"href":"https:\/\/grandepremio.com\/es\/wp-json\/wp\/v2\/media?parent=16769"}],"wp:term":[{"taxonomy":"category","embeddable":true,"href":"https:\/\/grandepremio.com\/es\/wp-json\/wp\/v2\/categories?post=16769"},{"taxonomy":"post_tag","embeddable":true,"href":"https:\/\/grandepremio.com\/es\/wp-json\/wp\/v2\/tags?post=16769"},{"taxonomy":"42wp_author","embeddable":true,"href":"https:\/\/grandepremio.com\/es\/wp-json\/wp\/v2\/42wp_author?post=16769"}],"curies":[{"name":"wp","href":"https:\/\/api.w.org\/{rel}","templated":true}]}}